{"id":16866,"date":"2018-03-11T23:50:49","date_gmt":"2018-03-11T22:50:49","guid":{"rendered":"http:\/\/www.tvbolligen.ch\/site\/?p=16866"},"modified":"2018-08-12T20:56:59","modified_gmt":"2018-08-12T19:56:59","slug":"regionalfinal-ubs-kids-cup-in-lyss-11-03-2018","status":"publish","type":"post","link":"https:\/\/www.tvbolligen.ch\/site\/regionalfinal-ubs-kids-cup-in-lyss-11-03-2018\/","title":{"rendered":"Regionalfinal UBS Kids Cup in Lyss, 11.03.2018"},"content":{"rendered":"<p>Am Sonntagmorgen fuhren gleich drei Teams des TV Bolligen an den UBS Kids Cup Regionalfinal in Lyss. Da sich in der Vorausscheidung einige Athleten doppelt qualifiziert haben und leider noch Athleten ausgefallen sind, mussten noch Ersatzathleten starten. Trotzdem traten die Bolliger Athleten mit einer super Stimmung zum Wettkampf an.<\/p>\n<p>Das U16 Knabenteam startete den Wettkampf mit dem Stabweitsprung. Quirin Siegrist, David Janggen, Joel Renggli, Fynn Fl\u00fcckiger und Janis Bill zeigten alle in ihrem ersten Sprung bereit eine top Leistung. Janis verpasste im zweiten Sprung leider sehr knapp die H\u00f6chstpunktzahl. Im Stabweitsprung erreichte das Bolliger Team somit gute 19 Punkte. Als n\u00e4chstes starteten die Jungs im Risikosprint. Auch hier rannten sie schnell und sicherten sich im ersten Lauf wichtige Punkte. Im zweiten Durchgang hatten sie leider etwas Pech und vermochten sich knapp nicht mehr zu steigern. Auch im Biathlon war das Gl\u00fcck nicht auf ihrer Seite. Die B\u00e4lle flogen immer nur knapp an den H\u00fctchen vorbei und somit konnten sie leider keinen Platz gutmachen. Im Teamcross packte das U16 Knabenteam noch einmal die gesamten Energiereserven aus. Mit einem Blitzstart sicherte sich Quirin eine gute Position im Feld. Die Bolliger liefen schnell und konnten ihre Position sichern. Fynn zeigte gute \u00dcberholman\u00f6ver und Janis sprintete mit einem hervorragenden Endspurt als vierter L\u00e4ufer ins Ziel. Dank den guten Leistungen konnte sich das U16 Knabenteam \u00fcber einen sehr guten 5. Rang am Regionalfinal freuen.<\/p>\n<p>Das U16 Mixed Team startete ebenfalls mit dem Stabweitsprung in den Wettkampf. Leider war das Gl\u00fcck nicht auf ihrer Seite und sie erreichten dreimal die n\u00e4chsth\u00f6here Nummer wegen wenigen Millimeter nicht. Die Leistung war jedoch sehr gut und das Team von Sascha Ehrsam, Aymen Hamouda, Rion Surdulli, Alina Kropf und Kim Sp\u00e4hni sicherte sich 10 Punkte. Hier noch anzumerken ist, dass einige diese Disziplin nur 1-2x \u00fcben konnten. Auch im Risikosprint hatte das U16 Mixed Team nicht viel Gl\u00fcck. Trotz guten Starts konnte im zweiten Durchgang knapp keine Steigerung erreicht werden. Im Biathlon traf das Mixedteam daf\u00fcr umso besser. Am Ende standen nur noch wenige Kegel oben und so konnten sie einen Rangplatz aufsteigen. Der Teamcross erforderte noch die letzten Energiereserven und auch hier rannte das Mixed Team gut. Das n\u00e4chste Team blieb jedoch unerreichbar und somit klassierte sich das U16 Mixed Team des TV Bolligen auf dem 11. Schlussrang.<\/p>\n<p>Das j\u00fcngste TV Bolligen Team startete mit der H\u00fcrdenstafette in den Wettkampf. Felix Fritschi, Julian Feuz, Joel M\u00fcller, Tim Theiler und Levin Zwahlen liefen schnell \u00fcber die H\u00fcrden, mussten aber eine Strafsekunden in Kauf nehmen, da sie eine H\u00fcrde herunterschlugen. Sie erreichten dennoch die viertschnellste Zeit. In der Mehrfachsprungchallenge zeigte das Bolliger Team ihr K\u00f6nnen. Mit hervorragenden 25 Punkten klassierten sie sich auch in dieser Disziplin auf dem vierten Rang. Im Biathlon liefen sie sehr viele Runden und trafen die H\u00fctchen so gut, dass sie sich in dieser Disziplin den zweiten Platz sicherten und somit einige Rangpl\u00e4tze gut machen konnten. Im Teamcross gelang Felix ein Blitzstart und er setzte sich gleich an die Spitze des Feldes. Auch die anderen vier Jungs zeigten ein hervorragendes Rennen, jedoch mussten sie zwei Pl\u00e4tze abgeben. Levin rannte als dritter Schlussl\u00e4ufer ins Ziel. Dank den exzellenten Leistungen konnte sich das U14 Knabenteam am Regionalfinal in Lyss \u00fcber die Bronzemedaille freuen. Wir gratulieren euch zum dritten Platz.<\/p>\n<p>Es war ein super Tag mit cooler Stimmung und viel Emotionen. Es war genial mit so vielen Teams an einem Regionalfinal zu starten. Ihr wart alle grossartig!<\/p>\n<p>Wir sind stolz auf euch, Sim\u00e4 und Gregu<\/p>\n<p>&nbsp;<\/p>\n","protected":false},"excerpt":{"rendered":"<p>Am Sonntagmorgen fuhren gleich drei Teams des TV Bolligen an den UBS Kids Cup Regionalfinal in Lyss. Da sich in der Vorausscheidung einige Athleten doppelt qualifiziert haben und leider noch Athleten ausgefallen sind, mussten noch Ersatzathleten starten. Trotzdem traten die Bolliger Athleten mit einer super Stimmung zum Wettkampf an. Das U16 Knabenteam startete den Wettkampf [&hellip;]<\/p>\n","protected":false},"author":4,"featured_media":16867,"comment_status":"closed","ping_status":"closed","sticky":false,"template":"","format":"standard","meta":{"_et_pb_use_builder":"","_et_pb_old_content":"","_et_gb_content_width":"","ngg_post_thumbnail":0,"jetpack_post_was_ever_published":false,"_jetpack_newsletter_access":"","_jetpack_dont_email_post_to_subs":false,"_jetpack_newsletter_tier_id":0,"_jetpack_memberships_contains_paywalled_content":false,"_jetpack_memberships_contains_paid_content":false,"footnotes":"","jetpack_publicize_message":"","jetpack_publicize_feature_enabled":true,"jetpack_social_post_already_shared":true,"jetpack_social_options":{"image_generator_settings":{"template":"highway","enabled":false},"version":2}},"categories":[12],"tags":[],"class_list":["post-16866","post","type-post","status-publish","format-standard","has-post-thumbnail","hentry","category-la"],"yoast_head":"<!-- This site is optimized with the Yoast SEO plugin v25.1 - https:\/\/yoast.com\/wordpress\/plugins\/seo\/ -->\n<title>Regionalfinal UBS Kids Cup in Lyss, 11.03.2018 - Turnverein Bolligen<\/title>\n<meta name=\"robots\" content=\"index, follow, max-snippet:-1, max-image-preview:large, max-video-preview:-1\" \/>\n<link rel=\"canonical\" href=\"https:\/\/www.tvbolligen.ch\/site\/regionalfinal-ubs-kids-cup-in-lyss-11-03-2018\/\" \/>\n<meta property=\"og:locale\" content=\"de_DE\" \/>\n<meta property=\"og:type\" content=\"article\" \/>\n<meta property=\"og:title\" content=\"Regionalfinal UBS Kids Cup in Lyss, 11.03.2018 - Turnverein Bolligen\" \/>\n<meta property=\"og:description\" content=\"Am Sonntagmorgen fuhren gleich drei Teams des TV Bolligen an den UBS Kids Cup Regionalfinal in Lyss. Da sich in der Vorausscheidung einige Athleten doppelt qualifiziert haben und leider noch Athleten ausgefallen sind, mussten noch Ersatzathleten starten. Trotzdem traten die Bolliger Athleten mit einer super Stimmung zum Wettkampf an. Das U16 Knabenteam startete den Wettkampf [&hellip;]\" \/>\n<meta property=\"og:url\" content=\"https:\/\/www.tvbolligen.ch\/site\/regionalfinal-ubs-kids-cup-in-lyss-11-03-2018\/\" \/>\n<meta property=\"og:site_name\" content=\"Turnverein Bolligen\" \/>\n<meta property=\"article:published_time\" content=\"2018-03-11T22:50:49+00:00\" \/>\n<meta property=\"article:modified_time\" content=\"2018-08-12T19:56:59+00:00\" \/>\n<meta property=\"og:image\" content=\"https:\/\/i0.wp.com\/www.tvbolligen.ch\/site\/wp-content\/uploads\/PEHS7448.jpg?fit=1600%2C1200&ssl=1\" \/>\n\t<meta property=\"og:image:width\" content=\"1600\" \/>\n\t<meta property=\"og:image:height\" content=\"1200\" \/>\n\t<meta property=\"og:image:type\" content=\"image\/jpeg\" \/>\n<meta name=\"author\" content=\"Simone Rohrer\" \/>\n<meta name=\"twitter:card\" content=\"summary_large_image\" \/>\n<meta name=\"twitter:label1\" content=\"Verfasst von\" \/>\n\t<meta name=\"twitter:data1\" content=\"Simone Rohrer\" \/>\n\t<meta name=\"twitter:label2\" content=\"Gesch\u00e4tzte Lesezeit\" \/>\n\t<meta name=\"twitter:data2\" content=\"3\u00a0Minuten\" \/>\n<script type=\"application\/ld+json\" class=\"yoast-schema-graph\">{\"@context\":\"https:\/\/schema.org\",\"@graph\":[{\"@type\":\"Article\",\"@id\":\"https:\/\/www.tvbolligen.ch\/site\/regionalfinal-ubs-kids-cup-in-lyss-11-03-2018\/#article\",\"isPartOf\":{\"@id\":\"https:\/\/www.tvbolligen.ch\/site\/regionalfinal-ubs-kids-cup-in-lyss-11-03-2018\/\"},\"author\":{\"name\":\"Simone Rohrer\",\"@id\":\"https:\/\/www.tvbolligen.ch\/site\/#\/schema\/person\/274aace6a6522a6c3cbc065d5e2966d7\"},\"headline\":\"Regionalfinal UBS Kids Cup in Lyss, 11.03.2018\",\"datePublished\":\"2018-03-11T22:50:49+00:00\",\"dateModified\":\"2018-08-12T19:56:59+00:00\",\"mainEntityOfPage\":{\"@id\":\"https:\/\/www.tvbolligen.ch\/site\/regionalfinal-ubs-kids-cup-in-lyss-11-03-2018\/\"},\"wordCount\":603,\"publisher\":{\"@id\":\"https:\/\/www.tvbolligen.ch\/site\/#organization\"},\"image\":{\"@id\":\"https:\/\/www.tvbolligen.ch\/site\/regionalfinal-ubs-kids-cup-in-lyss-11-03-2018\/#primaryimage\"},\"thumbnailUrl\":\"https:\/\/i0.wp.com\/www.tvbolligen.ch\/site\/wp-content\/uploads\/PEHS7448.jpg?fit=1600%2C1200&ssl=1\",\"articleSection\":[\"LA\"],\"inLanguage\":\"de\"},{\"@type\":\"WebPage\",\"@id\":\"https:\/\/www.tvbolligen.ch\/site\/regionalfinal-ubs-kids-cup-in-lyss-11-03-2018\/\",\"url\":\"https:\/\/www.tvbolligen.ch\/site\/regionalfinal-ubs-kids-cup-in-lyss-11-03-2018\/\",\"name\":\"Regionalfinal UBS Kids Cup in Lyss, 11.03.2018 - Turnverein Bolligen\",\"isPartOf\":{\"@id\":\"https:\/\/www.tvbolligen.ch\/site\/#website\"},\"primaryImageOfPage\":{\"@id\":\"https:\/\/www.tvbolligen.ch\/site\/regionalfinal-ubs-kids-cup-in-lyss-11-03-2018\/#primaryimage\"},\"image\":{\"@id\":\"https:\/\/www.tvbolligen.ch\/site\/regionalfinal-ubs-kids-cup-in-lyss-11-03-2018\/#primaryimage\"},\"thumbnailUrl\":\"https:\/\/i0.wp.com\/www.tvbolligen.ch\/site\/wp-content\/uploads\/PEHS7448.jpg?fit=1600%2C1200&ssl=1\",\"datePublished\":\"2018-03-11T22:50:49+00:00\",\"dateModified\":\"2018-08-12T19:56:59+00:00\",\"breadcrumb\":{\"@id\":\"https:\/\/www.tvbolligen.ch\/site\/regionalfinal-ubs-kids-cup-in-lyss-11-03-2018\/#breadcrumb\"},\"inLanguage\":\"de\",\"potentialAction\":[{\"@type\":\"ReadAction\",\"target\":[\"https:\/\/www.tvbolligen.ch\/site\/regionalfinal-ubs-kids-cup-in-lyss-11-03-2018\/\"]}]},{\"@type\":\"ImageObject\",\"inLanguage\":\"de\",\"@id\":\"https:\/\/www.tvbolligen.ch\/site\/regionalfinal-ubs-kids-cup-in-lyss-11-03-2018\/#primaryimage\",\"url\":\"https:\/\/i0.wp.com\/www.tvbolligen.ch\/site\/wp-content\/uploads\/PEHS7448.jpg?fit=1600%2C1200&ssl=1\",\"contentUrl\":\"https:\/\/i0.wp.com\/www.tvbolligen.ch\/site\/wp-content\/uploads\/PEHS7448.jpg?fit=1600%2C1200&ssl=1\",\"width\":1600,\"height\":1200},{\"@type\":\"BreadcrumbList\",\"@id\":\"https:\/\/www.tvbolligen.ch\/site\/regionalfinal-ubs-kids-cup-in-lyss-11-03-2018\/#breadcrumb\",\"itemListElement\":[{\"@type\":\"ListItem\",\"position\":1,\"name\":\"Home\",\"item\":\"https:\/\/www.tvbolligen.ch\/site\/\"},{\"@type\":\"ListItem\",\"position\":2,\"name\":\"Regionalfinal UBS Kids Cup in Lyss, 11.03.2018\"}]},{\"@type\":\"WebSite\",\"@id\":\"https:\/\/www.tvbolligen.ch\/site\/#website\",\"url\":\"https:\/\/www.tvbolligen.ch\/site\/\",\"name\":\"Turnverein Bolligen\",\"description\":\"Sport f\u00fcr Jung und Alt in Bolligen\",\"publisher\":{\"@id\":\"https:\/\/www.tvbolligen.ch\/site\/#organization\"},\"potentialAction\":[{\"@type\":\"SearchAction\",\"target\":{\"@type\":\"EntryPoint\",\"urlTemplate\":\"https:\/\/www.tvbolligen.ch\/site\/?s={search_term_string}\"},\"query-input\":{\"@type\":\"PropertyValueSpecification\",\"valueRequired\":true,\"valueName\":\"search_term_string\"}}],\"inLanguage\":\"de\"},{\"@type\":\"Organization\",\"@id\":\"https:\/\/www.tvbolligen.ch\/site\/#organization\",\"name\":\"Turnverein Bolligen\",\"url\":\"https:\/\/www.tvbolligen.ch\/site\/\",\"logo\":{\"@type\":\"ImageObject\",\"inLanguage\":\"de\",\"@id\":\"https:\/\/www.tvbolligen.ch\/site\/#\/schema\/logo\/image\/\",\"url\":\"https:\/\/i0.wp.com\/www.tvbolligen.ch\/site\/wp-content\/uploads\/2015\/12\/Logo_TV_mittel.png?fit=1000%2C303&ssl=1\",\"contentUrl\":\"https:\/\/i0.wp.com\/www.tvbolligen.ch\/site\/wp-content\/uploads\/2015\/12\/Logo_TV_mittel.png?fit=1000%2C303&ssl=1\",\"width\":1000,\"height\":303,\"caption\":\"Turnverein Bolligen\"},\"image\":{\"@id\":\"https:\/\/www.tvbolligen.ch\/site\/#\/schema\/logo\/image\/\"}},{\"@type\":\"Person\",\"@id\":\"https:\/\/www.tvbolligen.ch\/site\/#\/schema\/person\/274aace6a6522a6c3cbc065d5e2966d7\",\"name\":\"Simone Rohrer\",\"image\":{\"@type\":\"ImageObject\",\"inLanguage\":\"de\",\"@id\":\"https:\/\/www.tvbolligen.ch\/site\/#\/schema\/person\/image\/\",\"url\":\"https:\/\/secure.gravatar.com\/avatar\/2044ceef21b229a355e9b3cc7bd07d2a8f94c1ebe34699d30e7347d5f93826ea?s=96&d=mm&r=g\",\"contentUrl\":\"https:\/\/secure.gravatar.com\/avatar\/2044ceef21b229a355e9b3cc7bd07d2a8f94c1ebe34699d30e7347d5f93826ea?s=96&d=mm&r=g\",\"caption\":\"Simone Rohrer\"},\"url\":\"https:\/\/www.tvbolligen.ch\/site\/author\/simone\/\"}]}<\/script>\n<!-- \/ Yoast SEO plugin. -->","yoast_head_json":{"title":"Regionalfinal UBS Kids Cup in Lyss, 11.03.2018 - Turnverein Bolligen","robots":{"index":"index","follow":"follow","max-snippet":"max-snippet:-1","max-image-preview":"max-image-preview:large","max-video-preview":"max-video-preview:-1"},"canonical":"https:\/\/www.tvbolligen.ch\/site\/regionalfinal-ubs-kids-cup-in-lyss-11-03-2018\/","og_locale":"de_DE","og_type":"article","og_title":"Regionalfinal UBS Kids Cup in Lyss, 11.03.2018 - Turnverein Bolligen","og_description":"Am Sonntagmorgen fuhren gleich drei Teams des TV Bolligen an den UBS Kids Cup Regionalfinal in Lyss. Da sich in der Vorausscheidung einige Athleten doppelt qualifiziert haben und leider noch Athleten ausgefallen sind, mussten noch Ersatzathleten starten. Trotzdem traten die Bolliger Athleten mit einer super Stimmung zum Wettkampf an. Das U16 Knabenteam startete den Wettkampf [&hellip;]","og_url":"https:\/\/www.tvbolligen.ch\/site\/regionalfinal-ubs-kids-cup-in-lyss-11-03-2018\/","og_site_name":"Turnverein Bolligen","article_published_time":"2018-03-11T22:50:49+00:00","article_modified_time":"2018-08-12T19:56:59+00:00","og_image":[{"width":1600,"height":1200,"url":"https:\/\/i0.wp.com\/www.tvbolligen.ch\/site\/wp-content\/uploads\/PEHS7448.jpg?fit=1600%2C1200&ssl=1","type":"image\/jpeg"}],"author":"Simone Rohrer","twitter_card":"summary_large_image","twitter_misc":{"Verfasst von":"Simone Rohrer","Gesch\u00e4tzte Lesezeit":"3\u00a0Minuten"},"schema":{"@context":"https:\/\/schema.org","@graph":[{"@type":"Article","@id":"https:\/\/www.tvbolligen.ch\/site\/regionalfinal-ubs-kids-cup-in-lyss-11-03-2018\/#article","isPartOf":{"@id":"https:\/\/www.tvbolligen.ch\/site\/regionalfinal-ubs-kids-cup-in-lyss-11-03-2018\/"},"author":{"name":"Simone Rohrer","@id":"https:\/\/www.tvbolligen.ch\/site\/#\/schema\/person\/274aace6a6522a6c3cbc065d5e2966d7"},"headline":"Regionalfinal UBS Kids Cup in Lyss, 11.03.2018","datePublished":"2018-03-11T22:50:49+00:00","dateModified":"2018-08-12T19:56:59+00:00","mainEntityOfPage":{"@id":"https:\/\/www.tvbolligen.ch\/site\/regionalfinal-ubs-kids-cup-in-lyss-11-03-2018\/"},"wordCount":603,"publisher":{"@id":"https:\/\/www.tvbolligen.ch\/site\/#organization"},"image":{"@id":"https:\/\/www.tvbolligen.ch\/site\/regionalfinal-ubs-kids-cup-in-lyss-11-03-2018\/#primaryimage"},"thumbnailUrl":"https:\/\/i0.wp.com\/www.tvbolligen.ch\/site\/wp-content\/uploads\/PEHS7448.jpg?fit=1600%2C1200&ssl=1","articleSection":["LA"],"inLanguage":"de"},{"@type":"WebPage","@id":"https:\/\/www.tvbolligen.ch\/site\/regionalfinal-ubs-kids-cup-in-lyss-11-03-2018\/","url":"https:\/\/www.tvbolligen.ch\/site\/regionalfinal-ubs-kids-cup-in-lyss-11-03-2018\/","name":"Regionalfinal UBS Kids Cup in Lyss, 11.03.2018 - Turnverein Bolligen","isPartOf":{"@id":"https:\/\/www.tvbolligen.ch\/site\/#website"},"primaryImageOfPage":{"@id":"https:\/\/www.tvbolligen.ch\/site\/regionalfinal-ubs-kids-cup-in-lyss-11-03-2018\/#primaryimage"},"image":{"@id":"https:\/\/www.tvbolligen.ch\/site\/regionalfinal-ubs-kids-cup-in-lyss-11-03-2018\/#primaryimage"},"thumbnailUrl":"https:\/\/i0.wp.com\/www.tvbolligen.ch\/site\/wp-content\/uploads\/PEHS7448.jpg?fit=1600%2C1200&ssl=1","datePublished":"2018-03-11T22:50:49+00:00","dateModified":"2018-08-12T19:56:59+00:00","breadcrumb":{"@id":"https:\/\/www.tvbolligen.ch\/site\/regionalfinal-ubs-kids-cup-in-lyss-11-03-2018\/#breadcrumb"},"inLanguage":"de","potentialAction":[{"@type":"ReadAction","target":["https:\/\/www.tvbolligen.ch\/site\/regionalfinal-ubs-kids-cup-in-lyss-11-03-2018\/"]}]},{"@type":"ImageObject","inLanguage":"de","@id":"https:\/\/www.tvbolligen.ch\/site\/regionalfinal-ubs-kids-cup-in-lyss-11-03-2018\/#primaryimage","url":"https:\/\/i0.wp.com\/www.tvbolligen.ch\/site\/wp-content\/uploads\/PEHS7448.jpg?fit=1600%2C1200&ssl=1","contentUrl":"https:\/\/i0.wp.com\/www.tvbolligen.ch\/site\/wp-content\/uploads\/PEHS7448.jpg?fit=1600%2C1200&ssl=1","width":1600,"height":1200},{"@type":"BreadcrumbList","@id":"https:\/\/www.tvbolligen.ch\/site\/regionalfinal-ubs-kids-cup-in-lyss-11-03-2018\/#breadcrumb","itemListElement":[{"@type":"ListItem","position":1,"name":"Home","item":"https:\/\/www.tvbolligen.ch\/site\/"},{"@type":"ListItem","position":2,"name":"Regionalfinal UBS Kids Cup in Lyss, 11.03.2018"}]},{"@type":"WebSite","@id":"https:\/\/www.tvbolligen.ch\/site\/#website","url":"https:\/\/www.tvbolligen.ch\/site\/","name":"Turnverein Bolligen","description":"Sport f\u00fcr Jung und Alt in Bolligen","publisher":{"@id":"https:\/\/www.tvbolligen.ch\/site\/#organization"},"potentialAction":[{"@type":"SearchAction","target":{"@type":"EntryPoint","urlTemplate":"https:\/\/www.tvbolligen.ch\/site\/?s={search_term_string}"},"query-input":{"@type":"PropertyValueSpecification","valueRequired":true,"valueName":"search_term_string"}}],"inLanguage":"de"},{"@type":"Organization","@id":"https:\/\/www.tvbolligen.ch\/site\/#organization","name":"Turnverein Bolligen","url":"https:\/\/www.tvbolligen.ch\/site\/","logo":{"@type":"ImageObject","inLanguage":"de","@id":"https:\/\/www.tvbolligen.ch\/site\/#\/schema\/logo\/image\/","url":"https:\/\/i0.wp.com\/www.tvbolligen.ch\/site\/wp-content\/uploads\/2015\/12\/Logo_TV_mittel.png?fit=1000%2C303&ssl=1","contentUrl":"https:\/\/i0.wp.com\/www.tvbolligen.ch\/site\/wp-content\/uploads\/2015\/12\/Logo_TV_mittel.png?fit=1000%2C303&ssl=1","width":1000,"height":303,"caption":"Turnverein Bolligen"},"image":{"@id":"https:\/\/www.tvbolligen.ch\/site\/#\/schema\/logo\/image\/"}},{"@type":"Person","@id":"https:\/\/www.tvbolligen.ch\/site\/#\/schema\/person\/274aace6a6522a6c3cbc065d5e2966d7","name":"Simone Rohrer","image":{"@type":"ImageObject","inLanguage":"de","@id":"https:\/\/www.tvbolligen.ch\/site\/#\/schema\/person\/image\/","url":"https:\/\/secure.gravatar.com\/avatar\/2044ceef21b229a355e9b3cc7bd07d2a8f94c1ebe34699d30e7347d5f93826ea?s=96&d=mm&r=g","contentUrl":"https:\/\/secure.gravatar.com\/avatar\/2044ceef21b229a355e9b3cc7bd07d2a8f94c1ebe34699d30e7347d5f93826ea?s=96&d=mm&r=g","caption":"Simone Rohrer"},"url":"https:\/\/www.tvbolligen.ch\/site\/author\/simone\/"}]}},"jetpack_publicize_connections":[],"jetpack_featured_media_url":"https:\/\/i0.wp.com\/www.tvbolligen.ch\/site\/wp-content\/uploads\/PEHS7448.jpg?fit=1600%2C1200&ssl=1","jetpack_sharing_enabled":true,"jetpack_shortlink":"https:\/\/wp.me\/p751GT-4o2","_links":{"self":[{"href":"https:\/\/www.tvbolligen.ch\/site\/wp-json\/wp\/v2\/posts\/16866","targetHints":{"allow":["GET"]}}],"collection":[{"href":"https:\/\/www.tvbolligen.ch\/site\/wp-json\/wp\/v2\/posts"}],"about":[{"href":"https:\/\/www.tvbolligen.ch\/site\/wp-json\/wp\/v2\/types\/post"}],"author":[{"embeddable":true,"href":"https:\/\/www.tvbolligen.ch\/site\/wp-json\/wp\/v2\/users\/4"}],"replies":[{"embeddable":true,"href":"https:\/\/www.tvbolligen.ch\/site\/wp-json\/wp\/v2\/comments?post=16866"}],"version-history":[{"count":0,"href":"https:\/\/www.tvbolligen.ch\/site\/wp-json\/wp\/v2\/posts\/16866\/revisions"}],"wp:featuredmedia":[{"embeddable":true,"href":"https:\/\/www.tvbolligen.ch\/site\/wp-json\/wp\/v2\/media\/16867"}],"wp:attachment":[{"href":"https:\/\/www.tvbolligen.ch\/site\/wp-json\/wp\/v2\/media?parent=16866"}],"wp:term":[{"taxonomy":"category","embeddable":true,"href":"https:\/\/www.tvbolligen.ch\/site\/wp-json\/wp\/v2\/categories?post=16866"},{"taxonomy":"post_tag","embeddable":true,"href":"https:\/\/www.tvbolligen.ch\/site\/wp-json\/wp\/v2\/tags?post=16866"}],"curies":[{"name":"wp","href":"https:\/\/api.w.org\/{rel}","templated":true}]}}