{"id":17080,"date":"2018-08-27T07:31:54","date_gmt":"2018-08-27T06:31:54","guid":{"rendered":"http:\/\/www.tvbolligen.ch\/site\/?p=17080"},"modified":"2019-07-12T15:36:02","modified_gmt":"2019-07-12T14:36:02","slug":"das-team-des-tv-bolligen-holt-sich-gold-silber-und-bronze-am-jugendsporttag-in-guemligen","status":"publish","type":"post","link":"https:\/\/www.tvbolligen.ch\/site\/das-team-des-tv-bolligen-holt-sich-gold-silber-und-bronze-am-jugendsporttag-in-guemligen\/","title":{"rendered":"Jugendsporttag in G\u00fcmligen, 26.08.2019"},"content":{"rendered":"<p>Einmal Gold am dreiteiligen Teamwettkampf sowie Silber und Bronze in der Pendelstafette. Das war die tolle Ausbeute der 21 Kinder und Jugendlichen, welche am Jugendsporttag in G\u00fcmligen gestartet sind.<\/p>\n<p>Bereits um 7 Uhr in der Fr\u00fch trafen sich die Kinder und Jugendlichen am Sonntagmorgen am Bahnhof in Bolligen um anschliessend gemeinsam mit dem Bus nach G\u00fcmligen zu fahren. Der Jugendsporttag, welcher Ziel dieser morgendlichen Reise war, setzte sich aus zwei Teilen zusammen:&nbsp;Dem dreiteiligen Teamwettkampf am Morgen, in dem die Resultate aller Athletinnen und Athleten zu einem Gesamtresultat gemixt wurden, und der Pendelstafette am Nachmittag, welche in zwei Kategorien (Ober- und Unterstufe) stattfand. Total nahmen 14 Vereine aus dem Berner Mitttelland teil, wovon sieben in unserer St\u00e4rkeklasse (15 \u2013 24 Athletinnen und Athleten).<\/p>\n<p>Folgende Athletinnen und Athleten gingen f\u00fcr den TV Bolligen an den Start: C\u00e9line B\u00e4ssler, Ronja Boos, Juna Boss, Fiona und Florian Brunner, Sascha Ehrsam, Timon Harder, Fiona Hug, Ben und Luke Joho, Julie Marthaler, Joel Renggli, Jan Rohrer, Fabian Sch\u00f6nholzer, Quirin Siegrist, Hendrik Stadelmann, Tim Theiler, Am\u00e9lie und Mateo Uloth, Valentin Vogel, Levin Zwahlen.<\/p>\n<p>F\u00fcr den Teamwettkampf am Morgen, in welchem man sich die drei Teile (Disziplinen) selbst zusammenstellen durfte, entschieden wir uns f\u00fcr die Disziplinen Ballweitwurf, Pendelstafette (mit fliegendem Wechsel) und Weitsprung. Alle Disziplinen wurden dabei von allen Athletinnen und Athleten des TV Bolligen bestritten. Hierbei galt es nicht nur gegen die leichtathletische Konkurrenz zu bestehen, sondern auch gegen Vereine, welche sich f\u00fcr Disziplinen aus anderen Sparten, dem Ger\u00e4teturnen (z. B. Gymnastik, Boden etc.) oder der Sparte Spiel (z. B. Unihockeyparcours, Hindernislauf etc.), entschieden haben. In jeder Disziplin konnten dabei jeweils Punkte zwischen 1 und 10 erreicht werden, wobei 10 das Maximum war.<\/p>\n<p>Unser Team startete mit dem Ballweitwurf in den Wettkampf. Zwar erreichten wir iin dieser Disziplin unter allen Teams das zweitbeste Teamresultat, mit 7.82 Punkte wurden wir aber relativ schlecht belohnt, insbesondere im Vergleich zu Teams, welche den ersten Wettkampfteil in anderen, nicht leichtathletischen Disziplinen bestritten.<\/p>\n<p>Anschliessend ging es weiter mit der Pendelstafette (mit fliegendem Wechsel): Dabei absolvierten die Athletinnen und Athleten jeweils einen Sprint \u00fcber 60m und \u00fcbergaben dann jeweils fliegend durch \u00abKreuzen\u00bb an&nbsp; die n\u00e4chstfolgenden, bereits in die Gegenrichtung sprintenden Sportler. Dieses \u00abKreuzen\u00bb durfte dabei nicht vor einer festgelegten Markierung erfolgen. Die tollen 8.49 Punkte, welche wir uns in dieser Disziplin notieren lassen durften, entsprachen dem Tagesh\u00f6chstresultat in der Pendelstafette und waren auch im Vergleich zu anderen Disziplinen sehr hoch einzustufen.<\/p>\n<p>Den Abschluss des dreiteiligen Teamwettkampfes am Morgen bildete f\u00fcr das 21-k\u00f6pfige Team des TV Bolligen der Weitsprung. Dank einigen neuen pers\u00f6nlichen Bestleistungen, durften wir uns hier das zweitbeste Disziplinenresultat schreiben lassen. Die resultierenden 8.42 Punkte durften sich auch im Vergleich zu anderen, nicht-leichtathletischen Diszplinen sehen lassen.<\/p>\n<p>Mit einer Gesamtpunktzahl von 24.73 Punkten aus den drei Disziplinen holte sich das 21-k\u00f6pfige Team schliesslich den hervorragenden 3 Schlussrang.<\/p>\n<p>Am Nachmittag standen traditionell dann noch die Pendelstafetten auf dem Programm, dieses Mal mit \u00dcbergabe eines Stabes. Hier massen sich die gesamthaft 14 Vereine in zwei Alterskategorien (Ober- und Unterstufe jeweils in den Unterkategorien \u00abKnaben\u00bb, Mixed und \u00abM\u00e4dchen) und Teams \u00e0 jeweils 10 Athletinnen und Athleten. In der Kategorie \u00abOberstufe Knaben\u00bb holte sich das Team des TV Bolligen dabei die Goldmedaille, das Team \u00abUnterstufe Mixed\u00bb lief seinerseits auf den hervorragenden zweiten Platz, nur um Haaresbreite geschlagen vom Team des TV Zollikofen.<\/p>\n<p>M\u00fcde, aber voller Freude ob des gelungenen Wettkampfes, machten sich die Athletinnen und Athleten am sp\u00e4teren Nachmittag wieder auf den Heimweg Richtung Bolligen.<\/p>\n","protected":false},"excerpt":{"rendered":"<p>Einmal Gold am dreiteiligen Teamwettkampf sowie Silber und Bronze in der Pendelstafette. Das war die tolle Ausbeute der 21 Kinder und Jugendlichen, welche am Jugendsporttag in G\u00fcmligen gestartet sind. Bereits um 7 Uhr in der Fr\u00fch trafen sich die Kinder und Jugendlichen am Sonntagmorgen am Bahnhof in Bolligen um anschliessend gemeinsam mit dem Bus nach [&hellip;]<\/p>\n","protected":false},"author":16,"featured_media":17081,"comment_status":"closed","ping_status":"closed","sticky":false,"template":"","format":"standard","meta":{"_et_pb_use_builder":"","_et_pb_old_content":"","_et_gb_content_width":"","ngg_post_thumbnail":0,"jetpack_post_was_ever_published":false,"_jetpack_newsletter_access":"","_jetpack_dont_email_post_to_subs":false,"_jetpack_newsletter_tier_id":0,"_jetpack_memberships_contains_paywalled_content":false,"_jetpack_memberships_contains_paid_content":false,"footnotes":"","jetpack_publicize_message":"","jetpack_publicize_feature_enabled":true,"jetpack_social_post_already_shared":true,"jetpack_social_options":{"image_generator_settings":{"template":"highway","enabled":false},"version":2}},"categories":[12],"tags":[48],"class_list":["post-17080","post","type-post","status-publish","format-standard","has-post-thumbnail","hentry","category-la","tag-jugendsporttag"],"yoast_head":"<!-- This site is optimized with the Yoast SEO plugin v25.1 - https:\/\/yoast.com\/wordpress\/plugins\/seo\/ -->\n<title>Jugendsporttag in G\u00fcmligen, 26.08.2019 - Turnverein Bolligen<\/title>\n<meta name=\"robots\" content=\"index, follow, max-snippet:-1, max-image-preview:large, max-video-preview:-1\" \/>\n<link rel=\"canonical\" href=\"https:\/\/www.tvbolligen.ch\/site\/das-team-des-tv-bolligen-holt-sich-gold-silber-und-bronze-am-jugendsporttag-in-guemligen\/\" \/>\n<meta property=\"og:locale\" content=\"de_DE\" \/>\n<meta property=\"og:type\" content=\"article\" \/>\n<meta property=\"og:title\" content=\"Jugendsporttag in G\u00fcmligen, 26.08.2019 - Turnverein Bolligen\" \/>\n<meta property=\"og:description\" content=\"Einmal Gold am dreiteiligen Teamwettkampf sowie Silber und Bronze in der Pendelstafette. Das war die tolle Ausbeute der 21 Kinder und Jugendlichen, welche am Jugendsporttag in G\u00fcmligen gestartet sind. Bereits um 7 Uhr in der Fr\u00fch trafen sich die Kinder und Jugendlichen am Sonntagmorgen am Bahnhof in Bolligen um anschliessend gemeinsam mit dem Bus nach [&hellip;]\" \/>\n<meta property=\"og:url\" content=\"https:\/\/www.tvbolligen.ch\/site\/das-team-des-tv-bolligen-holt-sich-gold-silber-und-bronze-am-jugendsporttag-in-guemligen\/\" \/>\n<meta property=\"og:site_name\" content=\"Turnverein Bolligen\" \/>\n<meta property=\"article:published_time\" content=\"2018-08-27T06:31:54+00:00\" \/>\n<meta property=\"article:modified_time\" content=\"2019-07-12T14:36:02+00:00\" \/>\n<meta property=\"og:image\" content=\"https:\/\/www.tvbolligen.ch\/site\/wp-content\/uploads\/Foto-Jugendsporttag-1024x768.jpg\" \/>\n\t<meta property=\"og:image:width\" content=\"1024\" \/>\n\t<meta property=\"og:image:height\" content=\"768\" \/>\n\t<meta property=\"og:image:type\" content=\"image\/jpeg\" \/>\n<meta name=\"author\" content=\"Christoph Stadelmann\" \/>\n<meta name=\"twitter:card\" content=\"summary_large_image\" \/>\n<meta name=\"twitter:label1\" content=\"Verfasst von\" \/>\n\t<meta name=\"twitter:data1\" content=\"Christoph Stadelmann\" \/>\n\t<meta name=\"twitter:label2\" content=\"Gesch\u00e4tzte Lesezeit\" \/>\n\t<meta name=\"twitter:data2\" content=\"3\u00a0Minuten\" \/>\n<script type=\"application\/ld+json\" class=\"yoast-schema-graph\">{\"@context\":\"https:\/\/schema.org\",\"@graph\":[{\"@type\":\"Article\",\"@id\":\"https:\/\/www.tvbolligen.ch\/site\/das-team-des-tv-bolligen-holt-sich-gold-silber-und-bronze-am-jugendsporttag-in-guemligen\/#article\",\"isPartOf\":{\"@id\":\"https:\/\/www.tvbolligen.ch\/site\/das-team-des-tv-bolligen-holt-sich-gold-silber-und-bronze-am-jugendsporttag-in-guemligen\/\"},\"author\":{\"name\":\"Christoph Stadelmann\",\"@id\":\"https:\/\/www.tvbolligen.ch\/site\/#\/schema\/person\/cf2ff3d29907f0355f91f6838672eaf4\"},\"headline\":\"Jugendsporttag in G\u00fcmligen, 26.08.2019\",\"datePublished\":\"2018-08-27T06:31:54+00:00\",\"dateModified\":\"2019-07-12T14:36:02+00:00\",\"mainEntityOfPage\":{\"@id\":\"https:\/\/www.tvbolligen.ch\/site\/das-team-des-tv-bolligen-holt-sich-gold-silber-und-bronze-am-jugendsporttag-in-guemligen\/\"},\"wordCount\":580,\"publisher\":{\"@id\":\"https:\/\/www.tvbolligen.ch\/site\/#organization\"},\"image\":{\"@id\":\"https:\/\/www.tvbolligen.ch\/site\/das-team-des-tv-bolligen-holt-sich-gold-silber-und-bronze-am-jugendsporttag-in-guemligen\/#primaryimage\"},\"thumbnailUrl\":\"https:\/\/i0.wp.com\/www.tvbolligen.ch\/site\/wp-content\/uploads\/Foto-Jugendsporttag.jpg?fit=4032%2C3024&ssl=1\",\"keywords\":[\"Jugendsporttag\"],\"articleSection\":[\"LA\"],\"inLanguage\":\"de\"},{\"@type\":\"WebPage\",\"@id\":\"https:\/\/www.tvbolligen.ch\/site\/das-team-des-tv-bolligen-holt-sich-gold-silber-und-bronze-am-jugendsporttag-in-guemligen\/\",\"url\":\"https:\/\/www.tvbolligen.ch\/site\/das-team-des-tv-bolligen-holt-sich-gold-silber-und-bronze-am-jugendsporttag-in-guemligen\/\",\"name\":\"Jugendsporttag in G\u00fcmligen, 26.08.2019 - Turnverein Bolligen\",\"isPartOf\":{\"@id\":\"https:\/\/www.tvbolligen.ch\/site\/#website\"},\"primaryImageOfPage\":{\"@id\":\"https:\/\/www.tvbolligen.ch\/site\/das-team-des-tv-bolligen-holt-sich-gold-silber-und-bronze-am-jugendsporttag-in-guemligen\/#primaryimage\"},\"image\":{\"@id\":\"https:\/\/www.tvbolligen.ch\/site\/das-team-des-tv-bolligen-holt-sich-gold-silber-und-bronze-am-jugendsporttag-in-guemligen\/#primaryimage\"},\"thumbnailUrl\":\"https:\/\/i0.wp.com\/www.tvbolligen.ch\/site\/wp-content\/uploads\/Foto-Jugendsporttag.jpg?fit=4032%2C3024&ssl=1\",\"datePublished\":\"2018-08-27T06:31:54+00:00\",\"dateModified\":\"2019-07-12T14:36:02+00:00\",\"breadcrumb\":{\"@id\":\"https:\/\/www.tvbolligen.ch\/site\/das-team-des-tv-bolligen-holt-sich-gold-silber-und-bronze-am-jugendsporttag-in-guemligen\/#breadcrumb\"},\"inLanguage\":\"de\",\"potentialAction\":[{\"@type\":\"ReadAction\",\"target\":[\"https:\/\/www.tvbolligen.ch\/site\/das-team-des-tv-bolligen-holt-sich-gold-silber-und-bronze-am-jugendsporttag-in-guemligen\/\"]}]},{\"@type\":\"ImageObject\",\"inLanguage\":\"de\",\"@id\":\"https:\/\/www.tvbolligen.ch\/site\/das-team-des-tv-bolligen-holt-sich-gold-silber-und-bronze-am-jugendsporttag-in-guemligen\/#primaryimage\",\"url\":\"https:\/\/i0.wp.com\/www.tvbolligen.ch\/site\/wp-content\/uploads\/Foto-Jugendsporttag.jpg?fit=4032%2C3024&ssl=1\",\"contentUrl\":\"https:\/\/i0.wp.com\/www.tvbolligen.ch\/site\/wp-content\/uploads\/Foto-Jugendsporttag.jpg?fit=4032%2C3024&ssl=1\",\"width\":4032,\"height\":3024,\"caption\":\"Jugendsporttag G\u00fcmligen\"},{\"@type\":\"BreadcrumbList\",\"@id\":\"https:\/\/www.tvbolligen.ch\/site\/das-team-des-tv-bolligen-holt-sich-gold-silber-und-bronze-am-jugendsporttag-in-guemligen\/#breadcrumb\",\"itemListElement\":[{\"@type\":\"ListItem\",\"position\":1,\"name\":\"Home\",\"item\":\"https:\/\/www.tvbolligen.ch\/site\/\"},{\"@type\":\"ListItem\",\"position\":2,\"name\":\"Jugendsporttag in G\u00fcmligen, 26.08.2019\"}]},{\"@type\":\"WebSite\",\"@id\":\"https:\/\/www.tvbolligen.ch\/site\/#website\",\"url\":\"https:\/\/www.tvbolligen.ch\/site\/\",\"name\":\"Turnverein Bolligen\",\"description\":\"Sport f\u00fcr Jung und Alt in Bolligen\",\"publisher\":{\"@id\":\"https:\/\/www.tvbolligen.ch\/site\/#organization\"},\"potentialAction\":[{\"@type\":\"SearchAction\",\"target\":{\"@type\":\"EntryPoint\",\"urlTemplate\":\"https:\/\/www.tvbolligen.ch\/site\/?s={search_term_string}\"},\"query-input\":{\"@type\":\"PropertyValueSpecification\",\"valueRequired\":true,\"valueName\":\"search_term_string\"}}],\"inLanguage\":\"de\"},{\"@type\":\"Organization\",\"@id\":\"https:\/\/www.tvbolligen.ch\/site\/#organization\",\"name\":\"Turnverein Bolligen\",\"url\":\"https:\/\/www.tvbolligen.ch\/site\/\",\"logo\":{\"@type\":\"ImageObject\",\"inLanguage\":\"de\",\"@id\":\"https:\/\/www.tvbolligen.ch\/site\/#\/schema\/logo\/image\/\",\"url\":\"https:\/\/i0.wp.com\/www.tvbolligen.ch\/site\/wp-content\/uploads\/2015\/12\/Logo_TV_mittel.png?fit=1000%2C303&ssl=1\",\"contentUrl\":\"https:\/\/i0.wp.com\/www.tvbolligen.ch\/site\/wp-content\/uploads\/2015\/12\/Logo_TV_mittel.png?fit=1000%2C303&ssl=1\",\"width\":1000,\"height\":303,\"caption\":\"Turnverein Bolligen\"},\"image\":{\"@id\":\"https:\/\/www.tvbolligen.ch\/site\/#\/schema\/logo\/image\/\"}},{\"@type\":\"Person\",\"@id\":\"https:\/\/www.tvbolligen.ch\/site\/#\/schema\/person\/cf2ff3d29907f0355f91f6838672eaf4\",\"name\":\"Christoph Stadelmann\",\"image\":{\"@type\":\"ImageObject\",\"inLanguage\":\"de\",\"@id\":\"https:\/\/www.tvbolligen.ch\/site\/#\/schema\/person\/image\/\",\"url\":\"https:\/\/secure.gravatar.com\/avatar\/eb36e22abc5edb516c894c982c651ddde21b1dc17f96bef394f2f54c3f96d06d?s=96&d=mm&r=g\",\"contentUrl\":\"https:\/\/secure.gravatar.com\/avatar\/eb36e22abc5edb516c894c982c651ddde21b1dc17f96bef394f2f54c3f96d06d?s=96&d=mm&r=g\",\"caption\":\"Christoph Stadelmann\"},\"url\":\"https:\/\/www.tvbolligen.ch\/site\/author\/stadli\/\"}]}<\/script>\n<!-- \/ Yoast SEO plugin. -->","yoast_head_json":{"title":"Jugendsporttag in G\u00fcmligen, 26.08.2019 - Turnverein Bolligen","robots":{"index":"index","follow":"follow","max-snippet":"max-snippet:-1","max-image-preview":"max-image-preview:large","max-video-preview":"max-video-preview:-1"},"canonical":"https:\/\/www.tvbolligen.ch\/site\/das-team-des-tv-bolligen-holt-sich-gold-silber-und-bronze-am-jugendsporttag-in-guemligen\/","og_locale":"de_DE","og_type":"article","og_title":"Jugendsporttag in G\u00fcmligen, 26.08.2019 - Turnverein Bolligen","og_description":"Einmal Gold am dreiteiligen Teamwettkampf sowie Silber und Bronze in der Pendelstafette. Das war die tolle Ausbeute der 21 Kinder und Jugendlichen, welche am Jugendsporttag in G\u00fcmligen gestartet sind. Bereits um 7 Uhr in der Fr\u00fch trafen sich die Kinder und Jugendlichen am Sonntagmorgen am Bahnhof in Bolligen um anschliessend gemeinsam mit dem Bus nach [&hellip;]","og_url":"https:\/\/www.tvbolligen.ch\/site\/das-team-des-tv-bolligen-holt-sich-gold-silber-und-bronze-am-jugendsporttag-in-guemligen\/","og_site_name":"Turnverein Bolligen","article_published_time":"2018-08-27T06:31:54+00:00","article_modified_time":"2019-07-12T14:36:02+00:00","og_image":[{"width":1024,"height":768,"url":"https:\/\/www.tvbolligen.ch\/site\/wp-content\/uploads\/Foto-Jugendsporttag-1024x768.jpg","type":"image\/jpeg"}],"author":"Christoph Stadelmann","twitter_card":"summary_large_image","twitter_misc":{"Verfasst von":"Christoph Stadelmann","Gesch\u00e4tzte Lesezeit":"3\u00a0Minuten"},"schema":{"@context":"https:\/\/schema.org","@graph":[{"@type":"Article","@id":"https:\/\/www.tvbolligen.ch\/site\/das-team-des-tv-bolligen-holt-sich-gold-silber-und-bronze-am-jugendsporttag-in-guemligen\/#article","isPartOf":{"@id":"https:\/\/www.tvbolligen.ch\/site\/das-team-des-tv-bolligen-holt-sich-gold-silber-und-bronze-am-jugendsporttag-in-guemligen\/"},"author":{"name":"Christoph Stadelmann","@id":"https:\/\/www.tvbolligen.ch\/site\/#\/schema\/person\/cf2ff3d29907f0355f91f6838672eaf4"},"headline":"Jugendsporttag in G\u00fcmligen, 26.08.2019","datePublished":"2018-08-27T06:31:54+00:00","dateModified":"2019-07-12T14:36:02+00:00","mainEntityOfPage":{"@id":"https:\/\/www.tvbolligen.ch\/site\/das-team-des-tv-bolligen-holt-sich-gold-silber-und-bronze-am-jugendsporttag-in-guemligen\/"},"wordCount":580,"publisher":{"@id":"https:\/\/www.tvbolligen.ch\/site\/#organization"},"image":{"@id":"https:\/\/www.tvbolligen.ch\/site\/das-team-des-tv-bolligen-holt-sich-gold-silber-und-bronze-am-jugendsporttag-in-guemligen\/#primaryimage"},"thumbnailUrl":"https:\/\/i0.wp.com\/www.tvbolligen.ch\/site\/wp-content\/uploads\/Foto-Jugendsporttag.jpg?fit=4032%2C3024&ssl=1","keywords":["Jugendsporttag"],"articleSection":["LA"],"inLanguage":"de"},{"@type":"WebPage","@id":"https:\/\/www.tvbolligen.ch\/site\/das-team-des-tv-bolligen-holt-sich-gold-silber-und-bronze-am-jugendsporttag-in-guemligen\/","url":"https:\/\/www.tvbolligen.ch\/site\/das-team-des-tv-bolligen-holt-sich-gold-silber-und-bronze-am-jugendsporttag-in-guemligen\/","name":"Jugendsporttag in G\u00fcmligen, 26.08.2019 - Turnverein Bolligen","isPartOf":{"@id":"https:\/\/www.tvbolligen.ch\/site\/#website"},"primaryImageOfPage":{"@id":"https:\/\/www.tvbolligen.ch\/site\/das-team-des-tv-bolligen-holt-sich-gold-silber-und-bronze-am-jugendsporttag-in-guemligen\/#primaryimage"},"image":{"@id":"https:\/\/www.tvbolligen.ch\/site\/das-team-des-tv-bolligen-holt-sich-gold-silber-und-bronze-am-jugendsporttag-in-guemligen\/#primaryimage"},"thumbnailUrl":"https:\/\/i0.wp.com\/www.tvbolligen.ch\/site\/wp-content\/uploads\/Foto-Jugendsporttag.jpg?fit=4032%2C3024&ssl=1","datePublished":"2018-08-27T06:31:54+00:00","dateModified":"2019-07-12T14:36:02+00:00","breadcrumb":{"@id":"https:\/\/www.tvbolligen.ch\/site\/das-team-des-tv-bolligen-holt-sich-gold-silber-und-bronze-am-jugendsporttag-in-guemligen\/#breadcrumb"},"inLanguage":"de","potentialAction":[{"@type":"ReadAction","target":["https:\/\/www.tvbolligen.ch\/site\/das-team-des-tv-bolligen-holt-sich-gold-silber-und-bronze-am-jugendsporttag-in-guemligen\/"]}]},{"@type":"ImageObject","inLanguage":"de","@id":"https:\/\/www.tvbolligen.ch\/site\/das-team-des-tv-bolligen-holt-sich-gold-silber-und-bronze-am-jugendsporttag-in-guemligen\/#primaryimage","url":"https:\/\/i0.wp.com\/www.tvbolligen.ch\/site\/wp-content\/uploads\/Foto-Jugendsporttag.jpg?fit=4032%2C3024&ssl=1","contentUrl":"https:\/\/i0.wp.com\/www.tvbolligen.ch\/site\/wp-content\/uploads\/Foto-Jugendsporttag.jpg?fit=4032%2C3024&ssl=1","width":4032,"height":3024,"caption":"Jugendsporttag G\u00fcmligen"},{"@type":"BreadcrumbList","@id":"https:\/\/www.tvbolligen.ch\/site\/das-team-des-tv-bolligen-holt-sich-gold-silber-und-bronze-am-jugendsporttag-in-guemligen\/#breadcrumb","itemListElement":[{"@type":"ListItem","position":1,"name":"Home","item":"https:\/\/www.tvbolligen.ch\/site\/"},{"@type":"ListItem","position":2,"name":"Jugendsporttag in G\u00fcmligen, 26.08.2019"}]},{"@type":"WebSite","@id":"https:\/\/www.tvbolligen.ch\/site\/#website","url":"https:\/\/www.tvbolligen.ch\/site\/","name":"Turnverein Bolligen","description":"Sport f\u00fcr Jung und Alt in Bolligen","publisher":{"@id":"https:\/\/www.tvbolligen.ch\/site\/#organization"},"potentialAction":[{"@type":"SearchAction","target":{"@type":"EntryPoint","urlTemplate":"https:\/\/www.tvbolligen.ch\/site\/?s={search_term_string}"},"query-input":{"@type":"PropertyValueSpecification","valueRequired":true,"valueName":"search_term_string"}}],"inLanguage":"de"},{"@type":"Organization","@id":"https:\/\/www.tvbolligen.ch\/site\/#organization","name":"Turnverein Bolligen","url":"https:\/\/www.tvbolligen.ch\/site\/","logo":{"@type":"ImageObject","inLanguage":"de","@id":"https:\/\/www.tvbolligen.ch\/site\/#\/schema\/logo\/image\/","url":"https:\/\/i0.wp.com\/www.tvbolligen.ch\/site\/wp-content\/uploads\/2015\/12\/Logo_TV_mittel.png?fit=1000%2C303&ssl=1","contentUrl":"https:\/\/i0.wp.com\/www.tvbolligen.ch\/site\/wp-content\/uploads\/2015\/12\/Logo_TV_mittel.png?fit=1000%2C303&ssl=1","width":1000,"height":303,"caption":"Turnverein Bolligen"},"image":{"@id":"https:\/\/www.tvbolligen.ch\/site\/#\/schema\/logo\/image\/"}},{"@type":"Person","@id":"https:\/\/www.tvbolligen.ch\/site\/#\/schema\/person\/cf2ff3d29907f0355f91f6838672eaf4","name":"Christoph Stadelmann","image":{"@type":"ImageObject","inLanguage":"de","@id":"https:\/\/www.tvbolligen.ch\/site\/#\/schema\/person\/image\/","url":"https:\/\/secure.gravatar.com\/avatar\/eb36e22abc5edb516c894c982c651ddde21b1dc17f96bef394f2f54c3f96d06d?s=96&d=mm&r=g","contentUrl":"https:\/\/secure.gravatar.com\/avatar\/eb36e22abc5edb516c894c982c651ddde21b1dc17f96bef394f2f54c3f96d06d?s=96&d=mm&r=g","caption":"Christoph Stadelmann"},"url":"https:\/\/www.tvbolligen.ch\/site\/author\/stadli\/"}]}},"jetpack_publicize_connections":[],"jetpack_featured_media_url":"https:\/\/i0.wp.com\/www.tvbolligen.ch\/site\/wp-content\/uploads\/Foto-Jugendsporttag.jpg?fit=4032%2C3024&ssl=1","jetpack_sharing_enabled":true,"jetpack_shortlink":"https:\/\/wp.me\/p751GT-4ru","_links":{"self":[{"href":"https:\/\/www.tvbolligen.ch\/site\/wp-json\/wp\/v2\/posts\/17080","targetHints":{"allow":["GET"]}}],"collection":[{"href":"https:\/\/www.tvbolligen.ch\/site\/wp-json\/wp\/v2\/posts"}],"about":[{"href":"https:\/\/www.tvbolligen.ch\/site\/wp-json\/wp\/v2\/types\/post"}],"author":[{"embeddable":true,"href":"https:\/\/www.tvbolligen.ch\/site\/wp-json\/wp\/v2\/users\/16"}],"replies":[{"embeddable":true,"href":"https:\/\/www.tvbolligen.ch\/site\/wp-json\/wp\/v2\/comments?post=17080"}],"version-history":[{"count":0,"href":"https:\/\/www.tvbolligen.ch\/site\/wp-json\/wp\/v2\/posts\/17080\/revisions"}],"wp:featuredmedia":[{"embeddable":true,"href":"https:\/\/www.tvbolligen.ch\/site\/wp-json\/wp\/v2\/media\/17081"}],"wp:attachment":[{"href":"https:\/\/www.tvbolligen.ch\/site\/wp-json\/wp\/v2\/media?parent=17080"}],"wp:term":[{"taxonomy":"category","embeddable":true,"href":"https:\/\/www.tvbolligen.ch\/site\/wp-json\/wp\/v2\/categories?post=17080"},{"taxonomy":"post_tag","embeddable":true,"href":"https:\/\/www.tvbolligen.ch\/site\/wp-json\/wp\/v2\/tags?post=17080"}],"curies":[{"name":"wp","href":"https:\/\/api.w.org\/{rel}","templated":true}]}}