{"id":17085,"date":"2018-09-09T10:06:22","date_gmt":"2018-09-09T09:06:22","guid":{"rendered":"http:\/\/www.tvbolligen.ch\/site\/?p=17085"},"modified":"2019-07-12T15:40:12","modified_gmt":"2019-07-12T14:40:12","slug":"drei-medaillen-und-zwei-fuenfte-plaetze-am-seelaendischen-nachwuchsmehrkampf-in-lyss","status":"publish","type":"post","link":"https:\/\/www.tvbolligen.ch\/site\/drei-medaillen-und-zwei-fuenfte-plaetze-am-seelaendischen-nachwuchsmehrkampf-in-lyss\/","title":{"rendered":"Seel\u00e4ndischer Nachwuchsmehrkampf in Lyss, 08.09.2018"},"content":{"rendered":"<p><strong>Drei Medaillen und zwei f\u00fcnfte Pl\u00e4tze am Seel\u00e4ndischen Nachwuchsmehrkampf in Lyss<\/strong><\/p>\n<p>Am Seel\u00e4ndischen Nachwuchsmehrkampf in Lyss, der f\u00fcr die f\u00fcnf startenden Athleten des TV Bolligen gleichzeitig auch der Saisonabschluss darstellte, absolvierten die Nachwuchssportler einen Vierkampf bestehend aus den Disziplinen 60m, Ballweitwurf, Weitsprung und 1000m. Dabei zeigten die Bolliger ausgezeichnete Leistungen.<\/p>\n<p>Beginnen wir mit den beiden j\u00fcngsten Athleten, Dominik Ludwig und Hendrik Stadelmann, beide Jg. 2010. Mit 17.85m gelang Hendrik im Ballweitwurf ein Auftakt nach Mass, warf er den 200g-schweren Ball gleich auf eine neue Bestweite. Mit 16.05m warf auch Dominik nahe an seine Bestweite heran. Im anschliessenden Sprint \u00fcber die 60m blieben beide Athleten bei Gegenwind \u00fcber der 11s-Marke und damit etwas \u00fcber Ihren Bestzeiten. Dies \u00e4nderte sich dann aber gleich wieder in der dritten Disziplin, im Weitsprung: Sowohl die 3.21m von Dominik wie auch die 2.68m von Hendrik bedeuteten f\u00fcr beide Athleten pers\u00f6nliche Bestweite. Mit viel Zuversicht ging\u2019s in den abschliessenden 1000m-Lauf, wussten wir doch von den guten Laufqualit\u00e4ten der beiden Athleten. Die beiden setzten sich denn auch gleich von Beginn weg an die Spitze des Feldes. Mit Zeiten nur knapp \u00fcber der 4min-Marke (4.06min f\u00fcr Dominik und 4.09min f\u00fcr Hendrik) liefen die beiden als 2. und 3. des Feldes in Ziel. In der Gesamtabrechnung nach vier Disziplinen resultierte schliesslich Rang 2 f\u00fcr Dominik und Rang 5 f\u00fcr Hendrik, nur ganz knapp hinter dem Podest.<\/p>\n<p>Parallel dazu liefen, sprangen und warfen auch Timur Gut (Jg. 2009) und Ruben Senn (Jg. 2008), der in Lyss seinen ersten Leichtathletikwettkampf \u00fcberhaupt absolvierte. Mit 10.40s im Sprint \u00fcber die 60m und die 22.98m im Ballweitwurf knackte Timur gleich in zwei Disziplinen seinen eigenen Vereinsrekord. Auch Ruben blieb mit 22.86m im Ballweitwurf deutlich \u00fcber der 20m-Marke resp. mit 10.80s unter der 11s-Grenze im Sprint. Auch der Weitsprung gelang Timur mit 3.23m eine weitere Verbesserung seiner Bestleistung. Auch Ruben bliebt mit 3.09m \u00fcber der 3m-Marke. Mutig und entschlossen startete Timur in den abschliessenden 1000m-Lauf, lief gleich zu Beginn an die Spitze. Zwar musste er noch einen Athleten vorbeiziehen lassen, die 4.03min bedeuteten aber Bestleistung Nummer 4 und waren das Sahneh\u00e4ubchen auf diesen gelungenen Wettkampf. Auch Ruben lief mit 4.18min in einer sehr ansprechenden Zeit \u00fcber die Ziellinie. Timur klassierte sich mit diesen Leistungen schliesslich auf dem 3. Schlussrang, Ruben holte sich den 5. Platz in seiner Kategorie.<\/p>\n<p>Last but not least sei an dieser Stelle auch noch der Wettkampf von Joel M\u00fcller, unseren f\u00fcnften Bolliger Athleten, erw\u00e4hnt: Mit 8.50s \u00fcber 60m, 4.43m im Weitsprung und 48.20m im Ballweitwurf, was 1613 Punkten nach drei Disziplinen entsprach, gelang Joel der beste Dreikampf seiner noch jungen Leichtathletik-Laufbahn. Damit f\u00fchrte Joel die Rangliste nach drei Disziplinen an. Die 3.41min im abschliessenden 1000m-Lauf entsprachen dann zwar ebenfalls der zweitbesten Laufleistung seiner Kategorie, allerdings gelang es dem Sieger dieser Disziplin dank der hohen Punktzahl in der Endabrechnung noch knapp an Joel vorbeizuziehen. Joel holte sich den 2. Schlussrang und damit die zweite Silbermedaille.<\/p>\n<p>Die Bolliger Athleten haben allesamt \u00fcberzeugt, pers\u00f6nliche Bestleistungen purzelten gleich reihenweise. Gespannt blicken wir nun schon auf die Wintersaison, welche wieder ganz im Zeichen des Teamwettkampfes \u00abkids cup team\u00bb stehen wird.<\/p>\n","protected":false},"excerpt":{"rendered":"<p>Drei Medaillen und zwei f\u00fcnfte Pl\u00e4tze am Seel\u00e4ndischen Nachwuchsmehrkampf in Lyss Am Seel\u00e4ndischen Nachwuchsmehrkampf in Lyss, der f\u00fcr die f\u00fcnf startenden Athleten des TV Bolligen gleichzeitig auch der Saisonabschluss darstellte, absolvierten die Nachwuchssportler einen Vierkampf bestehend aus den Disziplinen 60m, Ballweitwurf, Weitsprung und 1000m. Dabei zeigten die Bolliger ausgezeichnete Leistungen. Beginnen wir mit den beiden [&hellip;]<\/p>\n","protected":false},"author":16,"featured_media":17086,"comment_status":"closed","ping_status":"closed","sticky":false,"template":"","format":"standard","meta":{"_et_pb_use_builder":"","_et_pb_old_content":"","_et_gb_content_width":"","ngg_post_thumbnail":0,"jetpack_post_was_ever_published":false,"_jetpack_newsletter_access":"","_jetpack_dont_email_post_to_subs":false,"_jetpack_newsletter_tier_id":0,"_jetpack_memberships_contains_paywalled_content":false,"_jetpack_memberships_contains_paid_content":false,"footnotes":"","jetpack_publicize_message":"","jetpack_publicize_feature_enabled":true,"jetpack_social_post_already_shared":true,"jetpack_social_options":{"image_generator_settings":{"template":"highway","enabled":false},"version":2}},"categories":[12],"tags":[50],"class_list":["post-17085","post","type-post","status-publish","format-standard","has-post-thumbnail","hentry","category-la","tag-seelaendischer-nachwuchsmehrkampf-lyss-tv-bolligen"],"yoast_head":"<!-- This site is optimized with the Yoast SEO plugin v25.1 - https:\/\/yoast.com\/wordpress\/plugins\/seo\/ -->\n<title>Seel\u00e4ndischer Nachwuchsmehrkampf in Lyss, 08.09.2018 - Turnverein Bolligen<\/title>\n<meta name=\"robots\" content=\"index, follow, max-snippet:-1, max-image-preview:large, max-video-preview:-1\" \/>\n<link rel=\"canonical\" href=\"https:\/\/www.tvbolligen.ch\/site\/drei-medaillen-und-zwei-fuenfte-plaetze-am-seelaendischen-nachwuchsmehrkampf-in-lyss\/\" \/>\n<meta property=\"og:locale\" content=\"de_DE\" \/>\n<meta property=\"og:type\" content=\"article\" \/>\n<meta property=\"og:title\" content=\"Seel\u00e4ndischer Nachwuchsmehrkampf in Lyss, 08.09.2018 - Turnverein Bolligen\" \/>\n<meta property=\"og:description\" content=\"Drei Medaillen und zwei f\u00fcnfte Pl\u00e4tze am Seel\u00e4ndischen Nachwuchsmehrkampf in Lyss Am Seel\u00e4ndischen Nachwuchsmehrkampf in Lyss, der f\u00fcr die f\u00fcnf startenden Athleten des TV Bolligen gleichzeitig auch der Saisonabschluss darstellte, absolvierten die Nachwuchssportler einen Vierkampf bestehend aus den Disziplinen 60m, Ballweitwurf, Weitsprung und 1000m. Dabei zeigten die Bolliger ausgezeichnete Leistungen. Beginnen wir mit den beiden [&hellip;]\" \/>\n<meta property=\"og:url\" content=\"https:\/\/www.tvbolligen.ch\/site\/drei-medaillen-und-zwei-fuenfte-plaetze-am-seelaendischen-nachwuchsmehrkampf-in-lyss\/\" \/>\n<meta property=\"og:site_name\" content=\"Turnverein Bolligen\" \/>\n<meta property=\"article:published_time\" content=\"2018-09-09T09:06:22+00:00\" \/>\n<meta property=\"article:modified_time\" content=\"2019-07-12T14:40:12+00:00\" \/>\n<meta property=\"og:image\" content=\"https:\/\/i0.wp.com\/www.tvbolligen.ch\/site\/wp-content\/uploads\/IMG_5758.jpg?fit=1023%2C734&ssl=1\" \/>\n\t<meta property=\"og:image:width\" content=\"1023\" \/>\n\t<meta property=\"og:image:height\" content=\"734\" \/>\n\t<meta property=\"og:image:type\" content=\"image\/jpeg\" \/>\n<meta name=\"author\" content=\"Christoph Stadelmann\" \/>\n<meta name=\"twitter:card\" content=\"summary_large_image\" \/>\n<meta name=\"twitter:label1\" content=\"Verfasst von\" \/>\n\t<meta name=\"twitter:data1\" content=\"Christoph Stadelmann\" \/>\n\t<meta name=\"twitter:label2\" content=\"Gesch\u00e4tzte Lesezeit\" \/>\n\t<meta name=\"twitter:data2\" content=\"3\u00a0Minuten\" \/>\n<script type=\"application\/ld+json\" class=\"yoast-schema-graph\">{\"@context\":\"https:\/\/schema.org\",\"@graph\":[{\"@type\":\"Article\",\"@id\":\"https:\/\/www.tvbolligen.ch\/site\/drei-medaillen-und-zwei-fuenfte-plaetze-am-seelaendischen-nachwuchsmehrkampf-in-lyss\/#article\",\"isPartOf\":{\"@id\":\"https:\/\/www.tvbolligen.ch\/site\/drei-medaillen-und-zwei-fuenfte-plaetze-am-seelaendischen-nachwuchsmehrkampf-in-lyss\/\"},\"author\":{\"name\":\"Christoph Stadelmann\",\"@id\":\"https:\/\/www.tvbolligen.ch\/site\/#\/schema\/person\/cf2ff3d29907f0355f91f6838672eaf4\"},\"headline\":\"Seel\u00e4ndischer Nachwuchsmehrkampf in Lyss, 08.09.2018\",\"datePublished\":\"2018-09-09T09:06:22+00:00\",\"dateModified\":\"2019-07-12T14:40:12+00:00\",\"mainEntityOfPage\":{\"@id\":\"https:\/\/www.tvbolligen.ch\/site\/drei-medaillen-und-zwei-fuenfte-plaetze-am-seelaendischen-nachwuchsmehrkampf-in-lyss\/\"},\"wordCount\":527,\"publisher\":{\"@id\":\"https:\/\/www.tvbolligen.ch\/site\/#organization\"},\"image\":{\"@id\":\"https:\/\/www.tvbolligen.ch\/site\/drei-medaillen-und-zwei-fuenfte-plaetze-am-seelaendischen-nachwuchsmehrkampf-in-lyss\/#primaryimage\"},\"thumbnailUrl\":\"https:\/\/i0.wp.com\/www.tvbolligen.ch\/site\/wp-content\/uploads\/IMG_5758.jpg?fit=1023%2C734&ssl=1\",\"keywords\":[\"Seel\u00e4ndischer Nachwuchsmehrkampf Lyss TV Bolligen\"],\"articleSection\":[\"LA\"],\"inLanguage\":\"de\"},{\"@type\":\"WebPage\",\"@id\":\"https:\/\/www.tvbolligen.ch\/site\/drei-medaillen-und-zwei-fuenfte-plaetze-am-seelaendischen-nachwuchsmehrkampf-in-lyss\/\",\"url\":\"https:\/\/www.tvbolligen.ch\/site\/drei-medaillen-und-zwei-fuenfte-plaetze-am-seelaendischen-nachwuchsmehrkampf-in-lyss\/\",\"name\":\"Seel\u00e4ndischer Nachwuchsmehrkampf in Lyss, 08.09.2018 - Turnverein Bolligen\",\"isPartOf\":{\"@id\":\"https:\/\/www.tvbolligen.ch\/site\/#website\"},\"primaryImageOfPage\":{\"@id\":\"https:\/\/www.tvbolligen.ch\/site\/drei-medaillen-und-zwei-fuenfte-plaetze-am-seelaendischen-nachwuchsmehrkampf-in-lyss\/#primaryimage\"},\"image\":{\"@id\":\"https:\/\/www.tvbolligen.ch\/site\/drei-medaillen-und-zwei-fuenfte-plaetze-am-seelaendischen-nachwuchsmehrkampf-in-lyss\/#primaryimage\"},\"thumbnailUrl\":\"https:\/\/i0.wp.com\/www.tvbolligen.ch\/site\/wp-content\/uploads\/IMG_5758.jpg?fit=1023%2C734&ssl=1\",\"datePublished\":\"2018-09-09T09:06:22+00:00\",\"dateModified\":\"2019-07-12T14:40:12+00:00\",\"breadcrumb\":{\"@id\":\"https:\/\/www.tvbolligen.ch\/site\/drei-medaillen-und-zwei-fuenfte-plaetze-am-seelaendischen-nachwuchsmehrkampf-in-lyss\/#breadcrumb\"},\"inLanguage\":\"de\",\"potentialAction\":[{\"@type\":\"ReadAction\",\"target\":[\"https:\/\/www.tvbolligen.ch\/site\/drei-medaillen-und-zwei-fuenfte-plaetze-am-seelaendischen-nachwuchsmehrkampf-in-lyss\/\"]}]},{\"@type\":\"ImageObject\",\"inLanguage\":\"de\",\"@id\":\"https:\/\/www.tvbolligen.ch\/site\/drei-medaillen-und-zwei-fuenfte-plaetze-am-seelaendischen-nachwuchsmehrkampf-in-lyss\/#primaryimage\",\"url\":\"https:\/\/i0.wp.com\/www.tvbolligen.ch\/site\/wp-content\/uploads\/IMG_5758.jpg?fit=1023%2C734&ssl=1\",\"contentUrl\":\"https:\/\/i0.wp.com\/www.tvbolligen.ch\/site\/wp-content\/uploads\/IMG_5758.jpg?fit=1023%2C734&ssl=1\",\"width\":1023,\"height\":734},{\"@type\":\"BreadcrumbList\",\"@id\":\"https:\/\/www.tvbolligen.ch\/site\/drei-medaillen-und-zwei-fuenfte-plaetze-am-seelaendischen-nachwuchsmehrkampf-in-lyss\/#breadcrumb\",\"itemListElement\":[{\"@type\":\"ListItem\",\"position\":1,\"name\":\"Home\",\"item\":\"https:\/\/www.tvbolligen.ch\/site\/\"},{\"@type\":\"ListItem\",\"position\":2,\"name\":\"Seel\u00e4ndischer Nachwuchsmehrkampf in Lyss, 08.09.2018\"}]},{\"@type\":\"WebSite\",\"@id\":\"https:\/\/www.tvbolligen.ch\/site\/#website\",\"url\":\"https:\/\/www.tvbolligen.ch\/site\/\",\"name\":\"Turnverein Bolligen\",\"description\":\"Sport f\u00fcr Jung und Alt in Bolligen\",\"publisher\":{\"@id\":\"https:\/\/www.tvbolligen.ch\/site\/#organization\"},\"potentialAction\":[{\"@type\":\"SearchAction\",\"target\":{\"@type\":\"EntryPoint\",\"urlTemplate\":\"https:\/\/www.tvbolligen.ch\/site\/?s={search_term_string}\"},\"query-input\":{\"@type\":\"PropertyValueSpecification\",\"valueRequired\":true,\"valueName\":\"search_term_string\"}}],\"inLanguage\":\"de\"},{\"@type\":\"Organization\",\"@id\":\"https:\/\/www.tvbolligen.ch\/site\/#organization\",\"name\":\"Turnverein Bolligen\",\"url\":\"https:\/\/www.tvbolligen.ch\/site\/\",\"logo\":{\"@type\":\"ImageObject\",\"inLanguage\":\"de\",\"@id\":\"https:\/\/www.tvbolligen.ch\/site\/#\/schema\/logo\/image\/\",\"url\":\"https:\/\/i0.wp.com\/www.tvbolligen.ch\/site\/wp-content\/uploads\/2015\/12\/Logo_TV_mittel.png?fit=1000%2C303&ssl=1\",\"contentUrl\":\"https:\/\/i0.wp.com\/www.tvbolligen.ch\/site\/wp-content\/uploads\/2015\/12\/Logo_TV_mittel.png?fit=1000%2C303&ssl=1\",\"width\":1000,\"height\":303,\"caption\":\"Turnverein Bolligen\"},\"image\":{\"@id\":\"https:\/\/www.tvbolligen.ch\/site\/#\/schema\/logo\/image\/\"}},{\"@type\":\"Person\",\"@id\":\"https:\/\/www.tvbolligen.ch\/site\/#\/schema\/person\/cf2ff3d29907f0355f91f6838672eaf4\",\"name\":\"Christoph Stadelmann\",\"image\":{\"@type\":\"ImageObject\",\"inLanguage\":\"de\",\"@id\":\"https:\/\/www.tvbolligen.ch\/site\/#\/schema\/person\/image\/\",\"url\":\"https:\/\/secure.gravatar.com\/avatar\/eb36e22abc5edb516c894c982c651ddde21b1dc17f96bef394f2f54c3f96d06d?s=96&d=mm&r=g\",\"contentUrl\":\"https:\/\/secure.gravatar.com\/avatar\/eb36e22abc5edb516c894c982c651ddde21b1dc17f96bef394f2f54c3f96d06d?s=96&d=mm&r=g\",\"caption\":\"Christoph Stadelmann\"},\"url\":\"https:\/\/www.tvbolligen.ch\/site\/author\/stadli\/\"}]}<\/script>\n<!-- \/ Yoast SEO plugin. -->","yoast_head_json":{"title":"Seel\u00e4ndischer Nachwuchsmehrkampf in Lyss, 08.09.2018 - Turnverein Bolligen","robots":{"index":"index","follow":"follow","max-snippet":"max-snippet:-1","max-image-preview":"max-image-preview:large","max-video-preview":"max-video-preview:-1"},"canonical":"https:\/\/www.tvbolligen.ch\/site\/drei-medaillen-und-zwei-fuenfte-plaetze-am-seelaendischen-nachwuchsmehrkampf-in-lyss\/","og_locale":"de_DE","og_type":"article","og_title":"Seel\u00e4ndischer Nachwuchsmehrkampf in Lyss, 08.09.2018 - Turnverein Bolligen","og_description":"Drei Medaillen und zwei f\u00fcnfte Pl\u00e4tze am Seel\u00e4ndischen Nachwuchsmehrkampf in Lyss Am Seel\u00e4ndischen Nachwuchsmehrkampf in Lyss, der f\u00fcr die f\u00fcnf startenden Athleten des TV Bolligen gleichzeitig auch der Saisonabschluss darstellte, absolvierten die Nachwuchssportler einen Vierkampf bestehend aus den Disziplinen 60m, Ballweitwurf, Weitsprung und 1000m. Dabei zeigten die Bolliger ausgezeichnete Leistungen. Beginnen wir mit den beiden [&hellip;]","og_url":"https:\/\/www.tvbolligen.ch\/site\/drei-medaillen-und-zwei-fuenfte-plaetze-am-seelaendischen-nachwuchsmehrkampf-in-lyss\/","og_site_name":"Turnverein Bolligen","article_published_time":"2018-09-09T09:06:22+00:00","article_modified_time":"2019-07-12T14:40:12+00:00","og_image":[{"width":1023,"height":734,"url":"https:\/\/i0.wp.com\/www.tvbolligen.ch\/site\/wp-content\/uploads\/IMG_5758.jpg?fit=1023%2C734&ssl=1","type":"image\/jpeg"}],"author":"Christoph Stadelmann","twitter_card":"summary_large_image","twitter_misc":{"Verfasst von":"Christoph Stadelmann","Gesch\u00e4tzte Lesezeit":"3\u00a0Minuten"},"schema":{"@context":"https:\/\/schema.org","@graph":[{"@type":"Article","@id":"https:\/\/www.tvbolligen.ch\/site\/drei-medaillen-und-zwei-fuenfte-plaetze-am-seelaendischen-nachwuchsmehrkampf-in-lyss\/#article","isPartOf":{"@id":"https:\/\/www.tvbolligen.ch\/site\/drei-medaillen-und-zwei-fuenfte-plaetze-am-seelaendischen-nachwuchsmehrkampf-in-lyss\/"},"author":{"name":"Christoph Stadelmann","@id":"https:\/\/www.tvbolligen.ch\/site\/#\/schema\/person\/cf2ff3d29907f0355f91f6838672eaf4"},"headline":"Seel\u00e4ndischer Nachwuchsmehrkampf in Lyss, 08.09.2018","datePublished":"2018-09-09T09:06:22+00:00","dateModified":"2019-07-12T14:40:12+00:00","mainEntityOfPage":{"@id":"https:\/\/www.tvbolligen.ch\/site\/drei-medaillen-und-zwei-fuenfte-plaetze-am-seelaendischen-nachwuchsmehrkampf-in-lyss\/"},"wordCount":527,"publisher":{"@id":"https:\/\/www.tvbolligen.ch\/site\/#organization"},"image":{"@id":"https:\/\/www.tvbolligen.ch\/site\/drei-medaillen-und-zwei-fuenfte-plaetze-am-seelaendischen-nachwuchsmehrkampf-in-lyss\/#primaryimage"},"thumbnailUrl":"https:\/\/i0.wp.com\/www.tvbolligen.ch\/site\/wp-content\/uploads\/IMG_5758.jpg?fit=1023%2C734&ssl=1","keywords":["Seel\u00e4ndischer Nachwuchsmehrkampf Lyss TV Bolligen"],"articleSection":["LA"],"inLanguage":"de"},{"@type":"WebPage","@id":"https:\/\/www.tvbolligen.ch\/site\/drei-medaillen-und-zwei-fuenfte-plaetze-am-seelaendischen-nachwuchsmehrkampf-in-lyss\/","url":"https:\/\/www.tvbolligen.ch\/site\/drei-medaillen-und-zwei-fuenfte-plaetze-am-seelaendischen-nachwuchsmehrkampf-in-lyss\/","name":"Seel\u00e4ndischer Nachwuchsmehrkampf in Lyss, 08.09.2018 - Turnverein Bolligen","isPartOf":{"@id":"https:\/\/www.tvbolligen.ch\/site\/#website"},"primaryImageOfPage":{"@id":"https:\/\/www.tvbolligen.ch\/site\/drei-medaillen-und-zwei-fuenfte-plaetze-am-seelaendischen-nachwuchsmehrkampf-in-lyss\/#primaryimage"},"image":{"@id":"https:\/\/www.tvbolligen.ch\/site\/drei-medaillen-und-zwei-fuenfte-plaetze-am-seelaendischen-nachwuchsmehrkampf-in-lyss\/#primaryimage"},"thumbnailUrl":"https:\/\/i0.wp.com\/www.tvbolligen.ch\/site\/wp-content\/uploads\/IMG_5758.jpg?fit=1023%2C734&ssl=1","datePublished":"2018-09-09T09:06:22+00:00","dateModified":"2019-07-12T14:40:12+00:00","breadcrumb":{"@id":"https:\/\/www.tvbolligen.ch\/site\/drei-medaillen-und-zwei-fuenfte-plaetze-am-seelaendischen-nachwuchsmehrkampf-in-lyss\/#breadcrumb"},"inLanguage":"de","potentialAction":[{"@type":"ReadAction","target":["https:\/\/www.tvbolligen.ch\/site\/drei-medaillen-und-zwei-fuenfte-plaetze-am-seelaendischen-nachwuchsmehrkampf-in-lyss\/"]}]},{"@type":"ImageObject","inLanguage":"de","@id":"https:\/\/www.tvbolligen.ch\/site\/drei-medaillen-und-zwei-fuenfte-plaetze-am-seelaendischen-nachwuchsmehrkampf-in-lyss\/#primaryimage","url":"https:\/\/i0.wp.com\/www.tvbolligen.ch\/site\/wp-content\/uploads\/IMG_5758.jpg?fit=1023%2C734&ssl=1","contentUrl":"https:\/\/i0.wp.com\/www.tvbolligen.ch\/site\/wp-content\/uploads\/IMG_5758.jpg?fit=1023%2C734&ssl=1","width":1023,"height":734},{"@type":"BreadcrumbList","@id":"https:\/\/www.tvbolligen.ch\/site\/drei-medaillen-und-zwei-fuenfte-plaetze-am-seelaendischen-nachwuchsmehrkampf-in-lyss\/#breadcrumb","itemListElement":[{"@type":"ListItem","position":1,"name":"Home","item":"https:\/\/www.tvbolligen.ch\/site\/"},{"@type":"ListItem","position":2,"name":"Seel\u00e4ndischer Nachwuchsmehrkampf in Lyss, 08.09.2018"}]},{"@type":"WebSite","@id":"https:\/\/www.tvbolligen.ch\/site\/#website","url":"https:\/\/www.tvbolligen.ch\/site\/","name":"Turnverein Bolligen","description":"Sport f\u00fcr Jung und Alt in Bolligen","publisher":{"@id":"https:\/\/www.tvbolligen.ch\/site\/#organization"},"potentialAction":[{"@type":"SearchAction","target":{"@type":"EntryPoint","urlTemplate":"https:\/\/www.tvbolligen.ch\/site\/?s={search_term_string}"},"query-input":{"@type":"PropertyValueSpecification","valueRequired":true,"valueName":"search_term_string"}}],"inLanguage":"de"},{"@type":"Organization","@id":"https:\/\/www.tvbolligen.ch\/site\/#organization","name":"Turnverein Bolligen","url":"https:\/\/www.tvbolligen.ch\/site\/","logo":{"@type":"ImageObject","inLanguage":"de","@id":"https:\/\/www.tvbolligen.ch\/site\/#\/schema\/logo\/image\/","url":"https:\/\/i0.wp.com\/www.tvbolligen.ch\/site\/wp-content\/uploads\/2015\/12\/Logo_TV_mittel.png?fit=1000%2C303&ssl=1","contentUrl":"https:\/\/i0.wp.com\/www.tvbolligen.ch\/site\/wp-content\/uploads\/2015\/12\/Logo_TV_mittel.png?fit=1000%2C303&ssl=1","width":1000,"height":303,"caption":"Turnverein Bolligen"},"image":{"@id":"https:\/\/www.tvbolligen.ch\/site\/#\/schema\/logo\/image\/"}},{"@type":"Person","@id":"https:\/\/www.tvbolligen.ch\/site\/#\/schema\/person\/cf2ff3d29907f0355f91f6838672eaf4","name":"Christoph Stadelmann","image":{"@type":"ImageObject","inLanguage":"de","@id":"https:\/\/www.tvbolligen.ch\/site\/#\/schema\/person\/image\/","url":"https:\/\/secure.gravatar.com\/avatar\/eb36e22abc5edb516c894c982c651ddde21b1dc17f96bef394f2f54c3f96d06d?s=96&d=mm&r=g","contentUrl":"https:\/\/secure.gravatar.com\/avatar\/eb36e22abc5edb516c894c982c651ddde21b1dc17f96bef394f2f54c3f96d06d?s=96&d=mm&r=g","caption":"Christoph Stadelmann"},"url":"https:\/\/www.tvbolligen.ch\/site\/author\/stadli\/"}]}},"jetpack_publicize_connections":[],"jetpack_featured_media_url":"https:\/\/i0.wp.com\/www.tvbolligen.ch\/site\/wp-content\/uploads\/IMG_5758.jpg?fit=1023%2C734&ssl=1","jetpack_sharing_enabled":true,"jetpack_shortlink":"https:\/\/wp.me\/p751GT-4rz","_links":{"self":[{"href":"https:\/\/www.tvbolligen.ch\/site\/wp-json\/wp\/v2\/posts\/17085","targetHints":{"allow":["GET"]}}],"collection":[{"href":"https:\/\/www.tvbolligen.ch\/site\/wp-json\/wp\/v2\/posts"}],"about":[{"href":"https:\/\/www.tvbolligen.ch\/site\/wp-json\/wp\/v2\/types\/post"}],"author":[{"embeddable":true,"href":"https:\/\/www.tvbolligen.ch\/site\/wp-json\/wp\/v2\/users\/16"}],"replies":[{"embeddable":true,"href":"https:\/\/www.tvbolligen.ch\/site\/wp-json\/wp\/v2\/comments?post=17085"}],"version-history":[{"count":0,"href":"https:\/\/www.tvbolligen.ch\/site\/wp-json\/wp\/v2\/posts\/17085\/revisions"}],"wp:featuredmedia":[{"embeddable":true,"href":"https:\/\/www.tvbolligen.ch\/site\/wp-json\/wp\/v2\/media\/17086"}],"wp:attachment":[{"href":"https:\/\/www.tvbolligen.ch\/site\/wp-json\/wp\/v2\/media?parent=17085"}],"wp:term":[{"taxonomy":"category","embeddable":true,"href":"https:\/\/www.tvbolligen.ch\/site\/wp-json\/wp\/v2\/categories?post=17085"},{"taxonomy":"post_tag","embeddable":true,"href":"https:\/\/www.tvbolligen.ch\/site\/wp-json\/wp\/v2\/tags?post=17085"}],"curies":[{"name":"wp","href":"https:\/\/api.w.org\/{rel}","templated":true}]}}