{"id":17113,"date":"2018-09-16T16:51:11","date_gmt":"2018-09-16T15:51:11","guid":{"rendered":"http:\/\/www.tvbolligen.ch\/site\/?p=17113"},"modified":"2019-07-14T11:58:17","modified_gmt":"2019-07-14T10:58:17","slug":"europapark-16-09-2018","status":"publish","type":"post","link":"https:\/\/www.tvbolligen.ch\/site\/europapark-16-09-2018\/","title":{"rendered":"Europapark, 16.09.2018"},"content":{"rendered":"<p>Am Sonntag, dem 16. September f\u00fchren wir endlich mit dem ganzen Leichtathletik in den Europapark. Der Car holte alle 50 Leute um 6:15Uhr im Luteral ab. Nach ungef\u00e4hr 2,5h fahrt erreichten wir endlich den Europapark. In Gruppen von 6-8 Personen besuchte die ganze Leichtathletikgruppe den Europapark und fuhr diverse Bahnen. Es war ein actionreicher, spannender und lustiger Tag. Bei der R\u00fcckfahrt waren alle ersch\u00f6pft jedoch happy nach einem aufregenden Tag. Wir hoffen ihr hattet alle Spass.<\/p>\n<p>&nbsp;<\/p>\n<p>F\u00fcr uns war es ein supertoller Tag, es hat \u00abgf\u00e4gt\u00bb mit euch allen<\/p>\n<p>Gregu, M\u00fcri, Sim\u00e4, Lena, Markus, L\u00fcku, Chrigu<\/p>\n<p>&nbsp;<\/p>\n","protected":false},"excerpt":{"rendered":"<p>Am Sonntag, dem 16. September f\u00fchren wir endlich mit dem ganzen Leichtathletik in den Europapark. Der Car holte alle 50 Leute um 6:15Uhr im Luteral ab. Nach ungef\u00e4hr 2,5h fahrt erreichten wir endlich den Europapark. In Gruppen von 6-8 Personen besuchte die ganze Leichtathletikgruppe den Europapark und fuhr diverse Bahnen. Es war ein actionreicher, spannender [&hellip;]<\/p>\n","protected":false},"author":4,"featured_media":17114,"comment_status":"closed","ping_status":"closed","sticky":false,"template":"","format":"standard","meta":{"_et_pb_use_builder":"","_et_pb_old_content":"","_et_gb_content_width":"","ngg_post_thumbnail":0,"jetpack_post_was_ever_published":false,"_jetpack_newsletter_access":"","_jetpack_dont_email_post_to_subs":false,"_jetpack_newsletter_tier_id":0,"_jetpack_memberships_contains_paywalled_content":false,"_jetpack_memberships_contains_paid_content":false,"footnotes":"","jetpack_publicize_message":"","jetpack_publicize_feature_enabled":true,"jetpack_social_post_already_shared":true,"jetpack_social_options":{"image_generator_settings":{"template":"highway","enabled":false},"version":2}},"categories":[12],"tags":[],"class_list":["post-17113","post","type-post","status-publish","format-standard","has-post-thumbnail","hentry","category-la"],"yoast_head":"<!-- This site is optimized with the Yoast SEO plugin v25.1 - https:\/\/yoast.com\/wordpress\/plugins\/seo\/ -->\n<title>Europapark, 16.09.2018 - Turnverein Bolligen<\/title>\n<meta name=\"robots\" content=\"index, follow, max-snippet:-1, max-image-preview:large, max-video-preview:-1\" \/>\n<link rel=\"canonical\" href=\"https:\/\/www.tvbolligen.ch\/site\/europapark-16-09-2018\/\" \/>\n<meta property=\"og:locale\" content=\"de_DE\" \/>\n<meta property=\"og:type\" content=\"article\" \/>\n<meta property=\"og:title\" content=\"Europapark, 16.09.2018 - Turnverein Bolligen\" \/>\n<meta property=\"og:description\" content=\"Am Sonntag, dem 16. September f\u00fchren wir endlich mit dem ganzen Leichtathletik in den Europapark. Der Car holte alle 50 Leute um 6:15Uhr im Luteral ab. Nach ungef\u00e4hr 2,5h fahrt erreichten wir endlich den Europapark. In Gruppen von 6-8 Personen besuchte die ganze Leichtathletikgruppe den Europapark und fuhr diverse Bahnen. Es war ein actionreicher, spannender [&hellip;]\" \/>\n<meta property=\"og:url\" content=\"https:\/\/www.tvbolligen.ch\/site\/europapark-16-09-2018\/\" \/>\n<meta property=\"og:site_name\" content=\"Turnverein Bolligen\" \/>\n<meta property=\"article:published_time\" content=\"2018-09-16T15:51:11+00:00\" \/>\n<meta property=\"article:modified_time\" content=\"2019-07-14T10:58:17+00:00\" \/>\n<meta property=\"og:image\" content=\"https:\/\/i0.wp.com\/www.tvbolligen.ch\/site\/wp-content\/uploads\/WLZE4354.jpg?fit=1600%2C777&ssl=1\" \/>\n\t<meta property=\"og:image:width\" content=\"1600\" \/>\n\t<meta property=\"og:image:height\" content=\"777\" \/>\n\t<meta property=\"og:image:type\" content=\"image\/jpeg\" \/>\n<meta name=\"author\" content=\"Simone Rohrer\" \/>\n<meta name=\"twitter:card\" content=\"summary_large_image\" \/>\n<meta name=\"twitter:label1\" content=\"Verfasst von\" \/>\n\t<meta name=\"twitter:data1\" content=\"Simone Rohrer\" \/>\n\t<meta name=\"twitter:label2\" content=\"Gesch\u00e4tzte Lesezeit\" \/>\n\t<meta name=\"twitter:data2\" content=\"1\u00a0Minute\" \/>\n<script type=\"application\/ld+json\" class=\"yoast-schema-graph\">{\"@context\":\"https:\/\/schema.org\",\"@graph\":[{\"@type\":\"Article\",\"@id\":\"https:\/\/www.tvbolligen.ch\/site\/europapark-16-09-2018\/#article\",\"isPartOf\":{\"@id\":\"https:\/\/www.tvbolligen.ch\/site\/europapark-16-09-2018\/\"},\"author\":{\"name\":\"Simone Rohrer\",\"@id\":\"https:\/\/www.tvbolligen.ch\/site\/#\/schema\/person\/274aace6a6522a6c3cbc065d5e2966d7\"},\"headline\":\"Europapark, 16.09.2018\",\"datePublished\":\"2018-09-16T15:51:11+00:00\",\"dateModified\":\"2019-07-14T10:58:17+00:00\",\"mainEntityOfPage\":{\"@id\":\"https:\/\/www.tvbolligen.ch\/site\/europapark-16-09-2018\/\"},\"wordCount\":105,\"publisher\":{\"@id\":\"https:\/\/www.tvbolligen.ch\/site\/#organization\"},\"image\":{\"@id\":\"https:\/\/www.tvbolligen.ch\/site\/europapark-16-09-2018\/#primaryimage\"},\"thumbnailUrl\":\"https:\/\/i0.wp.com\/www.tvbolligen.ch\/site\/wp-content\/uploads\/WLZE4354.jpg?fit=1600%2C777&ssl=1\",\"articleSection\":[\"LA\"],\"inLanguage\":\"de\"},{\"@type\":\"WebPage\",\"@id\":\"https:\/\/www.tvbolligen.ch\/site\/europapark-16-09-2018\/\",\"url\":\"https:\/\/www.tvbolligen.ch\/site\/europapark-16-09-2018\/\",\"name\":\"Europapark, 16.09.2018 - Turnverein Bolligen\",\"isPartOf\":{\"@id\":\"https:\/\/www.tvbolligen.ch\/site\/#website\"},\"primaryImageOfPage\":{\"@id\":\"https:\/\/www.tvbolligen.ch\/site\/europapark-16-09-2018\/#primaryimage\"},\"image\":{\"@id\":\"https:\/\/www.tvbolligen.ch\/site\/europapark-16-09-2018\/#primaryimage\"},\"thumbnailUrl\":\"https:\/\/i0.wp.com\/www.tvbolligen.ch\/site\/wp-content\/uploads\/WLZE4354.jpg?fit=1600%2C777&ssl=1\",\"datePublished\":\"2018-09-16T15:51:11+00:00\",\"dateModified\":\"2019-07-14T10:58:17+00:00\",\"breadcrumb\":{\"@id\":\"https:\/\/www.tvbolligen.ch\/site\/europapark-16-09-2018\/#breadcrumb\"},\"inLanguage\":\"de\",\"potentialAction\":[{\"@type\":\"ReadAction\",\"target\":[\"https:\/\/www.tvbolligen.ch\/site\/europapark-16-09-2018\/\"]}]},{\"@type\":\"ImageObject\",\"inLanguage\":\"de\",\"@id\":\"https:\/\/www.tvbolligen.ch\/site\/europapark-16-09-2018\/#primaryimage\",\"url\":\"https:\/\/i0.wp.com\/www.tvbolligen.ch\/site\/wp-content\/uploads\/WLZE4354.jpg?fit=1600%2C777&ssl=1\",\"contentUrl\":\"https:\/\/i0.wp.com\/www.tvbolligen.ch\/site\/wp-content\/uploads\/WLZE4354.jpg?fit=1600%2C777&ssl=1\",\"width\":1600,\"height\":777},{\"@type\":\"BreadcrumbList\",\"@id\":\"https:\/\/www.tvbolligen.ch\/site\/europapark-16-09-2018\/#breadcrumb\",\"itemListElement\":[{\"@type\":\"ListItem\",\"position\":1,\"name\":\"Home\",\"item\":\"https:\/\/www.tvbolligen.ch\/site\/\"},{\"@type\":\"ListItem\",\"position\":2,\"name\":\"Europapark, 16.09.2018\"}]},{\"@type\":\"WebSite\",\"@id\":\"https:\/\/www.tvbolligen.ch\/site\/#website\",\"url\":\"https:\/\/www.tvbolligen.ch\/site\/\",\"name\":\"Turnverein Bolligen\",\"description\":\"Sport f\u00fcr Jung und Alt in Bolligen\",\"publisher\":{\"@id\":\"https:\/\/www.tvbolligen.ch\/site\/#organization\"},\"potentialAction\":[{\"@type\":\"SearchAction\",\"target\":{\"@type\":\"EntryPoint\",\"urlTemplate\":\"https:\/\/www.tvbolligen.ch\/site\/?s={search_term_string}\"},\"query-input\":{\"@type\":\"PropertyValueSpecification\",\"valueRequired\":true,\"valueName\":\"search_term_string\"}}],\"inLanguage\":\"de\"},{\"@type\":\"Organization\",\"@id\":\"https:\/\/www.tvbolligen.ch\/site\/#organization\",\"name\":\"Turnverein Bolligen\",\"url\":\"https:\/\/www.tvbolligen.ch\/site\/\",\"logo\":{\"@type\":\"ImageObject\",\"inLanguage\":\"de\",\"@id\":\"https:\/\/www.tvbolligen.ch\/site\/#\/schema\/logo\/image\/\",\"url\":\"https:\/\/i0.wp.com\/www.tvbolligen.ch\/site\/wp-content\/uploads\/2015\/12\/Logo_TV_mittel.png?fit=1000%2C303&ssl=1\",\"contentUrl\":\"https:\/\/i0.wp.com\/www.tvbolligen.ch\/site\/wp-content\/uploads\/2015\/12\/Logo_TV_mittel.png?fit=1000%2C303&ssl=1\",\"width\":1000,\"height\":303,\"caption\":\"Turnverein Bolligen\"},\"image\":{\"@id\":\"https:\/\/www.tvbolligen.ch\/site\/#\/schema\/logo\/image\/\"}},{\"@type\":\"Person\",\"@id\":\"https:\/\/www.tvbolligen.ch\/site\/#\/schema\/person\/274aace6a6522a6c3cbc065d5e2966d7\",\"name\":\"Simone Rohrer\",\"image\":{\"@type\":\"ImageObject\",\"inLanguage\":\"de\",\"@id\":\"https:\/\/www.tvbolligen.ch\/site\/#\/schema\/person\/image\/\",\"url\":\"https:\/\/secure.gravatar.com\/avatar\/2044ceef21b229a355e9b3cc7bd07d2a8f94c1ebe34699d30e7347d5f93826ea?s=96&d=mm&r=g\",\"contentUrl\":\"https:\/\/secure.gravatar.com\/avatar\/2044ceef21b229a355e9b3cc7bd07d2a8f94c1ebe34699d30e7347d5f93826ea?s=96&d=mm&r=g\",\"caption\":\"Simone Rohrer\"},\"url\":\"https:\/\/www.tvbolligen.ch\/site\/author\/simone\/\"}]}<\/script>\n<!-- \/ Yoast SEO plugin. -->","yoast_head_json":{"title":"Europapark, 16.09.2018 - Turnverein Bolligen","robots":{"index":"index","follow":"follow","max-snippet":"max-snippet:-1","max-image-preview":"max-image-preview:large","max-video-preview":"max-video-preview:-1"},"canonical":"https:\/\/www.tvbolligen.ch\/site\/europapark-16-09-2018\/","og_locale":"de_DE","og_type":"article","og_title":"Europapark, 16.09.2018 - Turnverein Bolligen","og_description":"Am Sonntag, dem 16. September f\u00fchren wir endlich mit dem ganzen Leichtathletik in den Europapark. Der Car holte alle 50 Leute um 6:15Uhr im Luteral ab. Nach ungef\u00e4hr 2,5h fahrt erreichten wir endlich den Europapark. In Gruppen von 6-8 Personen besuchte die ganze Leichtathletikgruppe den Europapark und fuhr diverse Bahnen. Es war ein actionreicher, spannender [&hellip;]","og_url":"https:\/\/www.tvbolligen.ch\/site\/europapark-16-09-2018\/","og_site_name":"Turnverein Bolligen","article_published_time":"2018-09-16T15:51:11+00:00","article_modified_time":"2019-07-14T10:58:17+00:00","og_image":[{"width":1600,"height":777,"url":"https:\/\/i0.wp.com\/www.tvbolligen.ch\/site\/wp-content\/uploads\/WLZE4354.jpg?fit=1600%2C777&ssl=1","type":"image\/jpeg"}],"author":"Simone Rohrer","twitter_card":"summary_large_image","twitter_misc":{"Verfasst von":"Simone Rohrer","Gesch\u00e4tzte Lesezeit":"1\u00a0Minute"},"schema":{"@context":"https:\/\/schema.org","@graph":[{"@type":"Article","@id":"https:\/\/www.tvbolligen.ch\/site\/europapark-16-09-2018\/#article","isPartOf":{"@id":"https:\/\/www.tvbolligen.ch\/site\/europapark-16-09-2018\/"},"author":{"name":"Simone Rohrer","@id":"https:\/\/www.tvbolligen.ch\/site\/#\/schema\/person\/274aace6a6522a6c3cbc065d5e2966d7"},"headline":"Europapark, 16.09.2018","datePublished":"2018-09-16T15:51:11+00:00","dateModified":"2019-07-14T10:58:17+00:00","mainEntityOfPage":{"@id":"https:\/\/www.tvbolligen.ch\/site\/europapark-16-09-2018\/"},"wordCount":105,"publisher":{"@id":"https:\/\/www.tvbolligen.ch\/site\/#organization"},"image":{"@id":"https:\/\/www.tvbolligen.ch\/site\/europapark-16-09-2018\/#primaryimage"},"thumbnailUrl":"https:\/\/i0.wp.com\/www.tvbolligen.ch\/site\/wp-content\/uploads\/WLZE4354.jpg?fit=1600%2C777&ssl=1","articleSection":["LA"],"inLanguage":"de"},{"@type":"WebPage","@id":"https:\/\/www.tvbolligen.ch\/site\/europapark-16-09-2018\/","url":"https:\/\/www.tvbolligen.ch\/site\/europapark-16-09-2018\/","name":"Europapark, 16.09.2018 - Turnverein Bolligen","isPartOf":{"@id":"https:\/\/www.tvbolligen.ch\/site\/#website"},"primaryImageOfPage":{"@id":"https:\/\/www.tvbolligen.ch\/site\/europapark-16-09-2018\/#primaryimage"},"image":{"@id":"https:\/\/www.tvbolligen.ch\/site\/europapark-16-09-2018\/#primaryimage"},"thumbnailUrl":"https:\/\/i0.wp.com\/www.tvbolligen.ch\/site\/wp-content\/uploads\/WLZE4354.jpg?fit=1600%2C777&ssl=1","datePublished":"2018-09-16T15:51:11+00:00","dateModified":"2019-07-14T10:58:17+00:00","breadcrumb":{"@id":"https:\/\/www.tvbolligen.ch\/site\/europapark-16-09-2018\/#breadcrumb"},"inLanguage":"de","potentialAction":[{"@type":"ReadAction","target":["https:\/\/www.tvbolligen.ch\/site\/europapark-16-09-2018\/"]}]},{"@type":"ImageObject","inLanguage":"de","@id":"https:\/\/www.tvbolligen.ch\/site\/europapark-16-09-2018\/#primaryimage","url":"https:\/\/i0.wp.com\/www.tvbolligen.ch\/site\/wp-content\/uploads\/WLZE4354.jpg?fit=1600%2C777&ssl=1","contentUrl":"https:\/\/i0.wp.com\/www.tvbolligen.ch\/site\/wp-content\/uploads\/WLZE4354.jpg?fit=1600%2C777&ssl=1","width":1600,"height":777},{"@type":"BreadcrumbList","@id":"https:\/\/www.tvbolligen.ch\/site\/europapark-16-09-2018\/#breadcrumb","itemListElement":[{"@type":"ListItem","position":1,"name":"Home","item":"https:\/\/www.tvbolligen.ch\/site\/"},{"@type":"ListItem","position":2,"name":"Europapark, 16.09.2018"}]},{"@type":"WebSite","@id":"https:\/\/www.tvbolligen.ch\/site\/#website","url":"https:\/\/www.tvbolligen.ch\/site\/","name":"Turnverein Bolligen","description":"Sport f\u00fcr Jung und Alt in Bolligen","publisher":{"@id":"https:\/\/www.tvbolligen.ch\/site\/#organization"},"potentialAction":[{"@type":"SearchAction","target":{"@type":"EntryPoint","urlTemplate":"https:\/\/www.tvbolligen.ch\/site\/?s={search_term_string}"},"query-input":{"@type":"PropertyValueSpecification","valueRequired":true,"valueName":"search_term_string"}}],"inLanguage":"de"},{"@type":"Organization","@id":"https:\/\/www.tvbolligen.ch\/site\/#organization","name":"Turnverein Bolligen","url":"https:\/\/www.tvbolligen.ch\/site\/","logo":{"@type":"ImageObject","inLanguage":"de","@id":"https:\/\/www.tvbolligen.ch\/site\/#\/schema\/logo\/image\/","url":"https:\/\/i0.wp.com\/www.tvbolligen.ch\/site\/wp-content\/uploads\/2015\/12\/Logo_TV_mittel.png?fit=1000%2C303&ssl=1","contentUrl":"https:\/\/i0.wp.com\/www.tvbolligen.ch\/site\/wp-content\/uploads\/2015\/12\/Logo_TV_mittel.png?fit=1000%2C303&ssl=1","width":1000,"height":303,"caption":"Turnverein Bolligen"},"image":{"@id":"https:\/\/www.tvbolligen.ch\/site\/#\/schema\/logo\/image\/"}},{"@type":"Person","@id":"https:\/\/www.tvbolligen.ch\/site\/#\/schema\/person\/274aace6a6522a6c3cbc065d5e2966d7","name":"Simone Rohrer","image":{"@type":"ImageObject","inLanguage":"de","@id":"https:\/\/www.tvbolligen.ch\/site\/#\/schema\/person\/image\/","url":"https:\/\/secure.gravatar.com\/avatar\/2044ceef21b229a355e9b3cc7bd07d2a8f94c1ebe34699d30e7347d5f93826ea?s=96&d=mm&r=g","contentUrl":"https:\/\/secure.gravatar.com\/avatar\/2044ceef21b229a355e9b3cc7bd07d2a8f94c1ebe34699d30e7347d5f93826ea?s=96&d=mm&r=g","caption":"Simone Rohrer"},"url":"https:\/\/www.tvbolligen.ch\/site\/author\/simone\/"}]}},"jetpack_publicize_connections":[],"jetpack_featured_media_url":"https:\/\/i0.wp.com\/www.tvbolligen.ch\/site\/wp-content\/uploads\/WLZE4354.jpg?fit=1600%2C777&ssl=1","jetpack_sharing_enabled":true,"jetpack_shortlink":"https:\/\/wp.me\/p751GT-4s1","_links":{"self":[{"href":"https:\/\/www.tvbolligen.ch\/site\/wp-json\/wp\/v2\/posts\/17113","targetHints":{"allow":["GET"]}}],"collection":[{"href":"https:\/\/www.tvbolligen.ch\/site\/wp-json\/wp\/v2\/posts"}],"about":[{"href":"https:\/\/www.tvbolligen.ch\/site\/wp-json\/wp\/v2\/types\/post"}],"author":[{"embeddable":true,"href":"https:\/\/www.tvbolligen.ch\/site\/wp-json\/wp\/v2\/users\/4"}],"replies":[{"embeddable":true,"href":"https:\/\/www.tvbolligen.ch\/site\/wp-json\/wp\/v2\/comments?post=17113"}],"version-history":[{"count":0,"href":"https:\/\/www.tvbolligen.ch\/site\/wp-json\/wp\/v2\/posts\/17113\/revisions"}],"wp:featuredmedia":[{"embeddable":true,"href":"https:\/\/www.tvbolligen.ch\/site\/wp-json\/wp\/v2\/media\/17114"}],"wp:attachment":[{"href":"https:\/\/www.tvbolligen.ch\/site\/wp-json\/wp\/v2\/media?parent=17113"}],"wp:term":[{"taxonomy":"category","embeddable":true,"href":"https:\/\/www.tvbolligen.ch\/site\/wp-json\/wp\/v2\/categories?post=17113"},{"taxonomy":"post_tag","embeddable":true,"href":"https:\/\/www.tvbolligen.ch\/site\/wp-json\/wp\/v2\/tags?post=17113"}],"curies":[{"name":"wp","href":"https:\/\/api.w.org\/{rel}","templated":true}]}}