{"id":17379,"date":"2019-03-10T20:36:07","date_gmt":"2019-03-10T19:36:07","guid":{"rendered":"http:\/\/www.tvbolligen.ch\/site\/?p=17379"},"modified":"2019-07-13T15:29:14","modified_gmt":"2019-07-13T14:29:14","slug":"regionalfinal-burgdorf","status":"publish","type":"post","link":"https:\/\/www.tvbolligen.ch\/site\/regionalfinal-burgdorf\/","title":{"rendered":"UBS Kids Cup Team Regionalfinal Burgdorf, 10.03.2019 (U12) &#8211;"},"content":{"rendered":"<p><strong>Mit zwei U12-Teams im Regionalfinal Burgdorf<\/strong><\/p>\n<p>Mit grosser Vorfreude haben sich unsere beiden U12-Kids-Cup-Teams an den Regionalfinal herangewagt. Die gezielten Trainings haben gezeigt, dass wir uns kontinuierlich steigern konnten, was schlussendlich mit zwei Qualifikationen (Team U12-Mixed sowie U12-Boys) belohnt wurde. Insbesondere dem Team U12-Mixed durfte nach der sehr starken Qualileistung in Thun einiges zugetraut werden.<br \/>\nTeam U12-Mixed mit Timon Harder, Ben Joho, Giulia Belz, Fiona Brunner, Julie Marthaler und Am\u00e9lie Uloth. Team U12-Boys mit Robin Boss, Joris Robyr, Luke Joho, Valentin Vogel, Finn Z\u00fcrcher und Timur Gut.<\/p>\n<p><u>Zonenweitsprung<br \/>\n<\/u>Dieser Wettkampfteil hat am Regiofinal f\u00fcr viel Gespr\u00e4chsstoff unter den verschiedenen Trainern und Trainerinnen gesorgt. Leider wurde der Anlauf (Abstand zum Absprung) nicht nach Reglement eingerichtet, was bei etlichen Teams zu Unsicherheiten beim Absprung (\u00dcbertreten) gef\u00fchrt hat. Es muss aber klar angemerkt werden, dass es f\u00fcr alle Teams gleich war. Von daher ist hier entscheidend, wie mit der Situation umgegangen wird. Leider haben sich auch bei uns (zwar sehr knapp, aber halt trotzdem) einige Nuller eingeschlichen. So konnten wir die grossen Fortschritte im Bereich Weitsprung nicht in Punkte umsetzen. Dies ist nat\u00fcrlich enorm schade und hat uns bereits mit der ersten Disziplin arg nach hinten geworfen. Mit 15 Punkten (2 Nuller) f\u00fcr das Team Mixed und 14 Punkten f\u00fcr das Team Boys, mussten wir die Zwischenr\u00e4nge 10 resp. 8 entgegennehmen.<\/p>\n<p><u>Ringlisprint<br \/>\n<\/u>Nach 29 Punkten in der Quali (Thun) f\u00fcr das Team Mixed wussten wir, dass wir in dieser Disziplin ganz vorne mithalten k\u00f6nnen. Mit 27 Punkten kamen wir erneut nahe an diesen Wert. Zu unserer \u00dcberraschung wurden in der Rangliste aber nur 23 Punkte aufgef\u00fchrt. Wieso 4 Punkte, welche mit gr\u00fcnem Schild best\u00e4tigt und auf dem Resultateblatt urspr\u00fcnglich auch notiert wurden, nicht mitgez\u00e4hlt wurden, konnte uns nicht abschliessend beantwortet werden. Schade, da haben wir leider einige Rangpunkte (Disziplinenrang 9) zus\u00e4tzlich hinnehmen m\u00fcssen. Auf die Schweizer Finalquali hatte dies aber schlussendlich keinen Einfluss, womit dies als \u00e4rgerlicher Zwischenvorfall abgehakt werden kann.<\/p>\n<p>Mit sehr guten 25 Punkten haben unsere U12 Boys ein starkes Ergebnis abgeliefert. Hier konnte jeder sein Potenzial abrufen. Bravo! Dies ergab f\u00fcr die Jungs den Disziplinenrang 8.<\/p>\n<p><u>Biathlon<br \/>\n<\/u>Nach dem sicherlich nicht idealen Start in den Wettkampf haben unsere Kids Moral bewiesen und sind mit vollem Elan den Biathlon angegangen. Insbesondere unser Mixed-Team durfte sich dar\u00fcber freuen, s\u00e4mtliche Molankegel \u00abversenkt zu haben\u00bb. Zus\u00e4tzlich wurde mit 41 Runden auch ein Spitzenwert l\u00e4uferisch aufgestellt. Mit 4 Punkten Vorsprung (56 Gesamtpunkte) auf den sp\u00e4teren Gesamtsieger Biel konnte hier Rang 1 eingefahren werden. Bei den U12-Boys resultierten ebenfalls gute 38 Runden. Die Kegel wollten aber nicht so recht fallen (Gesamtpunkte 48), womit hier der 9. Disziplinenrang resultierte.<\/p>\n<p><u>Teamcross<br \/>\n<\/u>Zum Abschluss stand wie immer der Teamcross auf dem Programm. Unser U12-Mixed-Team hat sich wacker geschlagen und lief immer in den vordersten R\u00e4ngen mit. Schlussendlich konnte der 5. Disziplinenrang erk\u00e4mpft werden. Auch das U12-Boys-Team zeigte nochmals eine gute Leistung und sicherte sich den Disziplinenrang 8.<\/p>\n<p><u>Resum\u00e9e<br \/>\n<\/u>Sieg und Niederlage sind im Sport nahe beisammen. Unsere Kids haben sich von R\u00fcckschl\u00e4gen nicht entmutigen lassen und bis zum Schluss gek\u00e4mpft. Die Qualifikation f\u00fcr den Schweizer Final bei den U12 ist f\u00fcr uns Bolliger auf alle F\u00e4lle m\u00f6glich. Dies hat die Kampagne im 2018\/2019 klar gezeigt. Wir bleiben dran und werden mit noch mehr Selbstvertrauen in einem Jahr erneut Jagd auf die begehrten Pl\u00e4tze machen. Mit Rang 8 von unserem U12-Boys-Team und Rang 7 von unserem U12-Mixed-Team verabschieden wir uns von der Wintersaison und nehmen voller Vorfreude die Sommersaison 2019 in Angriff.<\/p>\n<p>Markus<\/p>\n","protected":false},"excerpt":{"rendered":"<p>Mit zwei U12-Teams im Regionalfinal Burgdorf Mit grosser Vorfreude haben sich unsere beiden U12-Kids-Cup-Teams an den Regionalfinal herangewagt. Die gezielten Trainings haben gezeigt, dass wir uns kontinuierlich steigern konnten, was schlussendlich mit zwei Qualifikationen (Team U12-Mixed sowie U12-Boys) belohnt wurde. Insbesondere dem Team U12-Mixed durfte nach der sehr starken Qualileistung in Thun einiges zugetraut werden. [&hellip;]<\/p>\n","protected":false},"author":9,"featured_media":17360,"comment_status":"closed","ping_status":"closed","sticky":false,"template":"","format":"standard","meta":{"_et_pb_use_builder":"","_et_pb_old_content":"","_et_gb_content_width":"","ngg_post_thumbnail":0,"jetpack_post_was_ever_published":false,"_jetpack_newsletter_access":"","_jetpack_dont_email_post_to_subs":false,"_jetpack_newsletter_tier_id":0,"_jetpack_memberships_contains_paywalled_content":false,"_jetpack_memberships_contains_paid_content":false,"footnotes":"","jetpack_publicize_message":"","jetpack_publicize_feature_enabled":true,"jetpack_social_post_already_shared":true,"jetpack_social_options":{"image_generator_settings":{"template":"highway","enabled":false},"version":2}},"categories":[12],"tags":[],"class_list":["post-17379","post","type-post","status-publish","format-standard","has-post-thumbnail","hentry","category-la"],"yoast_head":"<!-- This site is optimized with the Yoast SEO plugin v25.1 - https:\/\/yoast.com\/wordpress\/plugins\/seo\/ -->\n<title>UBS Kids Cup Team Regionalfinal Burgdorf, 10.03.2019 (U12) - Turnverein Bolligen<\/title>\n<meta name=\"robots\" content=\"index, follow, max-snippet:-1, max-image-preview:large, max-video-preview:-1\" \/>\n<link rel=\"canonical\" href=\"https:\/\/www.tvbolligen.ch\/site\/regionalfinal-burgdorf\/\" \/>\n<meta property=\"og:locale\" content=\"de_DE\" \/>\n<meta property=\"og:type\" content=\"article\" \/>\n<meta property=\"og:title\" content=\"UBS Kids Cup Team Regionalfinal Burgdorf, 10.03.2019 (U12) - Turnverein Bolligen\" \/>\n<meta property=\"og:description\" content=\"Mit zwei U12-Teams im Regionalfinal Burgdorf Mit grosser Vorfreude haben sich unsere beiden U12-Kids-Cup-Teams an den Regionalfinal herangewagt. Die gezielten Trainings haben gezeigt, dass wir uns kontinuierlich steigern konnten, was schlussendlich mit zwei Qualifikationen (Team U12-Mixed sowie U12-Boys) belohnt wurde. Insbesondere dem Team U12-Mixed durfte nach der sehr starken Qualileistung in Thun einiges zugetraut werden. [&hellip;]\" \/>\n<meta property=\"og:url\" content=\"https:\/\/www.tvbolligen.ch\/site\/regionalfinal-burgdorf\/\" \/>\n<meta property=\"og:site_name\" content=\"Turnverein Bolligen\" \/>\n<meta property=\"article:published_time\" content=\"2019-03-10T19:36:07+00:00\" \/>\n<meta property=\"article:modified_time\" content=\"2019-07-13T14:29:14+00:00\" \/>\n<meta property=\"og:image\" content=\"https:\/\/www.tvbolligen.ch\/site\/wp-content\/uploads\/IMG_2258-1024x683.jpg\" \/>\n\t<meta property=\"og:image:width\" content=\"1024\" \/>\n\t<meta property=\"og:image:height\" content=\"683\" \/>\n\t<meta property=\"og:image:type\" content=\"image\/jpeg\" \/>\n<meta name=\"author\" content=\"Muriel Steiner\" \/>\n<meta name=\"twitter:card\" content=\"summary_large_image\" \/>\n<meta name=\"twitter:label1\" content=\"Verfasst von\" \/>\n\t<meta name=\"twitter:data1\" content=\"Muriel Steiner\" \/>\n\t<meta name=\"twitter:label2\" content=\"Gesch\u00e4tzte Lesezeit\" \/>\n\t<meta name=\"twitter:data2\" content=\"3\u00a0Minuten\" \/>\n<script type=\"application\/ld+json\" class=\"yoast-schema-graph\">{\"@context\":\"https:\/\/schema.org\",\"@graph\":[{\"@type\":\"Article\",\"@id\":\"https:\/\/www.tvbolligen.ch\/site\/regionalfinal-burgdorf\/#article\",\"isPartOf\":{\"@id\":\"https:\/\/www.tvbolligen.ch\/site\/regionalfinal-burgdorf\/\"},\"author\":{\"name\":\"Muriel Steiner\",\"@id\":\"https:\/\/www.tvbolligen.ch\/site\/#\/schema\/person\/8572c6c8401244406a027c3ac1720abb\"},\"headline\":\"UBS Kids Cup Team Regionalfinal Burgdorf, 10.03.2019 (U12) &#8211;\",\"datePublished\":\"2019-03-10T19:36:07+00:00\",\"dateModified\":\"2019-07-13T14:29:14+00:00\",\"mainEntityOfPage\":{\"@id\":\"https:\/\/www.tvbolligen.ch\/site\/regionalfinal-burgdorf\/\"},\"wordCount\":604,\"publisher\":{\"@id\":\"https:\/\/www.tvbolligen.ch\/site\/#organization\"},\"image\":{\"@id\":\"https:\/\/www.tvbolligen.ch\/site\/regionalfinal-burgdorf\/#primaryimage\"},\"thumbnailUrl\":\"https:\/\/i0.wp.com\/www.tvbolligen.ch\/site\/wp-content\/uploads\/IMG_2258.jpg?fit=5472%2C3648&ssl=1\",\"articleSection\":[\"LA\"],\"inLanguage\":\"de\"},{\"@type\":\"WebPage\",\"@id\":\"https:\/\/www.tvbolligen.ch\/site\/regionalfinal-burgdorf\/\",\"url\":\"https:\/\/www.tvbolligen.ch\/site\/regionalfinal-burgdorf\/\",\"name\":\"UBS Kids Cup Team Regionalfinal Burgdorf, 10.03.2019 (U12) - Turnverein Bolligen\",\"isPartOf\":{\"@id\":\"https:\/\/www.tvbolligen.ch\/site\/#website\"},\"primaryImageOfPage\":{\"@id\":\"https:\/\/www.tvbolligen.ch\/site\/regionalfinal-burgdorf\/#primaryimage\"},\"image\":{\"@id\":\"https:\/\/www.tvbolligen.ch\/site\/regionalfinal-burgdorf\/#primaryimage\"},\"thumbnailUrl\":\"https:\/\/i0.wp.com\/www.tvbolligen.ch\/site\/wp-content\/uploads\/IMG_2258.jpg?fit=5472%2C3648&ssl=1\",\"datePublished\":\"2019-03-10T19:36:07+00:00\",\"dateModified\":\"2019-07-13T14:29:14+00:00\",\"breadcrumb\":{\"@id\":\"https:\/\/www.tvbolligen.ch\/site\/regionalfinal-burgdorf\/#breadcrumb\"},\"inLanguage\":\"de\",\"potentialAction\":[{\"@type\":\"ReadAction\",\"target\":[\"https:\/\/www.tvbolligen.ch\/site\/regionalfinal-burgdorf\/\"]}]},{\"@type\":\"ImageObject\",\"inLanguage\":\"de\",\"@id\":\"https:\/\/www.tvbolligen.ch\/site\/regionalfinal-burgdorf\/#primaryimage\",\"url\":\"https:\/\/i0.wp.com\/www.tvbolligen.ch\/site\/wp-content\/uploads\/IMG_2258.jpg?fit=5472%2C3648&ssl=1\",\"contentUrl\":\"https:\/\/i0.wp.com\/www.tvbolligen.ch\/site\/wp-content\/uploads\/IMG_2258.jpg?fit=5472%2C3648&ssl=1\",\"width\":5472,\"height\":3648},{\"@type\":\"BreadcrumbList\",\"@id\":\"https:\/\/www.tvbolligen.ch\/site\/regionalfinal-burgdorf\/#breadcrumb\",\"itemListElement\":[{\"@type\":\"ListItem\",\"position\":1,\"name\":\"Home\",\"item\":\"https:\/\/www.tvbolligen.ch\/site\/\"},{\"@type\":\"ListItem\",\"position\":2,\"name\":\"UBS Kids Cup Team Regionalfinal Burgdorf, 10.03.2019 (U12) &#8211;\"}]},{\"@type\":\"WebSite\",\"@id\":\"https:\/\/www.tvbolligen.ch\/site\/#website\",\"url\":\"https:\/\/www.tvbolligen.ch\/site\/\",\"name\":\"Turnverein Bolligen\",\"description\":\"Sport f\u00fcr Jung und Alt in Bolligen\",\"publisher\":{\"@id\":\"https:\/\/www.tvbolligen.ch\/site\/#organization\"},\"potentialAction\":[{\"@type\":\"SearchAction\",\"target\":{\"@type\":\"EntryPoint\",\"urlTemplate\":\"https:\/\/www.tvbolligen.ch\/site\/?s={search_term_string}\"},\"query-input\":{\"@type\":\"PropertyValueSpecification\",\"valueRequired\":true,\"valueName\":\"search_term_string\"}}],\"inLanguage\":\"de\"},{\"@type\":\"Organization\",\"@id\":\"https:\/\/www.tvbolligen.ch\/site\/#organization\",\"name\":\"Turnverein Bolligen\",\"url\":\"https:\/\/www.tvbolligen.ch\/site\/\",\"logo\":{\"@type\":\"ImageObject\",\"inLanguage\":\"de\",\"@id\":\"https:\/\/www.tvbolligen.ch\/site\/#\/schema\/logo\/image\/\",\"url\":\"https:\/\/i0.wp.com\/www.tvbolligen.ch\/site\/wp-content\/uploads\/2015\/12\/Logo_TV_mittel.png?fit=1000%2C303&ssl=1\",\"contentUrl\":\"https:\/\/i0.wp.com\/www.tvbolligen.ch\/site\/wp-content\/uploads\/2015\/12\/Logo_TV_mittel.png?fit=1000%2C303&ssl=1\",\"width\":1000,\"height\":303,\"caption\":\"Turnverein Bolligen\"},\"image\":{\"@id\":\"https:\/\/www.tvbolligen.ch\/site\/#\/schema\/logo\/image\/\"}},{\"@type\":\"Person\",\"@id\":\"https:\/\/www.tvbolligen.ch\/site\/#\/schema\/person\/8572c6c8401244406a027c3ac1720abb\",\"name\":\"Muriel Steiner\",\"image\":{\"@type\":\"ImageObject\",\"inLanguage\":\"de\",\"@id\":\"https:\/\/www.tvbolligen.ch\/site\/#\/schema\/person\/image\/\",\"url\":\"https:\/\/secure.gravatar.com\/avatar\/bc5c4da83407b045efd480236f8d85bc1cf8c0ac43741b7dd85504a568b70a2d?s=96&d=mm&r=g\",\"contentUrl\":\"https:\/\/secure.gravatar.com\/avatar\/bc5c4da83407b045efd480236f8d85bc1cf8c0ac43741b7dd85504a568b70a2d?s=96&d=mm&r=g\",\"caption\":\"Muriel Steiner\"},\"url\":\"https:\/\/www.tvbolligen.ch\/site\/author\/muriel\/\"}]}<\/script>\n<!-- \/ Yoast SEO plugin. -->","yoast_head_json":{"title":"UBS Kids Cup Team Regionalfinal Burgdorf, 10.03.2019 (U12) - Turnverein Bolligen","robots":{"index":"index","follow":"follow","max-snippet":"max-snippet:-1","max-image-preview":"max-image-preview:large","max-video-preview":"max-video-preview:-1"},"canonical":"https:\/\/www.tvbolligen.ch\/site\/regionalfinal-burgdorf\/","og_locale":"de_DE","og_type":"article","og_title":"UBS Kids Cup Team Regionalfinal Burgdorf, 10.03.2019 (U12) - Turnverein Bolligen","og_description":"Mit zwei U12-Teams im Regionalfinal Burgdorf Mit grosser Vorfreude haben sich unsere beiden U12-Kids-Cup-Teams an den Regionalfinal herangewagt. Die gezielten Trainings haben gezeigt, dass wir uns kontinuierlich steigern konnten, was schlussendlich mit zwei Qualifikationen (Team U12-Mixed sowie U12-Boys) belohnt wurde. Insbesondere dem Team U12-Mixed durfte nach der sehr starken Qualileistung in Thun einiges zugetraut werden. [&hellip;]","og_url":"https:\/\/www.tvbolligen.ch\/site\/regionalfinal-burgdorf\/","og_site_name":"Turnverein Bolligen","article_published_time":"2019-03-10T19:36:07+00:00","article_modified_time":"2019-07-13T14:29:14+00:00","og_image":[{"width":1024,"height":683,"url":"https:\/\/www.tvbolligen.ch\/site\/wp-content\/uploads\/IMG_2258-1024x683.jpg","type":"image\/jpeg"}],"author":"Muriel Steiner","twitter_card":"summary_large_image","twitter_misc":{"Verfasst von":"Muriel Steiner","Gesch\u00e4tzte Lesezeit":"3\u00a0Minuten"},"schema":{"@context":"https:\/\/schema.org","@graph":[{"@type":"Article","@id":"https:\/\/www.tvbolligen.ch\/site\/regionalfinal-burgdorf\/#article","isPartOf":{"@id":"https:\/\/www.tvbolligen.ch\/site\/regionalfinal-burgdorf\/"},"author":{"name":"Muriel Steiner","@id":"https:\/\/www.tvbolligen.ch\/site\/#\/schema\/person\/8572c6c8401244406a027c3ac1720abb"},"headline":"UBS Kids Cup Team Regionalfinal Burgdorf, 10.03.2019 (U12) &#8211;","datePublished":"2019-03-10T19:36:07+00:00","dateModified":"2019-07-13T14:29:14+00:00","mainEntityOfPage":{"@id":"https:\/\/www.tvbolligen.ch\/site\/regionalfinal-burgdorf\/"},"wordCount":604,"publisher":{"@id":"https:\/\/www.tvbolligen.ch\/site\/#organization"},"image":{"@id":"https:\/\/www.tvbolligen.ch\/site\/regionalfinal-burgdorf\/#primaryimage"},"thumbnailUrl":"https:\/\/i0.wp.com\/www.tvbolligen.ch\/site\/wp-content\/uploads\/IMG_2258.jpg?fit=5472%2C3648&ssl=1","articleSection":["LA"],"inLanguage":"de"},{"@type":"WebPage","@id":"https:\/\/www.tvbolligen.ch\/site\/regionalfinal-burgdorf\/","url":"https:\/\/www.tvbolligen.ch\/site\/regionalfinal-burgdorf\/","name":"UBS Kids Cup Team Regionalfinal Burgdorf, 10.03.2019 (U12) - Turnverein Bolligen","isPartOf":{"@id":"https:\/\/www.tvbolligen.ch\/site\/#website"},"primaryImageOfPage":{"@id":"https:\/\/www.tvbolligen.ch\/site\/regionalfinal-burgdorf\/#primaryimage"},"image":{"@id":"https:\/\/www.tvbolligen.ch\/site\/regionalfinal-burgdorf\/#primaryimage"},"thumbnailUrl":"https:\/\/i0.wp.com\/www.tvbolligen.ch\/site\/wp-content\/uploads\/IMG_2258.jpg?fit=5472%2C3648&ssl=1","datePublished":"2019-03-10T19:36:07+00:00","dateModified":"2019-07-13T14:29:14+00:00","breadcrumb":{"@id":"https:\/\/www.tvbolligen.ch\/site\/regionalfinal-burgdorf\/#breadcrumb"},"inLanguage":"de","potentialAction":[{"@type":"ReadAction","target":["https:\/\/www.tvbolligen.ch\/site\/regionalfinal-burgdorf\/"]}]},{"@type":"ImageObject","inLanguage":"de","@id":"https:\/\/www.tvbolligen.ch\/site\/regionalfinal-burgdorf\/#primaryimage","url":"https:\/\/i0.wp.com\/www.tvbolligen.ch\/site\/wp-content\/uploads\/IMG_2258.jpg?fit=5472%2C3648&ssl=1","contentUrl":"https:\/\/i0.wp.com\/www.tvbolligen.ch\/site\/wp-content\/uploads\/IMG_2258.jpg?fit=5472%2C3648&ssl=1","width":5472,"height":3648},{"@type":"BreadcrumbList","@id":"https:\/\/www.tvbolligen.ch\/site\/regionalfinal-burgdorf\/#breadcrumb","itemListElement":[{"@type":"ListItem","position":1,"name":"Home","item":"https:\/\/www.tvbolligen.ch\/site\/"},{"@type":"ListItem","position":2,"name":"UBS Kids Cup Team Regionalfinal Burgdorf, 10.03.2019 (U12) &#8211;"}]},{"@type":"WebSite","@id":"https:\/\/www.tvbolligen.ch\/site\/#website","url":"https:\/\/www.tvbolligen.ch\/site\/","name":"Turnverein Bolligen","description":"Sport f\u00fcr Jung und Alt in Bolligen","publisher":{"@id":"https:\/\/www.tvbolligen.ch\/site\/#organization"},"potentialAction":[{"@type":"SearchAction","target":{"@type":"EntryPoint","urlTemplate":"https:\/\/www.tvbolligen.ch\/site\/?s={search_term_string}"},"query-input":{"@type":"PropertyValueSpecification","valueRequired":true,"valueName":"search_term_string"}}],"inLanguage":"de"},{"@type":"Organization","@id":"https:\/\/www.tvbolligen.ch\/site\/#organization","name":"Turnverein Bolligen","url":"https:\/\/www.tvbolligen.ch\/site\/","logo":{"@type":"ImageObject","inLanguage":"de","@id":"https:\/\/www.tvbolligen.ch\/site\/#\/schema\/logo\/image\/","url":"https:\/\/i0.wp.com\/www.tvbolligen.ch\/site\/wp-content\/uploads\/2015\/12\/Logo_TV_mittel.png?fit=1000%2C303&ssl=1","contentUrl":"https:\/\/i0.wp.com\/www.tvbolligen.ch\/site\/wp-content\/uploads\/2015\/12\/Logo_TV_mittel.png?fit=1000%2C303&ssl=1","width":1000,"height":303,"caption":"Turnverein Bolligen"},"image":{"@id":"https:\/\/www.tvbolligen.ch\/site\/#\/schema\/logo\/image\/"}},{"@type":"Person","@id":"https:\/\/www.tvbolligen.ch\/site\/#\/schema\/person\/8572c6c8401244406a027c3ac1720abb","name":"Muriel Steiner","image":{"@type":"ImageObject","inLanguage":"de","@id":"https:\/\/www.tvbolligen.ch\/site\/#\/schema\/person\/image\/","url":"https:\/\/secure.gravatar.com\/avatar\/bc5c4da83407b045efd480236f8d85bc1cf8c0ac43741b7dd85504a568b70a2d?s=96&d=mm&r=g","contentUrl":"https:\/\/secure.gravatar.com\/avatar\/bc5c4da83407b045efd480236f8d85bc1cf8c0ac43741b7dd85504a568b70a2d?s=96&d=mm&r=g","caption":"Muriel Steiner"},"url":"https:\/\/www.tvbolligen.ch\/site\/author\/muriel\/"}]}},"jetpack_publicize_connections":[],"jetpack_featured_media_url":"https:\/\/i0.wp.com\/www.tvbolligen.ch\/site\/wp-content\/uploads\/IMG_2258.jpg?fit=5472%2C3648&ssl=1","jetpack_sharing_enabled":true,"jetpack_shortlink":"https:\/\/wp.me\/p751GT-4wj","_links":{"self":[{"href":"https:\/\/www.tvbolligen.ch\/site\/wp-json\/wp\/v2\/posts\/17379","targetHints":{"allow":["GET"]}}],"collection":[{"href":"https:\/\/www.tvbolligen.ch\/site\/wp-json\/wp\/v2\/posts"}],"about":[{"href":"https:\/\/www.tvbolligen.ch\/site\/wp-json\/wp\/v2\/types\/post"}],"author":[{"embeddable":true,"href":"https:\/\/www.tvbolligen.ch\/site\/wp-json\/wp\/v2\/users\/9"}],"replies":[{"embeddable":true,"href":"https:\/\/www.tvbolligen.ch\/site\/wp-json\/wp\/v2\/comments?post=17379"}],"version-history":[{"count":0,"href":"https:\/\/www.tvbolligen.ch\/site\/wp-json\/wp\/v2\/posts\/17379\/revisions"}],"wp:featuredmedia":[{"embeddable":true,"href":"https:\/\/www.tvbolligen.ch\/site\/wp-json\/wp\/v2\/media\/17360"}],"wp:attachment":[{"href":"https:\/\/www.tvbolligen.ch\/site\/wp-json\/wp\/v2\/media?parent=17379"}],"wp:term":[{"taxonomy":"category","embeddable":true,"href":"https:\/\/www.tvbolligen.ch\/site\/wp-json\/wp\/v2\/categories?post=17379"},{"taxonomy":"post_tag","embeddable":true,"href":"https:\/\/www.tvbolligen.ch\/site\/wp-json\/wp\/v2\/tags?post=17379"}],"curies":[{"name":"wp","href":"https:\/\/api.w.org\/{rel}","templated":true}]}}