{"id":17431,"date":"2019-05-19T15:20:51","date_gmt":"2019-05-19T14:20:51","guid":{"rendered":"http:\/\/www.tvbolligen.ch\/site\/?p=17431"},"modified":"2019-07-12T15:52:50","modified_gmt":"2019-07-12T14:52:50","slug":"jayden-ammann-holt-in-langenthal-silber-weitere-drei-athleten-in-den-top-10","status":"publish","type":"post","link":"https:\/\/www.tvbolligen.ch\/site\/jayden-ammann-holt-in-langenthal-silber-weitere-drei-athleten-in-den-top-10\/","title":{"rendered":"UBS Kids Cup Langenthal, 19.05.2019"},"content":{"rendered":"<p><strong>Jayden Ammann holt in Langenthal Silber, weitere drei Athleten in den Top 10<\/strong><\/p>\n<p>Mit einem kleinen, aber feinen Team startete die Leichtahtletikgruppe des TV Bolligen am kids cup in Langenthal. Dabei konnten die Bolliger Athleten in den sehr stark besetzten Feldern ganz vorne mithalten. Auch deshalb, weil alle ihre pers\u00f6nliche Bestleistung im Leichtahletik-Dreikampf zu steigern vermochten.<\/p>\n<p>Der Kopf des Bolliger Teams bildere Jayden Ammann: Mit 9.23s \u00fcber 60m, 4.12m im Weisprung und 39.13m sammelte Jayden gesamthaft 1294 Punkte (pB) und holte sich damit die Silbermedaille in der Kategorie der Knaben mit Jg. 2007. Mit dieser Leistung d\u00fcrfte sich Jayden auch bereits das Ticket zum Kantonalfinal der besten 35 Berner Athleten geholt haben.<\/p>\n<p>Der ein Jahr j\u00fcngere Timon Harder gl\u00e4nzte vor allem im Sprint \u00fcber 60m, wo er in 9.51s seine bisherige Bestleistung um fast 5 Zehntelsekunden unterbieten konnte. Zusammen mit den 3.66m im Weitsprung und den 28.09m im Ballweitwurf knackte Timon mit 1070 Punkten (pB) die 1000er-Grenze und fand sich in der Schlussrangliste auf Platz 7 wieder. Auch er hat sich damit eine gute Ausgangslage f\u00fcr die Kantonalfinalqualifikation gesichert.<\/p>\n<p>In der Kategorie der Knaben mit Jg. 2009 startete Joris Robyr. Nach einem soliden Weitsprung \u00fcber 3.47m drehte Joris im Ballweitwurf und im Sprint \u00fcber 60m so richtig auf. Mit 32.14m im Ballweitwurf und 10.19s \u00fcber die Sprintdistanz reihte sich auch Joris im starken Feld in den Top 10 ein: Mit einem Punktetotal von 937 Punkten (pB) holte sich Joris Rang 7 und wohl auch das Ticket zum Kantonalfinal &#8211; jedenfalls wenn man die Resultate des vergangeben Jahres als Basis nimmt. Joris wird &#8211; wie auch die anderen Athleten &#8211; versuchen, diese Punktzahl bis Ende Juli noch zu steigern und das Ticket definitiv zu sichern.<\/p>\n<p>Auch unsere beiden j\u00fcngsten Athleten, Hendrik (Kat. Knaben 2010) und C\u00e9dric Stadelmann (Kat. Knaben 2011 zeigten einen tollen Wettkampf: Hendrik holte sich sowohl im Weitsrung (2.94m) und im Ballweitwurf (21.64m) eine neue Bestleistung, warf im Ballweitwurf gar nur 1m an den aktuellen Vereinsrekord heran. Mit total 603 Punkten (pB) sprang Hendrik mit Schlussrang 9 ebenfalls in die Top 10! C\u00e9dric konnte ebenfalls in alle Disziplinen deutlich zulegen, holte sich mit den 12.01s im Sprint, den 2.43m im Weisprung und den 10.89m im Ballweitwurf \u00fcberalle eine neue Bestleistung und mit 303 Punkten (pB) an seinem erst zweiten Aussen-Wettkampf den sehr guten 13. Rang!<\/p>\n<p>Die Jagd auf die Kantonalfinaltickets der jeweils 35 besten des Kantons Bern ist jetzt so richtig lanciert! Toll, dass auch die Bolliger so richtig mitmischen. Es bleiben &#8211; auch f\u00fcr die Athletinnen und Athleten, welche in Langenthal nicht am Start waren &#8211; noch gut 2 Monate, um sich die begehrten Tickets zu sichern. So oder so: Was ihr in Langenthal gezeigt hat mit den viele&nbsp; Bestleistungen, die gefallen sind, war top und macht Lust auf mehr! Herzliche Gratulation, ihr habt das super gemacht!<\/p>\n","protected":false},"excerpt":{"rendered":"<p>Jayden Ammann holt in Langenthal Silber, weitere drei Athleten in den Top 10 Mit einem kleinen, aber feinen Team startete die Leichtahtletikgruppe des TV Bolligen am kids cup in Langenthal. Dabei konnten die Bolliger Athleten in den sehr stark besetzten Feldern ganz vorne mithalten. Auch deshalb, weil alle ihre pers\u00f6nliche Bestleistung im Leichtahletik-Dreikampf zu steigern [&hellip;]<\/p>\n","protected":false},"author":16,"featured_media":17432,"comment_status":"closed","ping_status":"closed","sticky":false,"template":"","format":"standard","meta":{"_et_pb_use_builder":"","_et_pb_old_content":"","_et_gb_content_width":"","ngg_post_thumbnail":0,"jetpack_post_was_ever_published":false,"_jetpack_newsletter_access":"","_jetpack_dont_email_post_to_subs":false,"_jetpack_newsletter_tier_id":0,"_jetpack_memberships_contains_paywalled_content":false,"_jetpack_memberships_contains_paid_content":false,"footnotes":"","jetpack_publicize_message":"","jetpack_publicize_feature_enabled":true,"jetpack_social_post_already_shared":true,"jetpack_social_options":{"image_generator_settings":{"template":"highway","enabled":false},"version":2}},"categories":[12],"tags":[],"class_list":["post-17431","post","type-post","status-publish","format-standard","has-post-thumbnail","hentry","category-la"],"yoast_head":"<!-- This site is optimized with the Yoast SEO plugin v25.1 - https:\/\/yoast.com\/wordpress\/plugins\/seo\/ -->\n<title>UBS Kids Cup Langenthal, 19.05.2019 - Turnverein Bolligen<\/title>\n<meta name=\"robots\" content=\"index, follow, max-snippet:-1, max-image-preview:large, max-video-preview:-1\" \/>\n<link rel=\"canonical\" href=\"https:\/\/www.tvbolligen.ch\/site\/jayden-ammann-holt-in-langenthal-silber-weitere-drei-athleten-in-den-top-10\/\" \/>\n<meta property=\"og:locale\" content=\"de_DE\" \/>\n<meta property=\"og:type\" content=\"article\" \/>\n<meta property=\"og:title\" content=\"UBS Kids Cup Langenthal, 19.05.2019 - Turnverein Bolligen\" \/>\n<meta property=\"og:description\" content=\"Jayden Ammann holt in Langenthal Silber, weitere drei Athleten in den Top 10 Mit einem kleinen, aber feinen Team startete die Leichtahtletikgruppe des TV Bolligen am kids cup in Langenthal. Dabei konnten die Bolliger Athleten in den sehr stark besetzten Feldern ganz vorne mithalten. Auch deshalb, weil alle ihre pers\u00f6nliche Bestleistung im Leichtahletik-Dreikampf zu steigern [&hellip;]\" \/>\n<meta property=\"og:url\" content=\"https:\/\/www.tvbolligen.ch\/site\/jayden-ammann-holt-in-langenthal-silber-weitere-drei-athleten-in-den-top-10\/\" \/>\n<meta property=\"og:site_name\" content=\"Turnverein Bolligen\" \/>\n<meta property=\"article:published_time\" content=\"2019-05-19T14:20:51+00:00\" \/>\n<meta property=\"article:modified_time\" content=\"2019-07-12T14:52:50+00:00\" \/>\n<meta property=\"og:image\" content=\"https:\/\/www.tvbolligen.ch\/site\/wp-content\/uploads\/kids-cup-Langenthal-1024x768.jpg\" \/>\n\t<meta property=\"og:image:width\" content=\"1024\" \/>\n\t<meta property=\"og:image:height\" content=\"768\" \/>\n\t<meta property=\"og:image:type\" content=\"image\/jpeg\" \/>\n<meta name=\"author\" content=\"Christoph Stadelmann\" \/>\n<meta name=\"twitter:card\" content=\"summary_large_image\" \/>\n<meta name=\"twitter:label1\" content=\"Verfasst von\" \/>\n\t<meta name=\"twitter:data1\" content=\"Christoph Stadelmann\" \/>\n\t<meta name=\"twitter:label2\" content=\"Gesch\u00e4tzte Lesezeit\" \/>\n\t<meta name=\"twitter:data2\" content=\"2\u00a0Minuten\" \/>\n<script type=\"application\/ld+json\" class=\"yoast-schema-graph\">{\"@context\":\"https:\/\/schema.org\",\"@graph\":[{\"@type\":\"Article\",\"@id\":\"https:\/\/www.tvbolligen.ch\/site\/jayden-ammann-holt-in-langenthal-silber-weitere-drei-athleten-in-den-top-10\/#article\",\"isPartOf\":{\"@id\":\"https:\/\/www.tvbolligen.ch\/site\/jayden-ammann-holt-in-langenthal-silber-weitere-drei-athleten-in-den-top-10\/\"},\"author\":{\"name\":\"Christoph Stadelmann\",\"@id\":\"https:\/\/www.tvbolligen.ch\/site\/#\/schema\/person\/cf2ff3d29907f0355f91f6838672eaf4\"},\"headline\":\"UBS Kids Cup Langenthal, 19.05.2019\",\"datePublished\":\"2019-05-19T14:20:51+00:00\",\"dateModified\":\"2019-07-12T14:52:50+00:00\",\"mainEntityOfPage\":{\"@id\":\"https:\/\/www.tvbolligen.ch\/site\/jayden-ammann-holt-in-langenthal-silber-weitere-drei-athleten-in-den-top-10\/\"},\"wordCount\":463,\"publisher\":{\"@id\":\"https:\/\/www.tvbolligen.ch\/site\/#organization\"},\"image\":{\"@id\":\"https:\/\/www.tvbolligen.ch\/site\/jayden-ammann-holt-in-langenthal-silber-weitere-drei-athleten-in-den-top-10\/#primaryimage\"},\"thumbnailUrl\":\"https:\/\/i0.wp.com\/www.tvbolligen.ch\/site\/wp-content\/uploads\/kids-cup-Langenthal.jpg?fit=4032%2C3024&ssl=1\",\"articleSection\":[\"LA\"],\"inLanguage\":\"de\"},{\"@type\":\"WebPage\",\"@id\":\"https:\/\/www.tvbolligen.ch\/site\/jayden-ammann-holt-in-langenthal-silber-weitere-drei-athleten-in-den-top-10\/\",\"url\":\"https:\/\/www.tvbolligen.ch\/site\/jayden-ammann-holt-in-langenthal-silber-weitere-drei-athleten-in-den-top-10\/\",\"name\":\"UBS Kids Cup Langenthal, 19.05.2019 - Turnverein Bolligen\",\"isPartOf\":{\"@id\":\"https:\/\/www.tvbolligen.ch\/site\/#website\"},\"primaryImageOfPage\":{\"@id\":\"https:\/\/www.tvbolligen.ch\/site\/jayden-ammann-holt-in-langenthal-silber-weitere-drei-athleten-in-den-top-10\/#primaryimage\"},\"image\":{\"@id\":\"https:\/\/www.tvbolligen.ch\/site\/jayden-ammann-holt-in-langenthal-silber-weitere-drei-athleten-in-den-top-10\/#primaryimage\"},\"thumbnailUrl\":\"https:\/\/i0.wp.com\/www.tvbolligen.ch\/site\/wp-content\/uploads\/kids-cup-Langenthal.jpg?fit=4032%2C3024&ssl=1\",\"datePublished\":\"2019-05-19T14:20:51+00:00\",\"dateModified\":\"2019-07-12T14:52:50+00:00\",\"breadcrumb\":{\"@id\":\"https:\/\/www.tvbolligen.ch\/site\/jayden-ammann-holt-in-langenthal-silber-weitere-drei-athleten-in-den-top-10\/#breadcrumb\"},\"inLanguage\":\"de\",\"potentialAction\":[{\"@type\":\"ReadAction\",\"target\":[\"https:\/\/www.tvbolligen.ch\/site\/jayden-ammann-holt-in-langenthal-silber-weitere-drei-athleten-in-den-top-10\/\"]}]},{\"@type\":\"ImageObject\",\"inLanguage\":\"de\",\"@id\":\"https:\/\/www.tvbolligen.ch\/site\/jayden-ammann-holt-in-langenthal-silber-weitere-drei-athleten-in-den-top-10\/#primaryimage\",\"url\":\"https:\/\/i0.wp.com\/www.tvbolligen.ch\/site\/wp-content\/uploads\/kids-cup-Langenthal.jpg?fit=4032%2C3024&ssl=1\",\"contentUrl\":\"https:\/\/i0.wp.com\/www.tvbolligen.ch\/site\/wp-content\/uploads\/kids-cup-Langenthal.jpg?fit=4032%2C3024&ssl=1\",\"width\":4032,\"height\":3024},{\"@type\":\"BreadcrumbList\",\"@id\":\"https:\/\/www.tvbolligen.ch\/site\/jayden-ammann-holt-in-langenthal-silber-weitere-drei-athleten-in-den-top-10\/#breadcrumb\",\"itemListElement\":[{\"@type\":\"ListItem\",\"position\":1,\"name\":\"Home\",\"item\":\"https:\/\/www.tvbolligen.ch\/site\/\"},{\"@type\":\"ListItem\",\"position\":2,\"name\":\"UBS Kids Cup Langenthal, 19.05.2019\"}]},{\"@type\":\"WebSite\",\"@id\":\"https:\/\/www.tvbolligen.ch\/site\/#website\",\"url\":\"https:\/\/www.tvbolligen.ch\/site\/\",\"name\":\"Turnverein Bolligen\",\"description\":\"Sport f\u00fcr Jung und Alt in Bolligen\",\"publisher\":{\"@id\":\"https:\/\/www.tvbolligen.ch\/site\/#organization\"},\"potentialAction\":[{\"@type\":\"SearchAction\",\"target\":{\"@type\":\"EntryPoint\",\"urlTemplate\":\"https:\/\/www.tvbolligen.ch\/site\/?s={search_term_string}\"},\"query-input\":{\"@type\":\"PropertyValueSpecification\",\"valueRequired\":true,\"valueName\":\"search_term_string\"}}],\"inLanguage\":\"de\"},{\"@type\":\"Organization\",\"@id\":\"https:\/\/www.tvbolligen.ch\/site\/#organization\",\"name\":\"Turnverein Bolligen\",\"url\":\"https:\/\/www.tvbolligen.ch\/site\/\",\"logo\":{\"@type\":\"ImageObject\",\"inLanguage\":\"de\",\"@id\":\"https:\/\/www.tvbolligen.ch\/site\/#\/schema\/logo\/image\/\",\"url\":\"https:\/\/i0.wp.com\/www.tvbolligen.ch\/site\/wp-content\/uploads\/2015\/12\/Logo_TV_mittel.png?fit=1000%2C303&ssl=1\",\"contentUrl\":\"https:\/\/i0.wp.com\/www.tvbolligen.ch\/site\/wp-content\/uploads\/2015\/12\/Logo_TV_mittel.png?fit=1000%2C303&ssl=1\",\"width\":1000,\"height\":303,\"caption\":\"Turnverein Bolligen\"},\"image\":{\"@id\":\"https:\/\/www.tvbolligen.ch\/site\/#\/schema\/logo\/image\/\"}},{\"@type\":\"Person\",\"@id\":\"https:\/\/www.tvbolligen.ch\/site\/#\/schema\/person\/cf2ff3d29907f0355f91f6838672eaf4\",\"name\":\"Christoph Stadelmann\",\"image\":{\"@type\":\"ImageObject\",\"inLanguage\":\"de\",\"@id\":\"https:\/\/www.tvbolligen.ch\/site\/#\/schema\/person\/image\/\",\"url\":\"https:\/\/secure.gravatar.com\/avatar\/eb36e22abc5edb516c894c982c651ddde21b1dc17f96bef394f2f54c3f96d06d?s=96&d=mm&r=g\",\"contentUrl\":\"https:\/\/secure.gravatar.com\/avatar\/eb36e22abc5edb516c894c982c651ddde21b1dc17f96bef394f2f54c3f96d06d?s=96&d=mm&r=g\",\"caption\":\"Christoph Stadelmann\"},\"url\":\"https:\/\/www.tvbolligen.ch\/site\/author\/stadli\/\"}]}<\/script>\n<!-- \/ Yoast SEO plugin. -->","yoast_head_json":{"title":"UBS Kids Cup Langenthal, 19.05.2019 - Turnverein Bolligen","robots":{"index":"index","follow":"follow","max-snippet":"max-snippet:-1","max-image-preview":"max-image-preview:large","max-video-preview":"max-video-preview:-1"},"canonical":"https:\/\/www.tvbolligen.ch\/site\/jayden-ammann-holt-in-langenthal-silber-weitere-drei-athleten-in-den-top-10\/","og_locale":"de_DE","og_type":"article","og_title":"UBS Kids Cup Langenthal, 19.05.2019 - Turnverein Bolligen","og_description":"Jayden Ammann holt in Langenthal Silber, weitere drei Athleten in den Top 10 Mit einem kleinen, aber feinen Team startete die Leichtahtletikgruppe des TV Bolligen am kids cup in Langenthal. Dabei konnten die Bolliger Athleten in den sehr stark besetzten Feldern ganz vorne mithalten. Auch deshalb, weil alle ihre pers\u00f6nliche Bestleistung im Leichtahletik-Dreikampf zu steigern [&hellip;]","og_url":"https:\/\/www.tvbolligen.ch\/site\/jayden-ammann-holt-in-langenthal-silber-weitere-drei-athleten-in-den-top-10\/","og_site_name":"Turnverein Bolligen","article_published_time":"2019-05-19T14:20:51+00:00","article_modified_time":"2019-07-12T14:52:50+00:00","og_image":[{"width":1024,"height":768,"url":"https:\/\/www.tvbolligen.ch\/site\/wp-content\/uploads\/kids-cup-Langenthal-1024x768.jpg","type":"image\/jpeg"}],"author":"Christoph Stadelmann","twitter_card":"summary_large_image","twitter_misc":{"Verfasst von":"Christoph Stadelmann","Gesch\u00e4tzte Lesezeit":"2\u00a0Minuten"},"schema":{"@context":"https:\/\/schema.org","@graph":[{"@type":"Article","@id":"https:\/\/www.tvbolligen.ch\/site\/jayden-ammann-holt-in-langenthal-silber-weitere-drei-athleten-in-den-top-10\/#article","isPartOf":{"@id":"https:\/\/www.tvbolligen.ch\/site\/jayden-ammann-holt-in-langenthal-silber-weitere-drei-athleten-in-den-top-10\/"},"author":{"name":"Christoph Stadelmann","@id":"https:\/\/www.tvbolligen.ch\/site\/#\/schema\/person\/cf2ff3d29907f0355f91f6838672eaf4"},"headline":"UBS Kids Cup Langenthal, 19.05.2019","datePublished":"2019-05-19T14:20:51+00:00","dateModified":"2019-07-12T14:52:50+00:00","mainEntityOfPage":{"@id":"https:\/\/www.tvbolligen.ch\/site\/jayden-ammann-holt-in-langenthal-silber-weitere-drei-athleten-in-den-top-10\/"},"wordCount":463,"publisher":{"@id":"https:\/\/www.tvbolligen.ch\/site\/#organization"},"image":{"@id":"https:\/\/www.tvbolligen.ch\/site\/jayden-ammann-holt-in-langenthal-silber-weitere-drei-athleten-in-den-top-10\/#primaryimage"},"thumbnailUrl":"https:\/\/i0.wp.com\/www.tvbolligen.ch\/site\/wp-content\/uploads\/kids-cup-Langenthal.jpg?fit=4032%2C3024&ssl=1","articleSection":["LA"],"inLanguage":"de"},{"@type":"WebPage","@id":"https:\/\/www.tvbolligen.ch\/site\/jayden-ammann-holt-in-langenthal-silber-weitere-drei-athleten-in-den-top-10\/","url":"https:\/\/www.tvbolligen.ch\/site\/jayden-ammann-holt-in-langenthal-silber-weitere-drei-athleten-in-den-top-10\/","name":"UBS Kids Cup Langenthal, 19.05.2019 - Turnverein Bolligen","isPartOf":{"@id":"https:\/\/www.tvbolligen.ch\/site\/#website"},"primaryImageOfPage":{"@id":"https:\/\/www.tvbolligen.ch\/site\/jayden-ammann-holt-in-langenthal-silber-weitere-drei-athleten-in-den-top-10\/#primaryimage"},"image":{"@id":"https:\/\/www.tvbolligen.ch\/site\/jayden-ammann-holt-in-langenthal-silber-weitere-drei-athleten-in-den-top-10\/#primaryimage"},"thumbnailUrl":"https:\/\/i0.wp.com\/www.tvbolligen.ch\/site\/wp-content\/uploads\/kids-cup-Langenthal.jpg?fit=4032%2C3024&ssl=1","datePublished":"2019-05-19T14:20:51+00:00","dateModified":"2019-07-12T14:52:50+00:00","breadcrumb":{"@id":"https:\/\/www.tvbolligen.ch\/site\/jayden-ammann-holt-in-langenthal-silber-weitere-drei-athleten-in-den-top-10\/#breadcrumb"},"inLanguage":"de","potentialAction":[{"@type":"ReadAction","target":["https:\/\/www.tvbolligen.ch\/site\/jayden-ammann-holt-in-langenthal-silber-weitere-drei-athleten-in-den-top-10\/"]}]},{"@type":"ImageObject","inLanguage":"de","@id":"https:\/\/www.tvbolligen.ch\/site\/jayden-ammann-holt-in-langenthal-silber-weitere-drei-athleten-in-den-top-10\/#primaryimage","url":"https:\/\/i0.wp.com\/www.tvbolligen.ch\/site\/wp-content\/uploads\/kids-cup-Langenthal.jpg?fit=4032%2C3024&ssl=1","contentUrl":"https:\/\/i0.wp.com\/www.tvbolligen.ch\/site\/wp-content\/uploads\/kids-cup-Langenthal.jpg?fit=4032%2C3024&ssl=1","width":4032,"height":3024},{"@type":"BreadcrumbList","@id":"https:\/\/www.tvbolligen.ch\/site\/jayden-ammann-holt-in-langenthal-silber-weitere-drei-athleten-in-den-top-10\/#breadcrumb","itemListElement":[{"@type":"ListItem","position":1,"name":"Home","item":"https:\/\/www.tvbolligen.ch\/site\/"},{"@type":"ListItem","position":2,"name":"UBS Kids Cup Langenthal, 19.05.2019"}]},{"@type":"WebSite","@id":"https:\/\/www.tvbolligen.ch\/site\/#website","url":"https:\/\/www.tvbolligen.ch\/site\/","name":"Turnverein Bolligen","description":"Sport f\u00fcr Jung und Alt in Bolligen","publisher":{"@id":"https:\/\/www.tvbolligen.ch\/site\/#organization"},"potentialAction":[{"@type":"SearchAction","target":{"@type":"EntryPoint","urlTemplate":"https:\/\/www.tvbolligen.ch\/site\/?s={search_term_string}"},"query-input":{"@type":"PropertyValueSpecification","valueRequired":true,"valueName":"search_term_string"}}],"inLanguage":"de"},{"@type":"Organization","@id":"https:\/\/www.tvbolligen.ch\/site\/#organization","name":"Turnverein Bolligen","url":"https:\/\/www.tvbolligen.ch\/site\/","logo":{"@type":"ImageObject","inLanguage":"de","@id":"https:\/\/www.tvbolligen.ch\/site\/#\/schema\/logo\/image\/","url":"https:\/\/i0.wp.com\/www.tvbolligen.ch\/site\/wp-content\/uploads\/2015\/12\/Logo_TV_mittel.png?fit=1000%2C303&ssl=1","contentUrl":"https:\/\/i0.wp.com\/www.tvbolligen.ch\/site\/wp-content\/uploads\/2015\/12\/Logo_TV_mittel.png?fit=1000%2C303&ssl=1","width":1000,"height":303,"caption":"Turnverein Bolligen"},"image":{"@id":"https:\/\/www.tvbolligen.ch\/site\/#\/schema\/logo\/image\/"}},{"@type":"Person","@id":"https:\/\/www.tvbolligen.ch\/site\/#\/schema\/person\/cf2ff3d29907f0355f91f6838672eaf4","name":"Christoph Stadelmann","image":{"@type":"ImageObject","inLanguage":"de","@id":"https:\/\/www.tvbolligen.ch\/site\/#\/schema\/person\/image\/","url":"https:\/\/secure.gravatar.com\/avatar\/eb36e22abc5edb516c894c982c651ddde21b1dc17f96bef394f2f54c3f96d06d?s=96&d=mm&r=g","contentUrl":"https:\/\/secure.gravatar.com\/avatar\/eb36e22abc5edb516c894c982c651ddde21b1dc17f96bef394f2f54c3f96d06d?s=96&d=mm&r=g","caption":"Christoph Stadelmann"},"url":"https:\/\/www.tvbolligen.ch\/site\/author\/stadli\/"}]}},"jetpack_publicize_connections":[],"jetpack_featured_media_url":"https:\/\/i0.wp.com\/www.tvbolligen.ch\/site\/wp-content\/uploads\/kids-cup-Langenthal.jpg?fit=4032%2C3024&ssl=1","jetpack_sharing_enabled":true,"jetpack_shortlink":"https:\/\/wp.me\/p751GT-4x9","_links":{"self":[{"href":"https:\/\/www.tvbolligen.ch\/site\/wp-json\/wp\/v2\/posts\/17431","targetHints":{"allow":["GET"]}}],"collection":[{"href":"https:\/\/www.tvbolligen.ch\/site\/wp-json\/wp\/v2\/posts"}],"about":[{"href":"https:\/\/www.tvbolligen.ch\/site\/wp-json\/wp\/v2\/types\/post"}],"author":[{"embeddable":true,"href":"https:\/\/www.tvbolligen.ch\/site\/wp-json\/wp\/v2\/users\/16"}],"replies":[{"embeddable":true,"href":"https:\/\/www.tvbolligen.ch\/site\/wp-json\/wp\/v2\/comments?post=17431"}],"version-history":[{"count":0,"href":"https:\/\/www.tvbolligen.ch\/site\/wp-json\/wp\/v2\/posts\/17431\/revisions"}],"wp:featuredmedia":[{"embeddable":true,"href":"https:\/\/www.tvbolligen.ch\/site\/wp-json\/wp\/v2\/media\/17432"}],"wp:attachment":[{"href":"https:\/\/www.tvbolligen.ch\/site\/wp-json\/wp\/v2\/media?parent=17431"}],"wp:term":[{"taxonomy":"category","embeddable":true,"href":"https:\/\/www.tvbolligen.ch\/site\/wp-json\/wp\/v2\/categories?post=17431"},{"taxonomy":"post_tag","embeddable":true,"href":"https:\/\/www.tvbolligen.ch\/site\/wp-json\/wp\/v2\/tags?post=17431"}],"curies":[{"name":"wp","href":"https:\/\/api.w.org\/{rel}","templated":true}]}}