{"id":17462,"date":"2019-06-03T20:16:35","date_gmt":"2019-06-03T19:16:35","guid":{"rendered":"http:\/\/www.tvbolligen.ch\/site\/?p=17462"},"modified":"2019-07-12T16:06:36","modified_gmt":"2019-07-12T15:06:36","slug":"bronze-fuer-amelie-uloth-und-vier-weitere-top-10-plaetze-am-kids-cup-in-interlaken","status":"publish","type":"post","link":"https:\/\/www.tvbolligen.ch\/site\/bronze-fuer-amelie-uloth-und-vier-weitere-top-10-plaetze-am-kids-cup-in-interlaken\/","title":{"rendered":"UBS Kids Cup Interlaken, 03.06.2019"},"content":{"rendered":"<p><strong>Bronze f\u00fcr Am\u00e9lie Uloth und f\u00fcnf weitere Top 10-Pl\u00e4tze am Kids Cup in Interlaken<\/strong><\/p>\n<p>Am stark besetzten kids cup in Interlaken (Sprint, Weit, Ball) holte sich Am\u00e9lie Uloth mit einem tollen Wettkampf die Bronzemedaille. Die Bolliger Athletin mit Jahrgang 2009 stellte im Sprint \u00fcber die 60m (9.74s) sowie auch im Weitsprung (3.64m) eine pers\u00f6nliche Bestleistung auf und warf mit 19.65m knapp an ihre Bestmarke heran. Die 1112 Punkte im Dreikampf reichten zwar nicht ganz zu einer neuen Bestleistung, die aktuell bei 1138 Punkten steht, wohl aber f\u00fcr die Bronzemedaille, nur gerade 2 Punkte hinter der Silbermedaillengewinnerin. Am\u00e9lie liegt aktuell auf Platz 20 der Kantonsbestenliste und w\u00fcrde sich damit das Ticket zum Kantonalfinal der besten 35 Athletinnen des Kantons sichern.<\/p>\n<p>Ebenfalls \u00fcberzeugt, hat Lyana Lemann in der Kategorie W8 (M\u00e4dchen mit Jg. 2011): Lyana knackte im Ballweitwurf zum ersten Mal die 10m-Marke (10.24m). Mit total 497 Punkte (pB) verpasste Lyana nur knapp die 500 Punkte und landete damit auf dem hervorragenden 4. Schlussrang, nur gut 50 Punkte hinter Rang 3.<\/p>\n<p>Drei&nbsp;Mal Platz 7 gab es f\u00fcr Florian Brunner (Kategorie M9) Joris Robyr (Kategorie M10) und C\u00e9line B\u00e4ssler (Kategorie W10, wie Am\u00e9lie). Florian warf den 200g schweren Ball im Ballweitwurf mit 16.76m so weit wie noch nie zuvor und lief und sprang auch im Sprint und Weitsprung nahe an seine pers\u00f6nliche Bestleistung. Sein Teamkollege Joris Robyr egalisierte mit 937 Punkten seine pers\u00f6nliche Bestleistung aus Langenthal. Besonders erw\u00e4hnenswert sind dabei die 10.07s (pB) im Sprint, welche die Basis bildeten f\u00fcr den hervorragenden 7. Schlussrang. C\u00e9line sprang im Weitsprung mit 3.54m auf eine neue Bestweite und blieb mit insgesamt 898 Punkten nur knapp unter ihrer pers\u00f6nlichen Bestleistung. Joris liegt in der aktuellen Kantonsbestenliste aktuell auf Platz 30 und hat damit alle Chancen, sich das Ticket zum Kantonalfinal zu sichern. Auch Florian Brunner hat auf Platz 49 liegend noch alle Chancen auf das Ticket. C\u00e9line, welche aktuell auf Platz 57 liegt, darf sich ebenfalls noch Hoffnungen auf das Final-Ticket machen.<\/p>\n<p>Auf Platz 9 in seiner Kategorie lief, sprang und warf Ruben Senn (Jg. 2008). Besonders erw\u00e4hnenswert sind dabei die 25.36m im Ballweitwurf, mit welchen er seine pers\u00f6nliche Bestweite und fast 3m steigern konnte. Abgerundet wurde das tolle Teamergebnis durch Fiona Brunner (Jg. 2008), welche in ihrer Kategorie einen Top 10 Platz nur knapp verpasste. Mit 3.51m im Weitsprung, 10.47s \u00fcber die 60m sowie 16.26m im Ballweitwurf holte sich Fiona im grossen Teilnehmerfeld den sehr guten 12. Schlussrang.<\/p>\n<p>Wir gratulieren den Athletinnen und Athleten ganz herzlich zu den Leistungen und danken Judith Brunner und Dirk Uloth \u2013 welche kurzfristig als Betreuer eingesprochen sind \u2013 herzlich f\u00fcr die Betreuung des Athletenteams.<\/p>\n<p>Anl\u00e4sslich des UBS kids cups in Uettligen vom Freitag, 14. Juni 2019 resp. am Dienstag, 25. Juni 2019 in Bolligen wollen wir versuchen uns definitiv noch das eine oder andere Ticket zum Kantonalfinal der besten 35 Athletinnen resp. Athleten je Kategorie zu sichern.<\/p>\n","protected":false},"excerpt":{"rendered":"<p>Bronze f\u00fcr Am\u00e9lie Uloth und f\u00fcnf weitere Top 10-Pl\u00e4tze am Kids Cup in Interlaken Am stark besetzten kids cup in Interlaken (Sprint, Weit, Ball) holte sich Am\u00e9lie Uloth mit einem tollen Wettkampf die Bronzemedaille. Die Bolliger Athletin mit Jahrgang 2009 stellte im Sprint \u00fcber die 60m (9.74s) sowie auch im Weitsprung (3.64m) eine pers\u00f6nliche Bestleistung [&hellip;]<\/p>\n","protected":false},"author":16,"featured_media":17463,"comment_status":"closed","ping_status":"closed","sticky":false,"template":"","format":"standard","meta":{"_et_pb_use_builder":"","_et_pb_old_content":"","_et_gb_content_width":"","ngg_post_thumbnail":0,"jetpack_post_was_ever_published":false,"_jetpack_newsletter_access":"","_jetpack_dont_email_post_to_subs":false,"_jetpack_newsletter_tier_id":0,"_jetpack_memberships_contains_paywalled_content":false,"_jetpack_memberships_contains_paid_content":false,"footnotes":"","jetpack_publicize_message":"","jetpack_publicize_feature_enabled":true,"jetpack_social_post_already_shared":true,"jetpack_social_options":{"image_generator_settings":{"template":"highway","enabled":false},"version":2}},"categories":[12],"tags":[],"class_list":["post-17462","post","type-post","status-publish","format-standard","has-post-thumbnail","hentry","category-la"],"yoast_head":"<!-- This site is optimized with the Yoast SEO plugin v25.1 - https:\/\/yoast.com\/wordpress\/plugins\/seo\/ -->\n<title>UBS Kids Cup Interlaken, 03.06.2019 - Turnverein Bolligen<\/title>\n<meta name=\"robots\" content=\"index, follow, max-snippet:-1, max-image-preview:large, max-video-preview:-1\" \/>\n<link rel=\"canonical\" href=\"https:\/\/www.tvbolligen.ch\/site\/bronze-fuer-amelie-uloth-und-vier-weitere-top-10-plaetze-am-kids-cup-in-interlaken\/\" \/>\n<meta property=\"og:locale\" content=\"de_DE\" \/>\n<meta property=\"og:type\" content=\"article\" \/>\n<meta property=\"og:title\" content=\"UBS Kids Cup Interlaken, 03.06.2019 - Turnverein Bolligen\" \/>\n<meta property=\"og:description\" content=\"Bronze f\u00fcr Am\u00e9lie Uloth und f\u00fcnf weitere Top 10-Pl\u00e4tze am Kids Cup in Interlaken Am stark besetzten kids cup in Interlaken (Sprint, Weit, Ball) holte sich Am\u00e9lie Uloth mit einem tollen Wettkampf die Bronzemedaille. Die Bolliger Athletin mit Jahrgang 2009 stellte im Sprint \u00fcber die 60m (9.74s) sowie auch im Weitsprung (3.64m) eine pers\u00f6nliche Bestleistung [&hellip;]\" \/>\n<meta property=\"og:url\" content=\"https:\/\/www.tvbolligen.ch\/site\/bronze-fuer-amelie-uloth-und-vier-weitere-top-10-plaetze-am-kids-cup-in-interlaken\/\" \/>\n<meta property=\"og:site_name\" content=\"Turnverein Bolligen\" \/>\n<meta property=\"article:published_time\" content=\"2019-06-03T19:16:35+00:00\" \/>\n<meta property=\"article:modified_time\" content=\"2019-07-12T15:06:36+00:00\" \/>\n<meta property=\"og:image\" content=\"https:\/\/i0.wp.com\/www.tvbolligen.ch\/site\/wp-content\/uploads\/Foto-Interlaken.jpg?fit=580%2C435&ssl=1\" \/>\n\t<meta property=\"og:image:width\" content=\"580\" \/>\n\t<meta property=\"og:image:height\" content=\"435\" \/>\n\t<meta property=\"og:image:type\" content=\"image\/jpeg\" \/>\n<meta name=\"author\" content=\"Christoph Stadelmann\" \/>\n<meta name=\"twitter:card\" content=\"summary_large_image\" \/>\n<meta name=\"twitter:label1\" content=\"Verfasst von\" \/>\n\t<meta name=\"twitter:data1\" content=\"Christoph Stadelmann\" \/>\n\t<meta name=\"twitter:label2\" content=\"Gesch\u00e4tzte Lesezeit\" \/>\n\t<meta name=\"twitter:data2\" content=\"2\u00a0Minuten\" \/>\n<script type=\"application\/ld+json\" class=\"yoast-schema-graph\">{\"@context\":\"https:\/\/schema.org\",\"@graph\":[{\"@type\":\"Article\",\"@id\":\"https:\/\/www.tvbolligen.ch\/site\/bronze-fuer-amelie-uloth-und-vier-weitere-top-10-plaetze-am-kids-cup-in-interlaken\/#article\",\"isPartOf\":{\"@id\":\"https:\/\/www.tvbolligen.ch\/site\/bronze-fuer-amelie-uloth-und-vier-weitere-top-10-plaetze-am-kids-cup-in-interlaken\/\"},\"author\":{\"name\":\"Christoph Stadelmann\",\"@id\":\"https:\/\/www.tvbolligen.ch\/site\/#\/schema\/person\/cf2ff3d29907f0355f91f6838672eaf4\"},\"headline\":\"UBS Kids Cup Interlaken, 03.06.2019\",\"datePublished\":\"2019-06-03T19:16:35+00:00\",\"dateModified\":\"2019-07-12T15:06:36+00:00\",\"mainEntityOfPage\":{\"@id\":\"https:\/\/www.tvbolligen.ch\/site\/bronze-fuer-amelie-uloth-und-vier-weitere-top-10-plaetze-am-kids-cup-in-interlaken\/\"},\"wordCount\":477,\"publisher\":{\"@id\":\"https:\/\/www.tvbolligen.ch\/site\/#organization\"},\"image\":{\"@id\":\"https:\/\/www.tvbolligen.ch\/site\/bronze-fuer-amelie-uloth-und-vier-weitere-top-10-plaetze-am-kids-cup-in-interlaken\/#primaryimage\"},\"thumbnailUrl\":\"https:\/\/i0.wp.com\/www.tvbolligen.ch\/site\/wp-content\/uploads\/Foto-Interlaken.jpg?fit=580%2C435&ssl=1\",\"articleSection\":[\"LA\"],\"inLanguage\":\"de\"},{\"@type\":\"WebPage\",\"@id\":\"https:\/\/www.tvbolligen.ch\/site\/bronze-fuer-amelie-uloth-und-vier-weitere-top-10-plaetze-am-kids-cup-in-interlaken\/\",\"url\":\"https:\/\/www.tvbolligen.ch\/site\/bronze-fuer-amelie-uloth-und-vier-weitere-top-10-plaetze-am-kids-cup-in-interlaken\/\",\"name\":\"UBS Kids Cup Interlaken, 03.06.2019 - Turnverein Bolligen\",\"isPartOf\":{\"@id\":\"https:\/\/www.tvbolligen.ch\/site\/#website\"},\"primaryImageOfPage\":{\"@id\":\"https:\/\/www.tvbolligen.ch\/site\/bronze-fuer-amelie-uloth-und-vier-weitere-top-10-plaetze-am-kids-cup-in-interlaken\/#primaryimage\"},\"image\":{\"@id\":\"https:\/\/www.tvbolligen.ch\/site\/bronze-fuer-amelie-uloth-und-vier-weitere-top-10-plaetze-am-kids-cup-in-interlaken\/#primaryimage\"},\"thumbnailUrl\":\"https:\/\/i0.wp.com\/www.tvbolligen.ch\/site\/wp-content\/uploads\/Foto-Interlaken.jpg?fit=580%2C435&ssl=1\",\"datePublished\":\"2019-06-03T19:16:35+00:00\",\"dateModified\":\"2019-07-12T15:06:36+00:00\",\"breadcrumb\":{\"@id\":\"https:\/\/www.tvbolligen.ch\/site\/bronze-fuer-amelie-uloth-und-vier-weitere-top-10-plaetze-am-kids-cup-in-interlaken\/#breadcrumb\"},\"inLanguage\":\"de\",\"potentialAction\":[{\"@type\":\"ReadAction\",\"target\":[\"https:\/\/www.tvbolligen.ch\/site\/bronze-fuer-amelie-uloth-und-vier-weitere-top-10-plaetze-am-kids-cup-in-interlaken\/\"]}]},{\"@type\":\"ImageObject\",\"inLanguage\":\"de\",\"@id\":\"https:\/\/www.tvbolligen.ch\/site\/bronze-fuer-amelie-uloth-und-vier-weitere-top-10-plaetze-am-kids-cup-in-interlaken\/#primaryimage\",\"url\":\"https:\/\/i0.wp.com\/www.tvbolligen.ch\/site\/wp-content\/uploads\/Foto-Interlaken.jpg?fit=580%2C435&ssl=1\",\"contentUrl\":\"https:\/\/i0.wp.com\/www.tvbolligen.ch\/site\/wp-content\/uploads\/Foto-Interlaken.jpg?fit=580%2C435&ssl=1\",\"width\":580,\"height\":435},{\"@type\":\"BreadcrumbList\",\"@id\":\"https:\/\/www.tvbolligen.ch\/site\/bronze-fuer-amelie-uloth-und-vier-weitere-top-10-plaetze-am-kids-cup-in-interlaken\/#breadcrumb\",\"itemListElement\":[{\"@type\":\"ListItem\",\"position\":1,\"name\":\"Home\",\"item\":\"https:\/\/www.tvbolligen.ch\/site\/\"},{\"@type\":\"ListItem\",\"position\":2,\"name\":\"UBS Kids Cup Interlaken, 03.06.2019\"}]},{\"@type\":\"WebSite\",\"@id\":\"https:\/\/www.tvbolligen.ch\/site\/#website\",\"url\":\"https:\/\/www.tvbolligen.ch\/site\/\",\"name\":\"Turnverein Bolligen\",\"description\":\"Sport f\u00fcr Jung und Alt in Bolligen\",\"publisher\":{\"@id\":\"https:\/\/www.tvbolligen.ch\/site\/#organization\"},\"potentialAction\":[{\"@type\":\"SearchAction\",\"target\":{\"@type\":\"EntryPoint\",\"urlTemplate\":\"https:\/\/www.tvbolligen.ch\/site\/?s={search_term_string}\"},\"query-input\":{\"@type\":\"PropertyValueSpecification\",\"valueRequired\":true,\"valueName\":\"search_term_string\"}}],\"inLanguage\":\"de\"},{\"@type\":\"Organization\",\"@id\":\"https:\/\/www.tvbolligen.ch\/site\/#organization\",\"name\":\"Turnverein Bolligen\",\"url\":\"https:\/\/www.tvbolligen.ch\/site\/\",\"logo\":{\"@type\":\"ImageObject\",\"inLanguage\":\"de\",\"@id\":\"https:\/\/www.tvbolligen.ch\/site\/#\/schema\/logo\/image\/\",\"url\":\"https:\/\/i0.wp.com\/www.tvbolligen.ch\/site\/wp-content\/uploads\/2015\/12\/Logo_TV_mittel.png?fit=1000%2C303&ssl=1\",\"contentUrl\":\"https:\/\/i0.wp.com\/www.tvbolligen.ch\/site\/wp-content\/uploads\/2015\/12\/Logo_TV_mittel.png?fit=1000%2C303&ssl=1\",\"width\":1000,\"height\":303,\"caption\":\"Turnverein Bolligen\"},\"image\":{\"@id\":\"https:\/\/www.tvbolligen.ch\/site\/#\/schema\/logo\/image\/\"}},{\"@type\":\"Person\",\"@id\":\"https:\/\/www.tvbolligen.ch\/site\/#\/schema\/person\/cf2ff3d29907f0355f91f6838672eaf4\",\"name\":\"Christoph Stadelmann\",\"image\":{\"@type\":\"ImageObject\",\"inLanguage\":\"de\",\"@id\":\"https:\/\/www.tvbolligen.ch\/site\/#\/schema\/person\/image\/\",\"url\":\"https:\/\/secure.gravatar.com\/avatar\/eb36e22abc5edb516c894c982c651ddde21b1dc17f96bef394f2f54c3f96d06d?s=96&d=mm&r=g\",\"contentUrl\":\"https:\/\/secure.gravatar.com\/avatar\/eb36e22abc5edb516c894c982c651ddde21b1dc17f96bef394f2f54c3f96d06d?s=96&d=mm&r=g\",\"caption\":\"Christoph Stadelmann\"},\"url\":\"https:\/\/www.tvbolligen.ch\/site\/author\/stadli\/\"}]}<\/script>\n<!-- \/ Yoast SEO plugin. -->","yoast_head_json":{"title":"UBS Kids Cup Interlaken, 03.06.2019 - Turnverein Bolligen","robots":{"index":"index","follow":"follow","max-snippet":"max-snippet:-1","max-image-preview":"max-image-preview:large","max-video-preview":"max-video-preview:-1"},"canonical":"https:\/\/www.tvbolligen.ch\/site\/bronze-fuer-amelie-uloth-und-vier-weitere-top-10-plaetze-am-kids-cup-in-interlaken\/","og_locale":"de_DE","og_type":"article","og_title":"UBS Kids Cup Interlaken, 03.06.2019 - Turnverein Bolligen","og_description":"Bronze f\u00fcr Am\u00e9lie Uloth und f\u00fcnf weitere Top 10-Pl\u00e4tze am Kids Cup in Interlaken Am stark besetzten kids cup in Interlaken (Sprint, Weit, Ball) holte sich Am\u00e9lie Uloth mit einem tollen Wettkampf die Bronzemedaille. Die Bolliger Athletin mit Jahrgang 2009 stellte im Sprint \u00fcber die 60m (9.74s) sowie auch im Weitsprung (3.64m) eine pers\u00f6nliche Bestleistung [&hellip;]","og_url":"https:\/\/www.tvbolligen.ch\/site\/bronze-fuer-amelie-uloth-und-vier-weitere-top-10-plaetze-am-kids-cup-in-interlaken\/","og_site_name":"Turnverein Bolligen","article_published_time":"2019-06-03T19:16:35+00:00","article_modified_time":"2019-07-12T15:06:36+00:00","og_image":[{"width":580,"height":435,"url":"https:\/\/i0.wp.com\/www.tvbolligen.ch\/site\/wp-content\/uploads\/Foto-Interlaken.jpg?fit=580%2C435&ssl=1","type":"image\/jpeg"}],"author":"Christoph Stadelmann","twitter_card":"summary_large_image","twitter_misc":{"Verfasst von":"Christoph Stadelmann","Gesch\u00e4tzte Lesezeit":"2\u00a0Minuten"},"schema":{"@context":"https:\/\/schema.org","@graph":[{"@type":"Article","@id":"https:\/\/www.tvbolligen.ch\/site\/bronze-fuer-amelie-uloth-und-vier-weitere-top-10-plaetze-am-kids-cup-in-interlaken\/#article","isPartOf":{"@id":"https:\/\/www.tvbolligen.ch\/site\/bronze-fuer-amelie-uloth-und-vier-weitere-top-10-plaetze-am-kids-cup-in-interlaken\/"},"author":{"name":"Christoph Stadelmann","@id":"https:\/\/www.tvbolligen.ch\/site\/#\/schema\/person\/cf2ff3d29907f0355f91f6838672eaf4"},"headline":"UBS Kids Cup Interlaken, 03.06.2019","datePublished":"2019-06-03T19:16:35+00:00","dateModified":"2019-07-12T15:06:36+00:00","mainEntityOfPage":{"@id":"https:\/\/www.tvbolligen.ch\/site\/bronze-fuer-amelie-uloth-und-vier-weitere-top-10-plaetze-am-kids-cup-in-interlaken\/"},"wordCount":477,"publisher":{"@id":"https:\/\/www.tvbolligen.ch\/site\/#organization"},"image":{"@id":"https:\/\/www.tvbolligen.ch\/site\/bronze-fuer-amelie-uloth-und-vier-weitere-top-10-plaetze-am-kids-cup-in-interlaken\/#primaryimage"},"thumbnailUrl":"https:\/\/i0.wp.com\/www.tvbolligen.ch\/site\/wp-content\/uploads\/Foto-Interlaken.jpg?fit=580%2C435&ssl=1","articleSection":["LA"],"inLanguage":"de"},{"@type":"WebPage","@id":"https:\/\/www.tvbolligen.ch\/site\/bronze-fuer-amelie-uloth-und-vier-weitere-top-10-plaetze-am-kids-cup-in-interlaken\/","url":"https:\/\/www.tvbolligen.ch\/site\/bronze-fuer-amelie-uloth-und-vier-weitere-top-10-plaetze-am-kids-cup-in-interlaken\/","name":"UBS Kids Cup Interlaken, 03.06.2019 - Turnverein Bolligen","isPartOf":{"@id":"https:\/\/www.tvbolligen.ch\/site\/#website"},"primaryImageOfPage":{"@id":"https:\/\/www.tvbolligen.ch\/site\/bronze-fuer-amelie-uloth-und-vier-weitere-top-10-plaetze-am-kids-cup-in-interlaken\/#primaryimage"},"image":{"@id":"https:\/\/www.tvbolligen.ch\/site\/bronze-fuer-amelie-uloth-und-vier-weitere-top-10-plaetze-am-kids-cup-in-interlaken\/#primaryimage"},"thumbnailUrl":"https:\/\/i0.wp.com\/www.tvbolligen.ch\/site\/wp-content\/uploads\/Foto-Interlaken.jpg?fit=580%2C435&ssl=1","datePublished":"2019-06-03T19:16:35+00:00","dateModified":"2019-07-12T15:06:36+00:00","breadcrumb":{"@id":"https:\/\/www.tvbolligen.ch\/site\/bronze-fuer-amelie-uloth-und-vier-weitere-top-10-plaetze-am-kids-cup-in-interlaken\/#breadcrumb"},"inLanguage":"de","potentialAction":[{"@type":"ReadAction","target":["https:\/\/www.tvbolligen.ch\/site\/bronze-fuer-amelie-uloth-und-vier-weitere-top-10-plaetze-am-kids-cup-in-interlaken\/"]}]},{"@type":"ImageObject","inLanguage":"de","@id":"https:\/\/www.tvbolligen.ch\/site\/bronze-fuer-amelie-uloth-und-vier-weitere-top-10-plaetze-am-kids-cup-in-interlaken\/#primaryimage","url":"https:\/\/i0.wp.com\/www.tvbolligen.ch\/site\/wp-content\/uploads\/Foto-Interlaken.jpg?fit=580%2C435&ssl=1","contentUrl":"https:\/\/i0.wp.com\/www.tvbolligen.ch\/site\/wp-content\/uploads\/Foto-Interlaken.jpg?fit=580%2C435&ssl=1","width":580,"height":435},{"@type":"BreadcrumbList","@id":"https:\/\/www.tvbolligen.ch\/site\/bronze-fuer-amelie-uloth-und-vier-weitere-top-10-plaetze-am-kids-cup-in-interlaken\/#breadcrumb","itemListElement":[{"@type":"ListItem","position":1,"name":"Home","item":"https:\/\/www.tvbolligen.ch\/site\/"},{"@type":"ListItem","position":2,"name":"UBS Kids Cup Interlaken, 03.06.2019"}]},{"@type":"WebSite","@id":"https:\/\/www.tvbolligen.ch\/site\/#website","url":"https:\/\/www.tvbolligen.ch\/site\/","name":"Turnverein Bolligen","description":"Sport f\u00fcr Jung und Alt in Bolligen","publisher":{"@id":"https:\/\/www.tvbolligen.ch\/site\/#organization"},"potentialAction":[{"@type":"SearchAction","target":{"@type":"EntryPoint","urlTemplate":"https:\/\/www.tvbolligen.ch\/site\/?s={search_term_string}"},"query-input":{"@type":"PropertyValueSpecification","valueRequired":true,"valueName":"search_term_string"}}],"inLanguage":"de"},{"@type":"Organization","@id":"https:\/\/www.tvbolligen.ch\/site\/#organization","name":"Turnverein Bolligen","url":"https:\/\/www.tvbolligen.ch\/site\/","logo":{"@type":"ImageObject","inLanguage":"de","@id":"https:\/\/www.tvbolligen.ch\/site\/#\/schema\/logo\/image\/","url":"https:\/\/i0.wp.com\/www.tvbolligen.ch\/site\/wp-content\/uploads\/2015\/12\/Logo_TV_mittel.png?fit=1000%2C303&ssl=1","contentUrl":"https:\/\/i0.wp.com\/www.tvbolligen.ch\/site\/wp-content\/uploads\/2015\/12\/Logo_TV_mittel.png?fit=1000%2C303&ssl=1","width":1000,"height":303,"caption":"Turnverein Bolligen"},"image":{"@id":"https:\/\/www.tvbolligen.ch\/site\/#\/schema\/logo\/image\/"}},{"@type":"Person","@id":"https:\/\/www.tvbolligen.ch\/site\/#\/schema\/person\/cf2ff3d29907f0355f91f6838672eaf4","name":"Christoph Stadelmann","image":{"@type":"ImageObject","inLanguage":"de","@id":"https:\/\/www.tvbolligen.ch\/site\/#\/schema\/person\/image\/","url":"https:\/\/secure.gravatar.com\/avatar\/eb36e22abc5edb516c894c982c651ddde21b1dc17f96bef394f2f54c3f96d06d?s=96&d=mm&r=g","contentUrl":"https:\/\/secure.gravatar.com\/avatar\/eb36e22abc5edb516c894c982c651ddde21b1dc17f96bef394f2f54c3f96d06d?s=96&d=mm&r=g","caption":"Christoph Stadelmann"},"url":"https:\/\/www.tvbolligen.ch\/site\/author\/stadli\/"}]}},"jetpack_publicize_connections":[],"jetpack_featured_media_url":"https:\/\/i0.wp.com\/www.tvbolligen.ch\/site\/wp-content\/uploads\/Foto-Interlaken.jpg?fit=580%2C435&ssl=1","jetpack_sharing_enabled":true,"jetpack_shortlink":"https:\/\/wp.me\/p751GT-4xE","_links":{"self":[{"href":"https:\/\/www.tvbolligen.ch\/site\/wp-json\/wp\/v2\/posts\/17462","targetHints":{"allow":["GET"]}}],"collection":[{"href":"https:\/\/www.tvbolligen.ch\/site\/wp-json\/wp\/v2\/posts"}],"about":[{"href":"https:\/\/www.tvbolligen.ch\/site\/wp-json\/wp\/v2\/types\/post"}],"author":[{"embeddable":true,"href":"https:\/\/www.tvbolligen.ch\/site\/wp-json\/wp\/v2\/users\/16"}],"replies":[{"embeddable":true,"href":"https:\/\/www.tvbolligen.ch\/site\/wp-json\/wp\/v2\/comments?post=17462"}],"version-history":[{"count":0,"href":"https:\/\/www.tvbolligen.ch\/site\/wp-json\/wp\/v2\/posts\/17462\/revisions"}],"wp:featuredmedia":[{"embeddable":true,"href":"https:\/\/www.tvbolligen.ch\/site\/wp-json\/wp\/v2\/media\/17463"}],"wp:attachment":[{"href":"https:\/\/www.tvbolligen.ch\/site\/wp-json\/wp\/v2\/media?parent=17462"}],"wp:term":[{"taxonomy":"category","embeddable":true,"href":"https:\/\/www.tvbolligen.ch\/site\/wp-json\/wp\/v2\/categories?post=17462"},{"taxonomy":"post_tag","embeddable":true,"href":"https:\/\/www.tvbolligen.ch\/site\/wp-json\/wp\/v2\/tags?post=17462"}],"curies":[{"name":"wp","href":"https:\/\/api.w.org\/{rel}","templated":true}]}}