{"id":17550,"date":"2019-03-11T20:17:16","date_gmt":"2019-03-11T19:17:16","guid":{"rendered":"http:\/\/www.tvbolligen.ch\/site\/?p=17550"},"modified":"2019-07-13T20:35:20","modified_gmt":"2019-07-13T19:35:20","slug":"ubs-kids-cup-team-regionalfinal-burgdorf-10-03-2019-u16","status":"publish","type":"post","link":"https:\/\/www.tvbolligen.ch\/site\/ubs-kids-cup-team-regionalfinal-burgdorf-10-03-2019-u16\/","title":{"rendered":"UBS Kids Cup Team Regionalfinal Burgdorf, 10.03.2019 (U16)"},"content":{"rendered":"<p><strong>U16 Boys holen sich den dritten Platz am UBS Kids Cup Regionalfinal in Burgdorf<\/strong><\/p>\n<p>Mit guten Voraussetzungen startete das U16 Boys Team am Sonntag, 10. M\u00e4rz 2019 in den Wettkampf. Dank dem zweiten Platz in der Qualifikation in Bern stand das U16 Boys Team auch am Regionalfinal am Start. Das Team mit Quirin Siegrist, Joel Renggli, Levin Zwahlen, Joel M\u00fcller und Jan Rohrer startete den Wettkampf mit dem Risikosprint. Dort gelang ihnen eine neue pers\u00f6nliche Bestleistung mit 25 Punkten. Alle f\u00fcnf Athleten sprinteten beim Start von der Nummer 5 gen\u00fcgend schnell, so dass bei allen das gr\u00fcne Schild gezeigt werden konnte. Damit schloss das U16 Boys Team von TV Bolligen diese Disziplin als drittbestes Team ab. Der Wettkampf ging weiter mit der n\u00e4chsten Disziplin, dem Stabweitsprung. Hier konnten sie leider nicht ganz ihre Bestleistung zeigen. Mit 1x der Nummer 5 und 4x der Nummer 4 lagen sie 2 Punkte unter ihrem m\u00f6gliche Bestresultat. Trotzdem lagen sie auch am Ende dieser Disziplin auf dem dritten Zwischenrang. Hier w\u00e4re jedoch noch einiges m\u00f6glich gewesen. H\u00e4tten sie die m\u00f6glichen zwei Punkte mehr erreicht, h\u00e4tten sie in dieser Disziplin sogar den ersten Platz erreichen k\u00f6nnen.<\/p>\n<p>Leider war in der n\u00e4chsten Disziplin, dem Biathlon das Gl\u00fcck nicht auf der Seite der Bolliger. Es galt dort m\u00f6glichst viele Runden zu laufen und nach jeder Runde mit einem Tennisball die H\u00fctchen abzuwerfen. Das Laufen gelang den Bolligern auch ziemlich gut, doch beim Werfen haperte es leider. Das U16 Boys Team konnte leider nur wenige H\u00fctchen herunterwerfen und konnten in dieser Disziplin nicht voll und ganz \u00fcberzeugen.Im Biathlon waren sie leider nur auf dem siebten Rang klassiert. Dadurch erhielten sie in dieser Disziplin viele Punkte und fielen auf den vierten Zwischenrang zur\u00fcck.<\/p>\n<p>Zum Schluss folgte noch der Teamcross. Obwohl eine Qualifikation f\u00fcr den Schweizerfinal durch das Pech beim Werfen im Biathlon schon ausser Reichweite ger\u00fcckt ist, zeigten die Bolliger Jungs noch einmal ihr ganzes K\u00f6nnen. Quirin zeigte einen Blitzstart und somit konnte das U16 Boys Team aus Bolligen ganz vorne mitlaufen. Auch Joel R., Levin und Joel M. zeigten ein sehr schnelles und technisch gutes Rennen und somit konnte das Team in der Topgruppe mithalten. Mit einem grandiosen Schlussspurt lief Jan als dritter Schlussl\u00e4ufer ins Ziel. Dadurch zeigten die f\u00fcnf Jungs noch einmal das ein grosses Potential in ihnen steckt.<\/p>\n<p>Auch mit etwas Gl\u00fcck h\u00e4tte es wohl nicht ganz f\u00fcr die Qualifikation f\u00fcr den Schweizerfinal gereicht, jedoch konnten Quirin, Joel R. Levin, Joel M. und Jan einen super Wettkampf zeigen. In drei Disziplinen erreichten sie das drittbeste Resultat, nur der Biathlon mit 7 Punkten fiel etwas ab. Schlussendlich war es jedoch ein hervorragender Wettkampf der f\u00fcnf Bolliger Athleten und mit dem dritten Schlussrang ein super Endresultat. Ihr d\u00fcrft sehr sehr stolz sein auf euch. Wir sind es!!!<\/p>\n<p>Herzliche Gratulation zu diesem tollen Ergebnis<\/p>\n<p>Gregu, Sim\u00e4, Muri<\/p>\n","protected":false},"excerpt":{"rendered":"<p>U16 Boys holen sich den dritten Platz am UBS Kids Cup Regionalfinal in Burgdorf Mit guten Voraussetzungen startete das U16 Boys Team am Sonntag, 10. M\u00e4rz 2019 in den Wettkampf. Dank dem zweiten Platz in der Qualifikation in Bern stand das U16 Boys Team auch am Regionalfinal am Start. Das Team mit Quirin Siegrist, Joel [&hellip;]<\/p>\n","protected":false},"author":4,"featured_media":17551,"comment_status":"closed","ping_status":"closed","sticky":false,"template":"","format":"standard","meta":{"_et_pb_use_builder":"","_et_pb_old_content":"","_et_gb_content_width":"","ngg_post_thumbnail":0,"jetpack_post_was_ever_published":false,"_jetpack_newsletter_access":"","_jetpack_dont_email_post_to_subs":false,"_jetpack_newsletter_tier_id":0,"_jetpack_memberships_contains_paywalled_content":false,"_jetpack_memberships_contains_paid_content":false,"footnotes":"","jetpack_publicize_message":"","jetpack_publicize_feature_enabled":true,"jetpack_social_post_already_shared":true,"jetpack_social_options":{"image_generator_settings":{"template":"highway","enabled":false},"version":2}},"categories":[12],"tags":[],"class_list":["post-17550","post","type-post","status-publish","format-standard","has-post-thumbnail","hentry","category-la"],"yoast_head":"<!-- This site is optimized with the Yoast SEO plugin v25.1 - https:\/\/yoast.com\/wordpress\/plugins\/seo\/ -->\n<title>UBS Kids Cup Team Regionalfinal Burgdorf, 10.03.2019 (U16) - Turnverein Bolligen<\/title>\n<meta name=\"robots\" content=\"index, follow, max-snippet:-1, max-image-preview:large, max-video-preview:-1\" \/>\n<link rel=\"canonical\" href=\"https:\/\/www.tvbolligen.ch\/site\/ubs-kids-cup-team-regionalfinal-burgdorf-10-03-2019-u16\/\" \/>\n<meta property=\"og:locale\" content=\"de_DE\" \/>\n<meta property=\"og:type\" content=\"article\" \/>\n<meta property=\"og:title\" content=\"UBS Kids Cup Team Regionalfinal Burgdorf, 10.03.2019 (U16) - Turnverein Bolligen\" \/>\n<meta property=\"og:description\" content=\"U16 Boys holen sich den dritten Platz am UBS Kids Cup Regionalfinal in Burgdorf Mit guten Voraussetzungen startete das U16 Boys Team am Sonntag, 10. M\u00e4rz 2019 in den Wettkampf. Dank dem zweiten Platz in der Qualifikation in Bern stand das U16 Boys Team auch am Regionalfinal am Start. Das Team mit Quirin Siegrist, Joel [&hellip;]\" \/>\n<meta property=\"og:url\" content=\"https:\/\/www.tvbolligen.ch\/site\/ubs-kids-cup-team-regionalfinal-burgdorf-10-03-2019-u16\/\" \/>\n<meta property=\"og:site_name\" content=\"Turnverein Bolligen\" \/>\n<meta property=\"article:published_time\" content=\"2019-03-11T19:17:16+00:00\" \/>\n<meta property=\"article:modified_time\" content=\"2019-07-13T19:35:20+00:00\" \/>\n<meta property=\"og:image\" content=\"https:\/\/i0.wp.com\/www.tvbolligen.ch\/site\/wp-content\/uploads\/40386928983_58f02c7a2a_o.jpg?fit=1624%2C1084&ssl=1\" \/>\n\t<meta property=\"og:image:width\" content=\"1624\" \/>\n\t<meta property=\"og:image:height\" content=\"1084\" \/>\n\t<meta property=\"og:image:type\" content=\"image\/jpeg\" \/>\n<meta name=\"author\" content=\"Simone Rohrer\" \/>\n<meta name=\"twitter:card\" content=\"summary_large_image\" \/>\n<meta name=\"twitter:label1\" content=\"Verfasst von\" \/>\n\t<meta name=\"twitter:data1\" content=\"Simone Rohrer\" \/>\n\t<meta name=\"twitter:label2\" content=\"Gesch\u00e4tzte Lesezeit\" \/>\n\t<meta name=\"twitter:data2\" content=\"2\u00a0Minuten\" \/>\n<script type=\"application\/ld+json\" class=\"yoast-schema-graph\">{\"@context\":\"https:\/\/schema.org\",\"@graph\":[{\"@type\":\"Article\",\"@id\":\"https:\/\/www.tvbolligen.ch\/site\/ubs-kids-cup-team-regionalfinal-burgdorf-10-03-2019-u16\/#article\",\"isPartOf\":{\"@id\":\"https:\/\/www.tvbolligen.ch\/site\/ubs-kids-cup-team-regionalfinal-burgdorf-10-03-2019-u16\/\"},\"author\":{\"name\":\"Simone Rohrer\",\"@id\":\"https:\/\/www.tvbolligen.ch\/site\/#\/schema\/person\/274aace6a6522a6c3cbc065d5e2966d7\"},\"headline\":\"UBS Kids Cup Team Regionalfinal Burgdorf, 10.03.2019 (U16)\",\"datePublished\":\"2019-03-11T19:17:16+00:00\",\"dateModified\":\"2019-07-13T19:35:20+00:00\",\"mainEntityOfPage\":{\"@id\":\"https:\/\/www.tvbolligen.ch\/site\/ubs-kids-cup-team-regionalfinal-burgdorf-10-03-2019-u16\/\"},\"wordCount\":499,\"publisher\":{\"@id\":\"https:\/\/www.tvbolligen.ch\/site\/#organization\"},\"image\":{\"@id\":\"https:\/\/www.tvbolligen.ch\/site\/ubs-kids-cup-team-regionalfinal-burgdorf-10-03-2019-u16\/#primaryimage\"},\"thumbnailUrl\":\"https:\/\/i0.wp.com\/www.tvbolligen.ch\/site\/wp-content\/uploads\/40386928983_58f02c7a2a_o.jpg?fit=1624%2C1084&ssl=1\",\"articleSection\":[\"LA\"],\"inLanguage\":\"de\"},{\"@type\":\"WebPage\",\"@id\":\"https:\/\/www.tvbolligen.ch\/site\/ubs-kids-cup-team-regionalfinal-burgdorf-10-03-2019-u16\/\",\"url\":\"https:\/\/www.tvbolligen.ch\/site\/ubs-kids-cup-team-regionalfinal-burgdorf-10-03-2019-u16\/\",\"name\":\"UBS Kids Cup Team Regionalfinal Burgdorf, 10.03.2019 (U16) - Turnverein Bolligen\",\"isPartOf\":{\"@id\":\"https:\/\/www.tvbolligen.ch\/site\/#website\"},\"primaryImageOfPage\":{\"@id\":\"https:\/\/www.tvbolligen.ch\/site\/ubs-kids-cup-team-regionalfinal-burgdorf-10-03-2019-u16\/#primaryimage\"},\"image\":{\"@id\":\"https:\/\/www.tvbolligen.ch\/site\/ubs-kids-cup-team-regionalfinal-burgdorf-10-03-2019-u16\/#primaryimage\"},\"thumbnailUrl\":\"https:\/\/i0.wp.com\/www.tvbolligen.ch\/site\/wp-content\/uploads\/40386928983_58f02c7a2a_o.jpg?fit=1624%2C1084&ssl=1\",\"datePublished\":\"2019-03-11T19:17:16+00:00\",\"dateModified\":\"2019-07-13T19:35:20+00:00\",\"breadcrumb\":{\"@id\":\"https:\/\/www.tvbolligen.ch\/site\/ubs-kids-cup-team-regionalfinal-burgdorf-10-03-2019-u16\/#breadcrumb\"},\"inLanguage\":\"de\",\"potentialAction\":[{\"@type\":\"ReadAction\",\"target\":[\"https:\/\/www.tvbolligen.ch\/site\/ubs-kids-cup-team-regionalfinal-burgdorf-10-03-2019-u16\/\"]}]},{\"@type\":\"ImageObject\",\"inLanguage\":\"de\",\"@id\":\"https:\/\/www.tvbolligen.ch\/site\/ubs-kids-cup-team-regionalfinal-burgdorf-10-03-2019-u16\/#primaryimage\",\"url\":\"https:\/\/i0.wp.com\/www.tvbolligen.ch\/site\/wp-content\/uploads\/40386928983_58f02c7a2a_o.jpg?fit=1624%2C1084&ssl=1\",\"contentUrl\":\"https:\/\/i0.wp.com\/www.tvbolligen.ch\/site\/wp-content\/uploads\/40386928983_58f02c7a2a_o.jpg?fit=1624%2C1084&ssl=1\",\"width\":1624,\"height\":1084},{\"@type\":\"BreadcrumbList\",\"@id\":\"https:\/\/www.tvbolligen.ch\/site\/ubs-kids-cup-team-regionalfinal-burgdorf-10-03-2019-u16\/#breadcrumb\",\"itemListElement\":[{\"@type\":\"ListItem\",\"position\":1,\"name\":\"Home\",\"item\":\"https:\/\/www.tvbolligen.ch\/site\/\"},{\"@type\":\"ListItem\",\"position\":2,\"name\":\"UBS Kids Cup Team Regionalfinal Burgdorf, 10.03.2019 (U16)\"}]},{\"@type\":\"WebSite\",\"@id\":\"https:\/\/www.tvbolligen.ch\/site\/#website\",\"url\":\"https:\/\/www.tvbolligen.ch\/site\/\",\"name\":\"Turnverein Bolligen\",\"description\":\"Sport f\u00fcr Jung und Alt in Bolligen\",\"publisher\":{\"@id\":\"https:\/\/www.tvbolligen.ch\/site\/#organization\"},\"potentialAction\":[{\"@type\":\"SearchAction\",\"target\":{\"@type\":\"EntryPoint\",\"urlTemplate\":\"https:\/\/www.tvbolligen.ch\/site\/?s={search_term_string}\"},\"query-input\":{\"@type\":\"PropertyValueSpecification\",\"valueRequired\":true,\"valueName\":\"search_term_string\"}}],\"inLanguage\":\"de\"},{\"@type\":\"Organization\",\"@id\":\"https:\/\/www.tvbolligen.ch\/site\/#organization\",\"name\":\"Turnverein Bolligen\",\"url\":\"https:\/\/www.tvbolligen.ch\/site\/\",\"logo\":{\"@type\":\"ImageObject\",\"inLanguage\":\"de\",\"@id\":\"https:\/\/www.tvbolligen.ch\/site\/#\/schema\/logo\/image\/\",\"url\":\"https:\/\/i0.wp.com\/www.tvbolligen.ch\/site\/wp-content\/uploads\/2015\/12\/Logo_TV_mittel.png?fit=1000%2C303&ssl=1\",\"contentUrl\":\"https:\/\/i0.wp.com\/www.tvbolligen.ch\/site\/wp-content\/uploads\/2015\/12\/Logo_TV_mittel.png?fit=1000%2C303&ssl=1\",\"width\":1000,\"height\":303,\"caption\":\"Turnverein Bolligen\"},\"image\":{\"@id\":\"https:\/\/www.tvbolligen.ch\/site\/#\/schema\/logo\/image\/\"}},{\"@type\":\"Person\",\"@id\":\"https:\/\/www.tvbolligen.ch\/site\/#\/schema\/person\/274aace6a6522a6c3cbc065d5e2966d7\",\"name\":\"Simone Rohrer\",\"image\":{\"@type\":\"ImageObject\",\"inLanguage\":\"de\",\"@id\":\"https:\/\/www.tvbolligen.ch\/site\/#\/schema\/person\/image\/\",\"url\":\"https:\/\/secure.gravatar.com\/avatar\/2044ceef21b229a355e9b3cc7bd07d2a8f94c1ebe34699d30e7347d5f93826ea?s=96&d=mm&r=g\",\"contentUrl\":\"https:\/\/secure.gravatar.com\/avatar\/2044ceef21b229a355e9b3cc7bd07d2a8f94c1ebe34699d30e7347d5f93826ea?s=96&d=mm&r=g\",\"caption\":\"Simone Rohrer\"},\"url\":\"https:\/\/www.tvbolligen.ch\/site\/author\/simone\/\"}]}<\/script>\n<!-- \/ Yoast SEO plugin. -->","yoast_head_json":{"title":"UBS Kids Cup Team Regionalfinal Burgdorf, 10.03.2019 (U16) - Turnverein Bolligen","robots":{"index":"index","follow":"follow","max-snippet":"max-snippet:-1","max-image-preview":"max-image-preview:large","max-video-preview":"max-video-preview:-1"},"canonical":"https:\/\/www.tvbolligen.ch\/site\/ubs-kids-cup-team-regionalfinal-burgdorf-10-03-2019-u16\/","og_locale":"de_DE","og_type":"article","og_title":"UBS Kids Cup Team Regionalfinal Burgdorf, 10.03.2019 (U16) - Turnverein Bolligen","og_description":"U16 Boys holen sich den dritten Platz am UBS Kids Cup Regionalfinal in Burgdorf Mit guten Voraussetzungen startete das U16 Boys Team am Sonntag, 10. M\u00e4rz 2019 in den Wettkampf. Dank dem zweiten Platz in der Qualifikation in Bern stand das U16 Boys Team auch am Regionalfinal am Start. Das Team mit Quirin Siegrist, Joel [&hellip;]","og_url":"https:\/\/www.tvbolligen.ch\/site\/ubs-kids-cup-team-regionalfinal-burgdorf-10-03-2019-u16\/","og_site_name":"Turnverein Bolligen","article_published_time":"2019-03-11T19:17:16+00:00","article_modified_time":"2019-07-13T19:35:20+00:00","og_image":[{"width":1624,"height":1084,"url":"https:\/\/i0.wp.com\/www.tvbolligen.ch\/site\/wp-content\/uploads\/40386928983_58f02c7a2a_o.jpg?fit=1624%2C1084&ssl=1","type":"image\/jpeg"}],"author":"Simone Rohrer","twitter_card":"summary_large_image","twitter_misc":{"Verfasst von":"Simone Rohrer","Gesch\u00e4tzte Lesezeit":"2\u00a0Minuten"},"schema":{"@context":"https:\/\/schema.org","@graph":[{"@type":"Article","@id":"https:\/\/www.tvbolligen.ch\/site\/ubs-kids-cup-team-regionalfinal-burgdorf-10-03-2019-u16\/#article","isPartOf":{"@id":"https:\/\/www.tvbolligen.ch\/site\/ubs-kids-cup-team-regionalfinal-burgdorf-10-03-2019-u16\/"},"author":{"name":"Simone Rohrer","@id":"https:\/\/www.tvbolligen.ch\/site\/#\/schema\/person\/274aace6a6522a6c3cbc065d5e2966d7"},"headline":"UBS Kids Cup Team Regionalfinal Burgdorf, 10.03.2019 (U16)","datePublished":"2019-03-11T19:17:16+00:00","dateModified":"2019-07-13T19:35:20+00:00","mainEntityOfPage":{"@id":"https:\/\/www.tvbolligen.ch\/site\/ubs-kids-cup-team-regionalfinal-burgdorf-10-03-2019-u16\/"},"wordCount":499,"publisher":{"@id":"https:\/\/www.tvbolligen.ch\/site\/#organization"},"image":{"@id":"https:\/\/www.tvbolligen.ch\/site\/ubs-kids-cup-team-regionalfinal-burgdorf-10-03-2019-u16\/#primaryimage"},"thumbnailUrl":"https:\/\/i0.wp.com\/www.tvbolligen.ch\/site\/wp-content\/uploads\/40386928983_58f02c7a2a_o.jpg?fit=1624%2C1084&ssl=1","articleSection":["LA"],"inLanguage":"de"},{"@type":"WebPage","@id":"https:\/\/www.tvbolligen.ch\/site\/ubs-kids-cup-team-regionalfinal-burgdorf-10-03-2019-u16\/","url":"https:\/\/www.tvbolligen.ch\/site\/ubs-kids-cup-team-regionalfinal-burgdorf-10-03-2019-u16\/","name":"UBS Kids Cup Team Regionalfinal Burgdorf, 10.03.2019 (U16) - Turnverein Bolligen","isPartOf":{"@id":"https:\/\/www.tvbolligen.ch\/site\/#website"},"primaryImageOfPage":{"@id":"https:\/\/www.tvbolligen.ch\/site\/ubs-kids-cup-team-regionalfinal-burgdorf-10-03-2019-u16\/#primaryimage"},"image":{"@id":"https:\/\/www.tvbolligen.ch\/site\/ubs-kids-cup-team-regionalfinal-burgdorf-10-03-2019-u16\/#primaryimage"},"thumbnailUrl":"https:\/\/i0.wp.com\/www.tvbolligen.ch\/site\/wp-content\/uploads\/40386928983_58f02c7a2a_o.jpg?fit=1624%2C1084&ssl=1","datePublished":"2019-03-11T19:17:16+00:00","dateModified":"2019-07-13T19:35:20+00:00","breadcrumb":{"@id":"https:\/\/www.tvbolligen.ch\/site\/ubs-kids-cup-team-regionalfinal-burgdorf-10-03-2019-u16\/#breadcrumb"},"inLanguage":"de","potentialAction":[{"@type":"ReadAction","target":["https:\/\/www.tvbolligen.ch\/site\/ubs-kids-cup-team-regionalfinal-burgdorf-10-03-2019-u16\/"]}]},{"@type":"ImageObject","inLanguage":"de","@id":"https:\/\/www.tvbolligen.ch\/site\/ubs-kids-cup-team-regionalfinal-burgdorf-10-03-2019-u16\/#primaryimage","url":"https:\/\/i0.wp.com\/www.tvbolligen.ch\/site\/wp-content\/uploads\/40386928983_58f02c7a2a_o.jpg?fit=1624%2C1084&ssl=1","contentUrl":"https:\/\/i0.wp.com\/www.tvbolligen.ch\/site\/wp-content\/uploads\/40386928983_58f02c7a2a_o.jpg?fit=1624%2C1084&ssl=1","width":1624,"height":1084},{"@type":"BreadcrumbList","@id":"https:\/\/www.tvbolligen.ch\/site\/ubs-kids-cup-team-regionalfinal-burgdorf-10-03-2019-u16\/#breadcrumb","itemListElement":[{"@type":"ListItem","position":1,"name":"Home","item":"https:\/\/www.tvbolligen.ch\/site\/"},{"@type":"ListItem","position":2,"name":"UBS Kids Cup Team Regionalfinal Burgdorf, 10.03.2019 (U16)"}]},{"@type":"WebSite","@id":"https:\/\/www.tvbolligen.ch\/site\/#website","url":"https:\/\/www.tvbolligen.ch\/site\/","name":"Turnverein Bolligen","description":"Sport f\u00fcr Jung und Alt in Bolligen","publisher":{"@id":"https:\/\/www.tvbolligen.ch\/site\/#organization"},"potentialAction":[{"@type":"SearchAction","target":{"@type":"EntryPoint","urlTemplate":"https:\/\/www.tvbolligen.ch\/site\/?s={search_term_string}"},"query-input":{"@type":"PropertyValueSpecification","valueRequired":true,"valueName":"search_term_string"}}],"inLanguage":"de"},{"@type":"Organization","@id":"https:\/\/www.tvbolligen.ch\/site\/#organization","name":"Turnverein Bolligen","url":"https:\/\/www.tvbolligen.ch\/site\/","logo":{"@type":"ImageObject","inLanguage":"de","@id":"https:\/\/www.tvbolligen.ch\/site\/#\/schema\/logo\/image\/","url":"https:\/\/i0.wp.com\/www.tvbolligen.ch\/site\/wp-content\/uploads\/2015\/12\/Logo_TV_mittel.png?fit=1000%2C303&ssl=1","contentUrl":"https:\/\/i0.wp.com\/www.tvbolligen.ch\/site\/wp-content\/uploads\/2015\/12\/Logo_TV_mittel.png?fit=1000%2C303&ssl=1","width":1000,"height":303,"caption":"Turnverein Bolligen"},"image":{"@id":"https:\/\/www.tvbolligen.ch\/site\/#\/schema\/logo\/image\/"}},{"@type":"Person","@id":"https:\/\/www.tvbolligen.ch\/site\/#\/schema\/person\/274aace6a6522a6c3cbc065d5e2966d7","name":"Simone Rohrer","image":{"@type":"ImageObject","inLanguage":"de","@id":"https:\/\/www.tvbolligen.ch\/site\/#\/schema\/person\/image\/","url":"https:\/\/secure.gravatar.com\/avatar\/2044ceef21b229a355e9b3cc7bd07d2a8f94c1ebe34699d30e7347d5f93826ea?s=96&d=mm&r=g","contentUrl":"https:\/\/secure.gravatar.com\/avatar\/2044ceef21b229a355e9b3cc7bd07d2a8f94c1ebe34699d30e7347d5f93826ea?s=96&d=mm&r=g","caption":"Simone Rohrer"},"url":"https:\/\/www.tvbolligen.ch\/site\/author\/simone\/"}]}},"jetpack_publicize_connections":[],"jetpack_featured_media_url":"https:\/\/i0.wp.com\/www.tvbolligen.ch\/site\/wp-content\/uploads\/40386928983_58f02c7a2a_o.jpg?fit=1624%2C1084&ssl=1","jetpack_sharing_enabled":true,"jetpack_shortlink":"https:\/\/wp.me\/p751GT-4z4","_links":{"self":[{"href":"https:\/\/www.tvbolligen.ch\/site\/wp-json\/wp\/v2\/posts\/17550","targetHints":{"allow":["GET"]}}],"collection":[{"href":"https:\/\/www.tvbolligen.ch\/site\/wp-json\/wp\/v2\/posts"}],"about":[{"href":"https:\/\/www.tvbolligen.ch\/site\/wp-json\/wp\/v2\/types\/post"}],"author":[{"embeddable":true,"href":"https:\/\/www.tvbolligen.ch\/site\/wp-json\/wp\/v2\/users\/4"}],"replies":[{"embeddable":true,"href":"https:\/\/www.tvbolligen.ch\/site\/wp-json\/wp\/v2\/comments?post=17550"}],"version-history":[{"count":0,"href":"https:\/\/www.tvbolligen.ch\/site\/wp-json\/wp\/v2\/posts\/17550\/revisions"}],"wp:featuredmedia":[{"embeddable":true,"href":"https:\/\/www.tvbolligen.ch\/site\/wp-json\/wp\/v2\/media\/17551"}],"wp:attachment":[{"href":"https:\/\/www.tvbolligen.ch\/site\/wp-json\/wp\/v2\/media?parent=17550"}],"wp:term":[{"taxonomy":"category","embeddable":true,"href":"https:\/\/www.tvbolligen.ch\/site\/wp-json\/wp\/v2\/categories?post=17550"},{"taxonomy":"post_tag","embeddable":true,"href":"https:\/\/www.tvbolligen.ch\/site\/wp-json\/wp\/v2\/tags?post=17550"}],"curies":[{"name":"wp","href":"https:\/\/api.w.org\/{rel}","templated":true}]}}