{"id":17561,"date":"2019-05-08T08:51:17","date_gmt":"2019-05-08T07:51:17","guid":{"rendered":"http:\/\/www.tvbolligen.ch\/site\/?p=17561"},"modified":"2019-07-14T09:24:26","modified_gmt":"2019-07-14T08:24:26","slug":"vereinsinterner-ubs-kids-cup-07-05-2019","status":"publish","type":"post","link":"https:\/\/www.tvbolligen.ch\/site\/vereinsinterner-ubs-kids-cup-07-05-2019\/","title":{"rendered":"Vereinsinterner UBS Kids Cup, 07.05.2019"},"content":{"rendered":"<p>Am Dienstag, dem 07.05.2019 fand im Lutertal der erste vereinsinterne UBS Kids Cup dieser Saison statt. 48 Athletinnen und Athletinnen starteten diesen Wettkampf. Alle Kids vom LA 1 (Kategorien U10 und U12) starteten ihren Wettkampf mit dem Weitsprung. Die \u00e4lteren Kids (Kategorien U14 und U16) begannen als erste Disziplin mit dem 60m Sprint. F\u00fcr viele war es der erste Dreikampf der Saison und fast bei allen war eine Verbesserung zum Vorjahr zu erkennen. Es gab sehr viele pers\u00f6nliche Bestleistungen in den Disziplinen und die meisten erreichten punktem\u00e4ssig ihr neues Bestresultat. Am\u00e9lie Uloth und Celine B\u00e4ssler (beide 2009) zeigte einen super Wettkampf und warfen beide den 200g Ball erstmals \u00fcber 20m weit. Florian Brunner (2010) gelang auch einen super Wettkampf und er konnte in allen drei Disziplinen, sowie im Gesamtresultat seine pers\u00f6nliche Bestleistung verbessern. Timur Gut (2009) blieb im Sprint und im Weitsprung nur knapp unter seiner PB, konnte diese jedoch im Wurf bis auf 25.05m verbessern. Timon Harder (2008) verbesserte seine PB sowohl im Weitsprung auf 3.70m und auch im Ballweitwurf auf 29.03m. Auch f\u00fcr Felix Fritschi (2006) gelang der Wettkampf hervorragend. Beim Sprint erreichte er genau seine Bestleistung und in den beiden anderen Disziplinen konnte er seine PB sogar verbessern, im Weitsprung fast um einen halben Meter auf 4.72m. Auch Tim Theiler (2006) konnte seine PB in allen drei Disziplinen massiv steigern. Er war 4 Zehntelsekunden schneller im Sprint, sprang 15cm weiter im Weitsprung und warf den 200g Ball 10m weiter als bisher auf 46.19m. Auch Levin Zwahlen und Fynn Fl\u00fcckiger (beide 2005) konnten ihre PB in allen drei Disziplinen verbessern. Die beiden \u00e4ltesten Jungs \u2013 Jan Rohrer und Quirin Siegrist (beide 2004) \u2013 konnten beide im Weitsprung ihre pers\u00f6nliche Bestleistung verbessern. Quirin sprang knapp unter die 5.00m Marke und Jan sprang 5.50m weit was auch gleich ein neuer Vereinsrekord ist. Dieser ersetzt den bisherigen Vereinsrekord von 5.40 im Jahr 1998.<\/p>\n<p>&nbsp;<\/p>\n<p>Wir gratulieren euch allen zu den guten Resultaten und dem erfolgreichen Wettkampf.<\/p>\n<p>Markus, Lena, Christoph, Gregu, Sim\u00e4, Muri<\/p>\n","protected":false},"excerpt":{"rendered":"<p>Am Dienstag, dem 07.05.2019 fand im Lutertal der erste vereinsinterne UBS Kids Cup dieser Saison statt. 48 Athletinnen und Athletinnen starteten diesen Wettkampf. Alle Kids vom LA 1 (Kategorien U10 und U12) starteten ihren Wettkampf mit dem Weitsprung. Die \u00e4lteren Kids (Kategorien U14 und U16) begannen als erste Disziplin mit dem 60m Sprint. F\u00fcr viele [&hellip;]<\/p>\n","protected":false},"author":4,"featured_media":17564,"comment_status":"closed","ping_status":"closed","sticky":false,"template":"","format":"standard","meta":{"_et_pb_use_builder":"","_et_pb_old_content":"","_et_gb_content_width":"","ngg_post_thumbnail":0,"jetpack_post_was_ever_published":false,"_jetpack_newsletter_access":"","_jetpack_dont_email_post_to_subs":false,"_jetpack_newsletter_tier_id":0,"_jetpack_memberships_contains_paywalled_content":false,"_jetpack_memberships_contains_paid_content":false,"footnotes":"","jetpack_publicize_message":"Vereinsinterner UBS Kids Cup, 07.05.2019","jetpack_publicize_feature_enabled":true,"jetpack_social_post_already_shared":true,"jetpack_social_options":{"image_generator_settings":{"template":"highway","enabled":false},"version":2}},"categories":[12],"tags":[],"class_list":["post-17561","post","type-post","status-publish","format-standard","has-post-thumbnail","hentry","category-la"],"yoast_head":"<!-- This site is optimized with the Yoast SEO plugin v25.1 - https:\/\/yoast.com\/wordpress\/plugins\/seo\/ -->\n<title>Vereinsinterner UBS Kids Cup, 07.05.2019 - Turnverein Bolligen<\/title>\n<meta name=\"robots\" content=\"index, follow, max-snippet:-1, max-image-preview:large, max-video-preview:-1\" \/>\n<link rel=\"canonical\" href=\"https:\/\/www.tvbolligen.ch\/site\/vereinsinterner-ubs-kids-cup-07-05-2019\/\" \/>\n<meta property=\"og:locale\" content=\"de_DE\" \/>\n<meta property=\"og:type\" content=\"article\" \/>\n<meta property=\"og:title\" content=\"Vereinsinterner UBS Kids Cup, 07.05.2019 - Turnverein Bolligen\" \/>\n<meta property=\"og:description\" content=\"Am Dienstag, dem 07.05.2019 fand im Lutertal der erste vereinsinterne UBS Kids Cup dieser Saison statt. 48 Athletinnen und Athletinnen starteten diesen Wettkampf. Alle Kids vom LA 1 (Kategorien U10 und U12) starteten ihren Wettkampf mit dem Weitsprung. Die \u00e4lteren Kids (Kategorien U14 und U16) begannen als erste Disziplin mit dem 60m Sprint. F\u00fcr viele [&hellip;]\" \/>\n<meta property=\"og:url\" content=\"https:\/\/www.tvbolligen.ch\/site\/vereinsinterner-ubs-kids-cup-07-05-2019\/\" \/>\n<meta property=\"og:site_name\" content=\"Turnverein Bolligen\" \/>\n<meta property=\"article:published_time\" content=\"2019-05-08T07:51:17+00:00\" \/>\n<meta property=\"article:modified_time\" content=\"2019-07-14T08:24:26+00:00\" \/>\n<meta property=\"og:image\" content=\"https:\/\/i0.wp.com\/www.tvbolligen.ch\/site\/wp-content\/uploads\/Bildschirmfoto-2019-07-14-um-10.00.35.png?fit=1300%2C756&ssl=1\" \/>\n\t<meta property=\"og:image:width\" content=\"1300\" \/>\n\t<meta property=\"og:image:height\" content=\"756\" \/>\n\t<meta property=\"og:image:type\" content=\"image\/png\" \/>\n<meta name=\"author\" content=\"Simone Rohrer\" \/>\n<meta name=\"twitter:card\" content=\"summary_large_image\" \/>\n<meta name=\"twitter:label1\" content=\"Verfasst von\" \/>\n\t<meta name=\"twitter:data1\" content=\"Simone Rohrer\" \/>\n\t<meta name=\"twitter:label2\" content=\"Gesch\u00e4tzte Lesezeit\" \/>\n\t<meta name=\"twitter:data2\" content=\"2\u00a0Minuten\" \/>\n<script type=\"application\/ld+json\" class=\"yoast-schema-graph\">{\"@context\":\"https:\/\/schema.org\",\"@graph\":[{\"@type\":\"Article\",\"@id\":\"https:\/\/www.tvbolligen.ch\/site\/vereinsinterner-ubs-kids-cup-07-05-2019\/#article\",\"isPartOf\":{\"@id\":\"https:\/\/www.tvbolligen.ch\/site\/vereinsinterner-ubs-kids-cup-07-05-2019\/\"},\"author\":{\"name\":\"Simone Rohrer\",\"@id\":\"https:\/\/www.tvbolligen.ch\/site\/#\/schema\/person\/274aace6a6522a6c3cbc065d5e2966d7\"},\"headline\":\"Vereinsinterner UBS Kids Cup, 07.05.2019\",\"datePublished\":\"2019-05-08T07:51:17+00:00\",\"dateModified\":\"2019-07-14T08:24:26+00:00\",\"mainEntityOfPage\":{\"@id\":\"https:\/\/www.tvbolligen.ch\/site\/vereinsinterner-ubs-kids-cup-07-05-2019\/\"},\"wordCount\":328,\"publisher\":{\"@id\":\"https:\/\/www.tvbolligen.ch\/site\/#organization\"},\"image\":{\"@id\":\"https:\/\/www.tvbolligen.ch\/site\/vereinsinterner-ubs-kids-cup-07-05-2019\/#primaryimage\"},\"thumbnailUrl\":\"https:\/\/i0.wp.com\/www.tvbolligen.ch\/site\/wp-content\/uploads\/Bildschirmfoto-2019-07-14-um-10.00.35.png?fit=1300%2C756&ssl=1\",\"articleSection\":[\"LA\"],\"inLanguage\":\"de\"},{\"@type\":\"WebPage\",\"@id\":\"https:\/\/www.tvbolligen.ch\/site\/vereinsinterner-ubs-kids-cup-07-05-2019\/\",\"url\":\"https:\/\/www.tvbolligen.ch\/site\/vereinsinterner-ubs-kids-cup-07-05-2019\/\",\"name\":\"Vereinsinterner UBS Kids Cup, 07.05.2019 - Turnverein Bolligen\",\"isPartOf\":{\"@id\":\"https:\/\/www.tvbolligen.ch\/site\/#website\"},\"primaryImageOfPage\":{\"@id\":\"https:\/\/www.tvbolligen.ch\/site\/vereinsinterner-ubs-kids-cup-07-05-2019\/#primaryimage\"},\"image\":{\"@id\":\"https:\/\/www.tvbolligen.ch\/site\/vereinsinterner-ubs-kids-cup-07-05-2019\/#primaryimage\"},\"thumbnailUrl\":\"https:\/\/i0.wp.com\/www.tvbolligen.ch\/site\/wp-content\/uploads\/Bildschirmfoto-2019-07-14-um-10.00.35.png?fit=1300%2C756&ssl=1\",\"datePublished\":\"2019-05-08T07:51:17+00:00\",\"dateModified\":\"2019-07-14T08:24:26+00:00\",\"breadcrumb\":{\"@id\":\"https:\/\/www.tvbolligen.ch\/site\/vereinsinterner-ubs-kids-cup-07-05-2019\/#breadcrumb\"},\"inLanguage\":\"de\",\"potentialAction\":[{\"@type\":\"ReadAction\",\"target\":[\"https:\/\/www.tvbolligen.ch\/site\/vereinsinterner-ubs-kids-cup-07-05-2019\/\"]}]},{\"@type\":\"ImageObject\",\"inLanguage\":\"de\",\"@id\":\"https:\/\/www.tvbolligen.ch\/site\/vereinsinterner-ubs-kids-cup-07-05-2019\/#primaryimage\",\"url\":\"https:\/\/i0.wp.com\/www.tvbolligen.ch\/site\/wp-content\/uploads\/Bildschirmfoto-2019-07-14-um-10.00.35.png?fit=1300%2C756&ssl=1\",\"contentUrl\":\"https:\/\/i0.wp.com\/www.tvbolligen.ch\/site\/wp-content\/uploads\/Bildschirmfoto-2019-07-14-um-10.00.35.png?fit=1300%2C756&ssl=1\",\"width\":1300,\"height\":756},{\"@type\":\"BreadcrumbList\",\"@id\":\"https:\/\/www.tvbolligen.ch\/site\/vereinsinterner-ubs-kids-cup-07-05-2019\/#breadcrumb\",\"itemListElement\":[{\"@type\":\"ListItem\",\"position\":1,\"name\":\"Home\",\"item\":\"https:\/\/www.tvbolligen.ch\/site\/\"},{\"@type\":\"ListItem\",\"position\":2,\"name\":\"Vereinsinterner UBS Kids Cup, 07.05.2019\"}]},{\"@type\":\"WebSite\",\"@id\":\"https:\/\/www.tvbolligen.ch\/site\/#website\",\"url\":\"https:\/\/www.tvbolligen.ch\/site\/\",\"name\":\"Turnverein Bolligen\",\"description\":\"Sport f\u00fcr Jung und Alt in Bolligen\",\"publisher\":{\"@id\":\"https:\/\/www.tvbolligen.ch\/site\/#organization\"},\"potentialAction\":[{\"@type\":\"SearchAction\",\"target\":{\"@type\":\"EntryPoint\",\"urlTemplate\":\"https:\/\/www.tvbolligen.ch\/site\/?s={search_term_string}\"},\"query-input\":{\"@type\":\"PropertyValueSpecification\",\"valueRequired\":true,\"valueName\":\"search_term_string\"}}],\"inLanguage\":\"de\"},{\"@type\":\"Organization\",\"@id\":\"https:\/\/www.tvbolligen.ch\/site\/#organization\",\"name\":\"Turnverein Bolligen\",\"url\":\"https:\/\/www.tvbolligen.ch\/site\/\",\"logo\":{\"@type\":\"ImageObject\",\"inLanguage\":\"de\",\"@id\":\"https:\/\/www.tvbolligen.ch\/site\/#\/schema\/logo\/image\/\",\"url\":\"https:\/\/i0.wp.com\/www.tvbolligen.ch\/site\/wp-content\/uploads\/2015\/12\/Logo_TV_mittel.png?fit=1000%2C303&ssl=1\",\"contentUrl\":\"https:\/\/i0.wp.com\/www.tvbolligen.ch\/site\/wp-content\/uploads\/2015\/12\/Logo_TV_mittel.png?fit=1000%2C303&ssl=1\",\"width\":1000,\"height\":303,\"caption\":\"Turnverein Bolligen\"},\"image\":{\"@id\":\"https:\/\/www.tvbolligen.ch\/site\/#\/schema\/logo\/image\/\"}},{\"@type\":\"Person\",\"@id\":\"https:\/\/www.tvbolligen.ch\/site\/#\/schema\/person\/274aace6a6522a6c3cbc065d5e2966d7\",\"name\":\"Simone Rohrer\",\"image\":{\"@type\":\"ImageObject\",\"inLanguage\":\"de\",\"@id\":\"https:\/\/www.tvbolligen.ch\/site\/#\/schema\/person\/image\/\",\"url\":\"https:\/\/secure.gravatar.com\/avatar\/2044ceef21b229a355e9b3cc7bd07d2a8f94c1ebe34699d30e7347d5f93826ea?s=96&d=mm&r=g\",\"contentUrl\":\"https:\/\/secure.gravatar.com\/avatar\/2044ceef21b229a355e9b3cc7bd07d2a8f94c1ebe34699d30e7347d5f93826ea?s=96&d=mm&r=g\",\"caption\":\"Simone Rohrer\"},\"url\":\"https:\/\/www.tvbolligen.ch\/site\/author\/simone\/\"}]}<\/script>\n<!-- \/ Yoast SEO plugin. -->","yoast_head_json":{"title":"Vereinsinterner UBS Kids Cup, 07.05.2019 - Turnverein Bolligen","robots":{"index":"index","follow":"follow","max-snippet":"max-snippet:-1","max-image-preview":"max-image-preview:large","max-video-preview":"max-video-preview:-1"},"canonical":"https:\/\/www.tvbolligen.ch\/site\/vereinsinterner-ubs-kids-cup-07-05-2019\/","og_locale":"de_DE","og_type":"article","og_title":"Vereinsinterner UBS Kids Cup, 07.05.2019 - Turnverein Bolligen","og_description":"Am Dienstag, dem 07.05.2019 fand im Lutertal der erste vereinsinterne UBS Kids Cup dieser Saison statt. 48 Athletinnen und Athletinnen starteten diesen Wettkampf. Alle Kids vom LA 1 (Kategorien U10 und U12) starteten ihren Wettkampf mit dem Weitsprung. Die \u00e4lteren Kids (Kategorien U14 und U16) begannen als erste Disziplin mit dem 60m Sprint. F\u00fcr viele [&hellip;]","og_url":"https:\/\/www.tvbolligen.ch\/site\/vereinsinterner-ubs-kids-cup-07-05-2019\/","og_site_name":"Turnverein Bolligen","article_published_time":"2019-05-08T07:51:17+00:00","article_modified_time":"2019-07-14T08:24:26+00:00","og_image":[{"width":1300,"height":756,"url":"https:\/\/i0.wp.com\/www.tvbolligen.ch\/site\/wp-content\/uploads\/Bildschirmfoto-2019-07-14-um-10.00.35.png?fit=1300%2C756&ssl=1","type":"image\/png"}],"author":"Simone Rohrer","twitter_card":"summary_large_image","twitter_misc":{"Verfasst von":"Simone Rohrer","Gesch\u00e4tzte Lesezeit":"2\u00a0Minuten"},"schema":{"@context":"https:\/\/schema.org","@graph":[{"@type":"Article","@id":"https:\/\/www.tvbolligen.ch\/site\/vereinsinterner-ubs-kids-cup-07-05-2019\/#article","isPartOf":{"@id":"https:\/\/www.tvbolligen.ch\/site\/vereinsinterner-ubs-kids-cup-07-05-2019\/"},"author":{"name":"Simone Rohrer","@id":"https:\/\/www.tvbolligen.ch\/site\/#\/schema\/person\/274aace6a6522a6c3cbc065d5e2966d7"},"headline":"Vereinsinterner UBS Kids Cup, 07.05.2019","datePublished":"2019-05-08T07:51:17+00:00","dateModified":"2019-07-14T08:24:26+00:00","mainEntityOfPage":{"@id":"https:\/\/www.tvbolligen.ch\/site\/vereinsinterner-ubs-kids-cup-07-05-2019\/"},"wordCount":328,"publisher":{"@id":"https:\/\/www.tvbolligen.ch\/site\/#organization"},"image":{"@id":"https:\/\/www.tvbolligen.ch\/site\/vereinsinterner-ubs-kids-cup-07-05-2019\/#primaryimage"},"thumbnailUrl":"https:\/\/i0.wp.com\/www.tvbolligen.ch\/site\/wp-content\/uploads\/Bildschirmfoto-2019-07-14-um-10.00.35.png?fit=1300%2C756&ssl=1","articleSection":["LA"],"inLanguage":"de"},{"@type":"WebPage","@id":"https:\/\/www.tvbolligen.ch\/site\/vereinsinterner-ubs-kids-cup-07-05-2019\/","url":"https:\/\/www.tvbolligen.ch\/site\/vereinsinterner-ubs-kids-cup-07-05-2019\/","name":"Vereinsinterner UBS Kids Cup, 07.05.2019 - Turnverein Bolligen","isPartOf":{"@id":"https:\/\/www.tvbolligen.ch\/site\/#website"},"primaryImageOfPage":{"@id":"https:\/\/www.tvbolligen.ch\/site\/vereinsinterner-ubs-kids-cup-07-05-2019\/#primaryimage"},"image":{"@id":"https:\/\/www.tvbolligen.ch\/site\/vereinsinterner-ubs-kids-cup-07-05-2019\/#primaryimage"},"thumbnailUrl":"https:\/\/i0.wp.com\/www.tvbolligen.ch\/site\/wp-content\/uploads\/Bildschirmfoto-2019-07-14-um-10.00.35.png?fit=1300%2C756&ssl=1","datePublished":"2019-05-08T07:51:17+00:00","dateModified":"2019-07-14T08:24:26+00:00","breadcrumb":{"@id":"https:\/\/www.tvbolligen.ch\/site\/vereinsinterner-ubs-kids-cup-07-05-2019\/#breadcrumb"},"inLanguage":"de","potentialAction":[{"@type":"ReadAction","target":["https:\/\/www.tvbolligen.ch\/site\/vereinsinterner-ubs-kids-cup-07-05-2019\/"]}]},{"@type":"ImageObject","inLanguage":"de","@id":"https:\/\/www.tvbolligen.ch\/site\/vereinsinterner-ubs-kids-cup-07-05-2019\/#primaryimage","url":"https:\/\/i0.wp.com\/www.tvbolligen.ch\/site\/wp-content\/uploads\/Bildschirmfoto-2019-07-14-um-10.00.35.png?fit=1300%2C756&ssl=1","contentUrl":"https:\/\/i0.wp.com\/www.tvbolligen.ch\/site\/wp-content\/uploads\/Bildschirmfoto-2019-07-14-um-10.00.35.png?fit=1300%2C756&ssl=1","width":1300,"height":756},{"@type":"BreadcrumbList","@id":"https:\/\/www.tvbolligen.ch\/site\/vereinsinterner-ubs-kids-cup-07-05-2019\/#breadcrumb","itemListElement":[{"@type":"ListItem","position":1,"name":"Home","item":"https:\/\/www.tvbolligen.ch\/site\/"},{"@type":"ListItem","position":2,"name":"Vereinsinterner UBS Kids Cup, 07.05.2019"}]},{"@type":"WebSite","@id":"https:\/\/www.tvbolligen.ch\/site\/#website","url":"https:\/\/www.tvbolligen.ch\/site\/","name":"Turnverein Bolligen","description":"Sport f\u00fcr Jung und Alt in Bolligen","publisher":{"@id":"https:\/\/www.tvbolligen.ch\/site\/#organization"},"potentialAction":[{"@type":"SearchAction","target":{"@type":"EntryPoint","urlTemplate":"https:\/\/www.tvbolligen.ch\/site\/?s={search_term_string}"},"query-input":{"@type":"PropertyValueSpecification","valueRequired":true,"valueName":"search_term_string"}}],"inLanguage":"de"},{"@type":"Organization","@id":"https:\/\/www.tvbolligen.ch\/site\/#organization","name":"Turnverein Bolligen","url":"https:\/\/www.tvbolligen.ch\/site\/","logo":{"@type":"ImageObject","inLanguage":"de","@id":"https:\/\/www.tvbolligen.ch\/site\/#\/schema\/logo\/image\/","url":"https:\/\/i0.wp.com\/www.tvbolligen.ch\/site\/wp-content\/uploads\/2015\/12\/Logo_TV_mittel.png?fit=1000%2C303&ssl=1","contentUrl":"https:\/\/i0.wp.com\/www.tvbolligen.ch\/site\/wp-content\/uploads\/2015\/12\/Logo_TV_mittel.png?fit=1000%2C303&ssl=1","width":1000,"height":303,"caption":"Turnverein Bolligen"},"image":{"@id":"https:\/\/www.tvbolligen.ch\/site\/#\/schema\/logo\/image\/"}},{"@type":"Person","@id":"https:\/\/www.tvbolligen.ch\/site\/#\/schema\/person\/274aace6a6522a6c3cbc065d5e2966d7","name":"Simone Rohrer","image":{"@type":"ImageObject","inLanguage":"de","@id":"https:\/\/www.tvbolligen.ch\/site\/#\/schema\/person\/image\/","url":"https:\/\/secure.gravatar.com\/avatar\/2044ceef21b229a355e9b3cc7bd07d2a8f94c1ebe34699d30e7347d5f93826ea?s=96&d=mm&r=g","contentUrl":"https:\/\/secure.gravatar.com\/avatar\/2044ceef21b229a355e9b3cc7bd07d2a8f94c1ebe34699d30e7347d5f93826ea?s=96&d=mm&r=g","caption":"Simone Rohrer"},"url":"https:\/\/www.tvbolligen.ch\/site\/author\/simone\/"}]}},"jetpack_publicize_connections":[],"jetpack_featured_media_url":"https:\/\/i0.wp.com\/www.tvbolligen.ch\/site\/wp-content\/uploads\/Bildschirmfoto-2019-07-14-um-10.00.35.png?fit=1300%2C756&ssl=1","jetpack_sharing_enabled":true,"jetpack_shortlink":"https:\/\/wp.me\/p751GT-4zf","_links":{"self":[{"href":"https:\/\/www.tvbolligen.ch\/site\/wp-json\/wp\/v2\/posts\/17561","targetHints":{"allow":["GET"]}}],"collection":[{"href":"https:\/\/www.tvbolligen.ch\/site\/wp-json\/wp\/v2\/posts"}],"about":[{"href":"https:\/\/www.tvbolligen.ch\/site\/wp-json\/wp\/v2\/types\/post"}],"author":[{"embeddable":true,"href":"https:\/\/www.tvbolligen.ch\/site\/wp-json\/wp\/v2\/users\/4"}],"replies":[{"embeddable":true,"href":"https:\/\/www.tvbolligen.ch\/site\/wp-json\/wp\/v2\/comments?post=17561"}],"version-history":[{"count":0,"href":"https:\/\/www.tvbolligen.ch\/site\/wp-json\/wp\/v2\/posts\/17561\/revisions"}],"wp:featuredmedia":[{"embeddable":true,"href":"https:\/\/www.tvbolligen.ch\/site\/wp-json\/wp\/v2\/media\/17564"}],"wp:attachment":[{"href":"https:\/\/www.tvbolligen.ch\/site\/wp-json\/wp\/v2\/media?parent=17561"}],"wp:term":[{"taxonomy":"category","embeddable":true,"href":"https:\/\/www.tvbolligen.ch\/site\/wp-json\/wp\/v2\/categories?post=17561"},{"taxonomy":"post_tag","embeddable":true,"href":"https:\/\/www.tvbolligen.ch\/site\/wp-json\/wp\/v2\/tags?post=17561"}],"curies":[{"name":"wp","href":"https:\/\/api.w.org\/{rel}","templated":true}]}}