{"id":17596,"date":"2019-08-25T14:16:50","date_gmt":"2019-08-25T13:16:50","guid":{"rendered":"http:\/\/www.tvbolligen.ch\/site\/?p=17596"},"modified":"2019-09-21T20:17:56","modified_gmt":"2019-09-21T19:17:56","slug":"ubs-kids-cup-kantonalfinal-25-08-2019","status":"publish","type":"post","link":"https:\/\/www.tvbolligen.ch\/site\/ubs-kids-cup-kantonalfinal-25-08-2019\/","title":{"rendered":"UBS Kids Cup Kantonalfinal, 25.08.2019"},"content":{"rendered":"<h4>U10\/U12<\/h4>\n<p>Am\u00e9lie Uloth (Jg. 2009) und Mia Dammann (Jg. 2011) haben sich \u00fcber eine der zahlreichen, lokal durchgef\u00fchrten Vorausscheidungen des UBS Kids Cup das Ticket zum Kantonalfinal dieses Leichtathletik-Dreikampfes (60m, Weit, Ballweitwurf) gesichert. Dieses Kantonalfinal-Ticket ist dabei den jeweils besten 35 Athletinnen resp. Athleten des ganzen Kantons Bern vorbehalten. Alleine die Qualifikation f\u00fcr diesen Kantonalfinal, bei welcher man sich gegen rund 300 andere Athletinnen resp. Athleten durchsetzen muss, ist eine super Leistung.<\/p>\n<p>Bei sch\u00f6nstem Sp\u00e4tsommerwetter startete in Interlaken Am\u00e9lie Uloth als erstes in den Wettkampf: Leider gelang der Auftakt im Sprint \u00fcber 60m nicht nach Mass. Am\u00e9lie blieb \u00fcber die 60m zwar noch unter 10s, jedoch leider \u00fcber ihrer Bestzeit von 9.50s und fand sich in der Rangliste nach der ersten Disziplin auf Rang 24 wieder. Anschliessend begann Am\u00e9lie aber mit einem eindr\u00fccklichen Steigerungslauf: Nach 3.60m im Weitsprung gelang Am\u00e9lie im abschliessenden Ballweitwurf mit 27.55m ein wahrhaftiger Exploit, warf Am\u00e9lie den 200g schweren Ball doch \u00fcber 5m weiter als ihre bisherige Bestleistung. Am\u00e9lie klassierte sich am Ende mit einer Punktzahl von 1187 Punkten \u2013 nur gerade 23 Z\u00e4hler weniger als ihre pers\u00f6nliche Bestleistung im Dreikampf \u2013 auf dem sehr guten 15. Schlussplatz.<\/p>\n<p>&nbsp;<br \/>\nAm sp\u00e4teren Nachmittag startete Mia Dammann in ihren <img data-recalc-dims=\"1\" loading=\"lazy\" decoding=\"async\" class=\"size-medium wp-image-17597 alignleft\" src=\"https:\/\/i0.wp.com\/www.tvbolligen.ch\/site\/wp-content\/uploads\/image.png?resize=225%2C300&#038;ssl=1\" alt=\"image\" width=\"225\" height=\"300\" srcset=\"https:\/\/i0.wp.com\/www.tvbolligen.ch\/site\/wp-content\/uploads\/image.png?resize=225%2C300&amp;ssl=1 225w, https:\/\/i0.wp.com\/www.tvbolligen.ch\/site\/wp-content\/uploads\/image.png?resize=768%2C1024&amp;ssl=1 768w, https:\/\/i0.wp.com\/www.tvbolligen.ch\/site\/wp-content\/uploads\/image.png?w=960&amp;ssl=1 960w\" sizes=\"(max-width: 225px) 100vw, 225px\" \/>Final-Wettkampf. Dabei blieb auch sie im Sprint \u00fcber die 60m rund 3 Zehntel \u00fcber Ihrer Bestleistung. Da dies allen Athletinnen \u00e4hnlich ging, reihte sich Mia dennoch im Sprint auf dem tollen 11. Zwischenrang ein. Der Weitsprung war dann ein echtes&nbsp;Nervenspiel: Nach einem ung\u00fcltigen Startsprung und einem zweiten Sprung, in welchem die junge Bolligerin hinter der Zonenmarkierung absprang und dabei wertvolle Zentimeter liegen liess, spitze sich alles auf den dritten und letzten Versuch zu. Mia steckte die Anspannung wie ein Profi weg und sprang mit 2.89m zwar nicht \u00fcber die angestrebten 3m \u2013 ihre Bestleistung betr\u00e4gt 3.05m \u2013 aber noch so weit, dass sie nicht allzu viele&nbsp;Punkte verlor. Toll gemacht! Ein echtes Sahneh\u00e4ubchen auf den Wettkampf setzt auch Mia im abschliessenden Ballweitwurf: Mit 17.89m \u00fcbertraf sie ihre Bestleistung innerhalb dieses Leichtathletik-Wettkampfes um 5m und warf sich mit dieser pers\u00f6nlichen Bestleistung auf den hervorragenden 11. Schlussrang. Mit der Gesamtpunktzahl von 764 Punkten durfte sich Mia eine zweite Bestleistung notieren lassen.<\/p>\n<p>&nbsp;<\/p>\n<h4><strong>U14\/U16<\/strong><\/h4>\n<p>Auch zwei Athleten der LA2 Gruppe reisten nach Interlaken an den Kantonalfinal des UBS Kids Cups. Jayden Ammann und Jan Rohrer starteten beide mit dem Sprint, gefolgt mit dem Weitsprung und zu guter Letzt kam der Ballweitwurf an die Reihe. Beide bestritten einen sehr guten Wettkampf und konnten je drei pers\u00f6nliche Bestleistungen \u00fcberbieten.<\/p>\n<p>&nbsp;<\/p>\n<p>Die Nervosit\u00e4t war Jayden Ammann vor dem Sprint anzusehen. <img data-recalc-dims=\"1\" loading=\"lazy\" decoding=\"async\" class=\"size-medium wp-image-17598 alignright\" src=\"https:\/\/i0.wp.com\/www.tvbolligen.ch\/site\/wp-content\/uploads\/LMZC6437.jpg?resize=200%2C300&#038;ssl=1\" alt=\"lmzc6437\" width=\"200\" height=\"300\" srcset=\"https:\/\/i0.wp.com\/www.tvbolligen.ch\/site\/wp-content\/uploads\/LMZC6437.jpg?resize=200%2C300&amp;ssl=1 200w, https:\/\/i0.wp.com\/www.tvbolligen.ch\/site\/wp-content\/uploads\/LMZC6437.jpg?resize=683%2C1024&amp;ssl=1 683w, https:\/\/i0.wp.com\/www.tvbolligen.ch\/site\/wp-content\/uploads\/LMZC6437.jpg?resize=1080%2C1620&amp;ssl=1 1080w, https:\/\/i0.wp.com\/www.tvbolligen.ch\/site\/wp-content\/uploads\/LMZC6437.jpg?w=1280&amp;ssl=1 1280w\" sizes=\"(max-width: 200px) 100vw, 200px\" \/>Nichtsdestotrotz zeigte er eine gute&nbsp;Leistung und kam in seiner Gruppe mit einer Laufzeit von 9.17 Sekunden als dritter ins Ziel. Beim Weitsprung hatte Jayden zu Beginn etwas zu k\u00e4mpfen. Und zwar wurde vom Organisator nicht vorgesehen, dass die Athleten ihren Anlauf noch abmessen. So musste er dies mit Zeitdruck, ohne Hilfe und mit im Weg stehenden Athleten meistern. Der Anlauf passt dann aber nach zwei Testspr\u00fcngen perfekt und Jayden sprang mit 4.22 m seine neue pers\u00f6nliche Bestweite. Die letzte Disziplin, die Jayden zu bew\u00e4ltigen hatte, war der Ballweitwurf. Bei seiner Lieblingsdisziplin zeigt er ebenfalls eine sehr gute Leistung und konnte mit einer Distanz von 43.10 m auch hier seine bisherige Bestleistung \u00fcberbieten. Auch bei der Gesamtpunktzahl konnte Jayden zu seiner Vorjahresbestmarke einen Zacken zulegen und erreichte somit den sehr guten 11. Schlussrang.<\/p>\n<p>&nbsp;<\/p>\n<p>&nbsp;<\/p>\n<p><img data-recalc-dims=\"1\" loading=\"lazy\" decoding=\"async\" class=\"size-medium wp-image-17599 alignleft\" src=\"https:\/\/i0.wp.com\/www.tvbolligen.ch\/site\/wp-content\/uploads\/FBBG5976.jpg?resize=200%2C300&#038;ssl=1\" alt=\"fbbg5976\" width=\"200\" height=\"300\" srcset=\"https:\/\/i0.wp.com\/www.tvbolligen.ch\/site\/wp-content\/uploads\/FBBG5976.jpg?resize=200%2C300&amp;ssl=1 200w, https:\/\/i0.wp.com\/www.tvbolligen.ch\/site\/wp-content\/uploads\/FBBG5976.jpg?resize=683%2C1024&amp;ssl=1 683w, https:\/\/i0.wp.com\/www.tvbolligen.ch\/site\/wp-content\/uploads\/FBBG5976.jpg?resize=1080%2C1620&amp;ssl=1 1080w, https:\/\/i0.wp.com\/www.tvbolligen.ch\/site\/wp-content\/uploads\/FBBG5976.jpg?w=1280&amp;ssl=1 1280w\" sizes=\"(max-width: 200px) 100vw, 200px\" \/>Jan Rohrer hatte einen perfekten Start in den Wettkampf. Er kam beim Sprint mit einem deutlichen Vorsprung als erster von seiner Gruppe ins Ziel und konnte mit einer Zeit von 7.97 Sekunden die 8 Sekundenmarke knacken sowie eine neue pers\u00f6nliche Bestzeit verbuchen. Beim Weitsprung, seiner Paradedisziplin, lief es ihm auch sehr gut schon. Mit einem Sprung \u00fcber 5.40m lag er nur knapp unter seiner pers\u00f6nlichen Bestleistung. Seine zweite pers\u00f6nliche Bestleistung holte sich Jan beim Ballweitwurf und zwar mit einer Weite von 51.19 m. An seinem letzten UBS Kids Cup konnte sich Jan Rohrer auch bei der Gesamtpunktzahl noch einmal steigern und somit eine weitere pers\u00f6nliche Bestleistung feiern. Jan schloss somit den Wettkampf auf dem 13. Rang ab und kann sich zusammen mit Jayden als Mitglied der Top 15 vom ganzen Kanton Bern bezeichnen.<\/p>\n<p>Die Leistung der beiden Athleten war sehr sehr gut und wir gratulieren euch ganz herzlich.<\/p>\n<p>Simone und Gregor<\/p>\n<p>&nbsp;<\/p>\n","protected":false},"excerpt":{"rendered":"<p>U10\/U12 Am\u00e9lie Uloth (Jg. 2009) und Mia Dammann (Jg. 2011) haben sich \u00fcber eine der zahlreichen, lokal durchgef\u00fchrten Vorausscheidungen des UBS Kids Cup das Ticket zum Kantonalfinal dieses Leichtathletik-Dreikampfes (60m, Weit, Ballweitwurf) gesichert. Dieses Kantonalfinal-Ticket ist dabei den jeweils besten 35 Athletinnen resp. Athleten des ganzen Kantons Bern vorbehalten. Alleine die Qualifikation f\u00fcr diesen Kantonalfinal, [&hellip;]<\/p>\n","protected":false},"author":4,"featured_media":17603,"comment_status":"closed","ping_status":"closed","sticky":false,"template":"","format":"standard","meta":{"_et_pb_use_builder":"","_et_pb_old_content":"","_et_gb_content_width":"","ngg_post_thumbnail":0,"jetpack_post_was_ever_published":false,"_jetpack_newsletter_access":"","_jetpack_dont_email_post_to_subs":false,"_jetpack_newsletter_tier_id":0,"_jetpack_memberships_contains_paywalled_content":false,"_jetpack_memberships_contains_paid_content":false,"footnotes":"","jetpack_publicize_message":"","jetpack_publicize_feature_enabled":true,"jetpack_social_post_already_shared":true,"jetpack_social_options":{"image_generator_settings":{"template":"highway","enabled":false},"version":2}},"categories":[12],"tags":[],"class_list":["post-17596","post","type-post","status-publish","format-standard","has-post-thumbnail","hentry","category-la"],"yoast_head":"<!-- This site is optimized with the Yoast SEO plugin v25.1 - https:\/\/yoast.com\/wordpress\/plugins\/seo\/ -->\n<title>UBS Kids Cup Kantonalfinal, 25.08.2019 - Turnverein Bolligen<\/title>\n<meta name=\"robots\" content=\"index, follow, max-snippet:-1, max-image-preview:large, max-video-preview:-1\" \/>\n<link rel=\"canonical\" href=\"https:\/\/www.tvbolligen.ch\/site\/ubs-kids-cup-kantonalfinal-25-08-2019\/\" \/>\n<meta property=\"og:locale\" content=\"de_DE\" \/>\n<meta property=\"og:type\" content=\"article\" \/>\n<meta property=\"og:title\" content=\"UBS Kids Cup Kantonalfinal, 25.08.2019 - Turnverein Bolligen\" \/>\n<meta property=\"og:description\" content=\"U10\/U12 Am\u00e9lie Uloth (Jg. 2009) und Mia Dammann (Jg. 2011) haben sich \u00fcber eine der zahlreichen, lokal durchgef\u00fchrten Vorausscheidungen des UBS Kids Cup das Ticket zum Kantonalfinal dieses Leichtathletik-Dreikampfes (60m, Weit, Ballweitwurf) gesichert. Dieses Kantonalfinal-Ticket ist dabei den jeweils besten 35 Athletinnen resp. Athleten des ganzen Kantons Bern vorbehalten. Alleine die Qualifikation f\u00fcr diesen Kantonalfinal, [&hellip;]\" \/>\n<meta property=\"og:url\" content=\"https:\/\/www.tvbolligen.ch\/site\/ubs-kids-cup-kantonalfinal-25-08-2019\/\" \/>\n<meta property=\"og:site_name\" content=\"Turnverein Bolligen\" \/>\n<meta property=\"article:published_time\" content=\"2019-08-25T13:16:50+00:00\" \/>\n<meta property=\"article:modified_time\" content=\"2019-09-21T19:17:56+00:00\" \/>\n<meta property=\"og:image\" content=\"https:\/\/www.tvbolligen.ch\/site\/wp-content\/uploads\/IMG_7843-1024x768.jpg\" \/>\n\t<meta property=\"og:image:width\" content=\"1024\" \/>\n\t<meta property=\"og:image:height\" content=\"768\" \/>\n\t<meta property=\"og:image:type\" content=\"image\/jpeg\" \/>\n<meta name=\"author\" content=\"Simone Rohrer\" \/>\n<meta name=\"twitter:card\" content=\"summary_large_image\" \/>\n<meta name=\"twitter:label1\" content=\"Verfasst von\" \/>\n\t<meta name=\"twitter:data1\" content=\"Simone Rohrer\" \/>\n\t<meta name=\"twitter:label2\" content=\"Gesch\u00e4tzte Lesezeit\" \/>\n\t<meta name=\"twitter:data2\" content=\"4\u00a0Minuten\" \/>\n<script type=\"application\/ld+json\" class=\"yoast-schema-graph\">{\"@context\":\"https:\/\/schema.org\",\"@graph\":[{\"@type\":\"Article\",\"@id\":\"https:\/\/www.tvbolligen.ch\/site\/ubs-kids-cup-kantonalfinal-25-08-2019\/#article\",\"isPartOf\":{\"@id\":\"https:\/\/www.tvbolligen.ch\/site\/ubs-kids-cup-kantonalfinal-25-08-2019\/\"},\"author\":{\"name\":\"Simone Rohrer\",\"@id\":\"https:\/\/www.tvbolligen.ch\/site\/#\/schema\/person\/274aace6a6522a6c3cbc065d5e2966d7\"},\"headline\":\"UBS Kids Cup Kantonalfinal, 25.08.2019\",\"datePublished\":\"2019-08-25T13:16:50+00:00\",\"dateModified\":\"2019-09-21T19:17:56+00:00\",\"mainEntityOfPage\":{\"@id\":\"https:\/\/www.tvbolligen.ch\/site\/ubs-kids-cup-kantonalfinal-25-08-2019\/\"},\"wordCount\":726,\"publisher\":{\"@id\":\"https:\/\/www.tvbolligen.ch\/site\/#organization\"},\"image\":{\"@id\":\"https:\/\/www.tvbolligen.ch\/site\/ubs-kids-cup-kantonalfinal-25-08-2019\/#primaryimage\"},\"thumbnailUrl\":\"https:\/\/i0.wp.com\/www.tvbolligen.ch\/site\/wp-content\/uploads\/IMG_7843.jpg?fit=4032%2C3024&ssl=1\",\"articleSection\":[\"LA\"],\"inLanguage\":\"de\"},{\"@type\":\"WebPage\",\"@id\":\"https:\/\/www.tvbolligen.ch\/site\/ubs-kids-cup-kantonalfinal-25-08-2019\/\",\"url\":\"https:\/\/www.tvbolligen.ch\/site\/ubs-kids-cup-kantonalfinal-25-08-2019\/\",\"name\":\"UBS Kids Cup Kantonalfinal, 25.08.2019 - Turnverein Bolligen\",\"isPartOf\":{\"@id\":\"https:\/\/www.tvbolligen.ch\/site\/#website\"},\"primaryImageOfPage\":{\"@id\":\"https:\/\/www.tvbolligen.ch\/site\/ubs-kids-cup-kantonalfinal-25-08-2019\/#primaryimage\"},\"image\":{\"@id\":\"https:\/\/www.tvbolligen.ch\/site\/ubs-kids-cup-kantonalfinal-25-08-2019\/#primaryimage\"},\"thumbnailUrl\":\"https:\/\/i0.wp.com\/www.tvbolligen.ch\/site\/wp-content\/uploads\/IMG_7843.jpg?fit=4032%2C3024&ssl=1\",\"datePublished\":\"2019-08-25T13:16:50+00:00\",\"dateModified\":\"2019-09-21T19:17:56+00:00\",\"breadcrumb\":{\"@id\":\"https:\/\/www.tvbolligen.ch\/site\/ubs-kids-cup-kantonalfinal-25-08-2019\/#breadcrumb\"},\"inLanguage\":\"de\",\"potentialAction\":[{\"@type\":\"ReadAction\",\"target\":[\"https:\/\/www.tvbolligen.ch\/site\/ubs-kids-cup-kantonalfinal-25-08-2019\/\"]}]},{\"@type\":\"ImageObject\",\"inLanguage\":\"de\",\"@id\":\"https:\/\/www.tvbolligen.ch\/site\/ubs-kids-cup-kantonalfinal-25-08-2019\/#primaryimage\",\"url\":\"https:\/\/i0.wp.com\/www.tvbolligen.ch\/site\/wp-content\/uploads\/IMG_7843.jpg?fit=4032%2C3024&ssl=1\",\"contentUrl\":\"https:\/\/i0.wp.com\/www.tvbolligen.ch\/site\/wp-content\/uploads\/IMG_7843.jpg?fit=4032%2C3024&ssl=1\",\"width\":4032,\"height\":3024},{\"@type\":\"BreadcrumbList\",\"@id\":\"https:\/\/www.tvbolligen.ch\/site\/ubs-kids-cup-kantonalfinal-25-08-2019\/#breadcrumb\",\"itemListElement\":[{\"@type\":\"ListItem\",\"position\":1,\"name\":\"Home\",\"item\":\"https:\/\/www.tvbolligen.ch\/site\/\"},{\"@type\":\"ListItem\",\"position\":2,\"name\":\"UBS Kids Cup Kantonalfinal, 25.08.2019\"}]},{\"@type\":\"WebSite\",\"@id\":\"https:\/\/www.tvbolligen.ch\/site\/#website\",\"url\":\"https:\/\/www.tvbolligen.ch\/site\/\",\"name\":\"Turnverein Bolligen\",\"description\":\"Sport f\u00fcr Jung und Alt in Bolligen\",\"publisher\":{\"@id\":\"https:\/\/www.tvbolligen.ch\/site\/#organization\"},\"potentialAction\":[{\"@type\":\"SearchAction\",\"target\":{\"@type\":\"EntryPoint\",\"urlTemplate\":\"https:\/\/www.tvbolligen.ch\/site\/?s={search_term_string}\"},\"query-input\":{\"@type\":\"PropertyValueSpecification\",\"valueRequired\":true,\"valueName\":\"search_term_string\"}}],\"inLanguage\":\"de\"},{\"@type\":\"Organization\",\"@id\":\"https:\/\/www.tvbolligen.ch\/site\/#organization\",\"name\":\"Turnverein Bolligen\",\"url\":\"https:\/\/www.tvbolligen.ch\/site\/\",\"logo\":{\"@type\":\"ImageObject\",\"inLanguage\":\"de\",\"@id\":\"https:\/\/www.tvbolligen.ch\/site\/#\/schema\/logo\/image\/\",\"url\":\"https:\/\/i0.wp.com\/www.tvbolligen.ch\/site\/wp-content\/uploads\/2015\/12\/Logo_TV_mittel.png?fit=1000%2C303&ssl=1\",\"contentUrl\":\"https:\/\/i0.wp.com\/www.tvbolligen.ch\/site\/wp-content\/uploads\/2015\/12\/Logo_TV_mittel.png?fit=1000%2C303&ssl=1\",\"width\":1000,\"height\":303,\"caption\":\"Turnverein Bolligen\"},\"image\":{\"@id\":\"https:\/\/www.tvbolligen.ch\/site\/#\/schema\/logo\/image\/\"}},{\"@type\":\"Person\",\"@id\":\"https:\/\/www.tvbolligen.ch\/site\/#\/schema\/person\/274aace6a6522a6c3cbc065d5e2966d7\",\"name\":\"Simone Rohrer\",\"image\":{\"@type\":\"ImageObject\",\"inLanguage\":\"de\",\"@id\":\"https:\/\/www.tvbolligen.ch\/site\/#\/schema\/person\/image\/\",\"url\":\"https:\/\/secure.gravatar.com\/avatar\/2044ceef21b229a355e9b3cc7bd07d2a8f94c1ebe34699d30e7347d5f93826ea?s=96&d=mm&r=g\",\"contentUrl\":\"https:\/\/secure.gravatar.com\/avatar\/2044ceef21b229a355e9b3cc7bd07d2a8f94c1ebe34699d30e7347d5f93826ea?s=96&d=mm&r=g\",\"caption\":\"Simone Rohrer\"},\"url\":\"https:\/\/www.tvbolligen.ch\/site\/author\/simone\/\"}]}<\/script>\n<!-- \/ Yoast SEO plugin. -->","yoast_head_json":{"title":"UBS Kids Cup Kantonalfinal, 25.08.2019 - Turnverein Bolligen","robots":{"index":"index","follow":"follow","max-snippet":"max-snippet:-1","max-image-preview":"max-image-preview:large","max-video-preview":"max-video-preview:-1"},"canonical":"https:\/\/www.tvbolligen.ch\/site\/ubs-kids-cup-kantonalfinal-25-08-2019\/","og_locale":"de_DE","og_type":"article","og_title":"UBS Kids Cup Kantonalfinal, 25.08.2019 - Turnverein Bolligen","og_description":"U10\/U12 Am\u00e9lie Uloth (Jg. 2009) und Mia Dammann (Jg. 2011) haben sich \u00fcber eine der zahlreichen, lokal durchgef\u00fchrten Vorausscheidungen des UBS Kids Cup das Ticket zum Kantonalfinal dieses Leichtathletik-Dreikampfes (60m, Weit, Ballweitwurf) gesichert. Dieses Kantonalfinal-Ticket ist dabei den jeweils besten 35 Athletinnen resp. Athleten des ganzen Kantons Bern vorbehalten. Alleine die Qualifikation f\u00fcr diesen Kantonalfinal, [&hellip;]","og_url":"https:\/\/www.tvbolligen.ch\/site\/ubs-kids-cup-kantonalfinal-25-08-2019\/","og_site_name":"Turnverein Bolligen","article_published_time":"2019-08-25T13:16:50+00:00","article_modified_time":"2019-09-21T19:17:56+00:00","og_image":[{"width":1024,"height":768,"url":"https:\/\/www.tvbolligen.ch\/site\/wp-content\/uploads\/IMG_7843-1024x768.jpg","type":"image\/jpeg"}],"author":"Simone Rohrer","twitter_card":"summary_large_image","twitter_misc":{"Verfasst von":"Simone Rohrer","Gesch\u00e4tzte Lesezeit":"4\u00a0Minuten"},"schema":{"@context":"https:\/\/schema.org","@graph":[{"@type":"Article","@id":"https:\/\/www.tvbolligen.ch\/site\/ubs-kids-cup-kantonalfinal-25-08-2019\/#article","isPartOf":{"@id":"https:\/\/www.tvbolligen.ch\/site\/ubs-kids-cup-kantonalfinal-25-08-2019\/"},"author":{"name":"Simone Rohrer","@id":"https:\/\/www.tvbolligen.ch\/site\/#\/schema\/person\/274aace6a6522a6c3cbc065d5e2966d7"},"headline":"UBS Kids Cup Kantonalfinal, 25.08.2019","datePublished":"2019-08-25T13:16:50+00:00","dateModified":"2019-09-21T19:17:56+00:00","mainEntityOfPage":{"@id":"https:\/\/www.tvbolligen.ch\/site\/ubs-kids-cup-kantonalfinal-25-08-2019\/"},"wordCount":726,"publisher":{"@id":"https:\/\/www.tvbolligen.ch\/site\/#organization"},"image":{"@id":"https:\/\/www.tvbolligen.ch\/site\/ubs-kids-cup-kantonalfinal-25-08-2019\/#primaryimage"},"thumbnailUrl":"https:\/\/i0.wp.com\/www.tvbolligen.ch\/site\/wp-content\/uploads\/IMG_7843.jpg?fit=4032%2C3024&ssl=1","articleSection":["LA"],"inLanguage":"de"},{"@type":"WebPage","@id":"https:\/\/www.tvbolligen.ch\/site\/ubs-kids-cup-kantonalfinal-25-08-2019\/","url":"https:\/\/www.tvbolligen.ch\/site\/ubs-kids-cup-kantonalfinal-25-08-2019\/","name":"UBS Kids Cup Kantonalfinal, 25.08.2019 - Turnverein Bolligen","isPartOf":{"@id":"https:\/\/www.tvbolligen.ch\/site\/#website"},"primaryImageOfPage":{"@id":"https:\/\/www.tvbolligen.ch\/site\/ubs-kids-cup-kantonalfinal-25-08-2019\/#primaryimage"},"image":{"@id":"https:\/\/www.tvbolligen.ch\/site\/ubs-kids-cup-kantonalfinal-25-08-2019\/#primaryimage"},"thumbnailUrl":"https:\/\/i0.wp.com\/www.tvbolligen.ch\/site\/wp-content\/uploads\/IMG_7843.jpg?fit=4032%2C3024&ssl=1","datePublished":"2019-08-25T13:16:50+00:00","dateModified":"2019-09-21T19:17:56+00:00","breadcrumb":{"@id":"https:\/\/www.tvbolligen.ch\/site\/ubs-kids-cup-kantonalfinal-25-08-2019\/#breadcrumb"},"inLanguage":"de","potentialAction":[{"@type":"ReadAction","target":["https:\/\/www.tvbolligen.ch\/site\/ubs-kids-cup-kantonalfinal-25-08-2019\/"]}]},{"@type":"ImageObject","inLanguage":"de","@id":"https:\/\/www.tvbolligen.ch\/site\/ubs-kids-cup-kantonalfinal-25-08-2019\/#primaryimage","url":"https:\/\/i0.wp.com\/www.tvbolligen.ch\/site\/wp-content\/uploads\/IMG_7843.jpg?fit=4032%2C3024&ssl=1","contentUrl":"https:\/\/i0.wp.com\/www.tvbolligen.ch\/site\/wp-content\/uploads\/IMG_7843.jpg?fit=4032%2C3024&ssl=1","width":4032,"height":3024},{"@type":"BreadcrumbList","@id":"https:\/\/www.tvbolligen.ch\/site\/ubs-kids-cup-kantonalfinal-25-08-2019\/#breadcrumb","itemListElement":[{"@type":"ListItem","position":1,"name":"Home","item":"https:\/\/www.tvbolligen.ch\/site\/"},{"@type":"ListItem","position":2,"name":"UBS Kids Cup Kantonalfinal, 25.08.2019"}]},{"@type":"WebSite","@id":"https:\/\/www.tvbolligen.ch\/site\/#website","url":"https:\/\/www.tvbolligen.ch\/site\/","name":"Turnverein Bolligen","description":"Sport f\u00fcr Jung und Alt in Bolligen","publisher":{"@id":"https:\/\/www.tvbolligen.ch\/site\/#organization"},"potentialAction":[{"@type":"SearchAction","target":{"@type":"EntryPoint","urlTemplate":"https:\/\/www.tvbolligen.ch\/site\/?s={search_term_string}"},"query-input":{"@type":"PropertyValueSpecification","valueRequired":true,"valueName":"search_term_string"}}],"inLanguage":"de"},{"@type":"Organization","@id":"https:\/\/www.tvbolligen.ch\/site\/#organization","name":"Turnverein Bolligen","url":"https:\/\/www.tvbolligen.ch\/site\/","logo":{"@type":"ImageObject","inLanguage":"de","@id":"https:\/\/www.tvbolligen.ch\/site\/#\/schema\/logo\/image\/","url":"https:\/\/i0.wp.com\/www.tvbolligen.ch\/site\/wp-content\/uploads\/2015\/12\/Logo_TV_mittel.png?fit=1000%2C303&ssl=1","contentUrl":"https:\/\/i0.wp.com\/www.tvbolligen.ch\/site\/wp-content\/uploads\/2015\/12\/Logo_TV_mittel.png?fit=1000%2C303&ssl=1","width":1000,"height":303,"caption":"Turnverein Bolligen"},"image":{"@id":"https:\/\/www.tvbolligen.ch\/site\/#\/schema\/logo\/image\/"}},{"@type":"Person","@id":"https:\/\/www.tvbolligen.ch\/site\/#\/schema\/person\/274aace6a6522a6c3cbc065d5e2966d7","name":"Simone Rohrer","image":{"@type":"ImageObject","inLanguage":"de","@id":"https:\/\/www.tvbolligen.ch\/site\/#\/schema\/person\/image\/","url":"https:\/\/secure.gravatar.com\/avatar\/2044ceef21b229a355e9b3cc7bd07d2a8f94c1ebe34699d30e7347d5f93826ea?s=96&d=mm&r=g","contentUrl":"https:\/\/secure.gravatar.com\/avatar\/2044ceef21b229a355e9b3cc7bd07d2a8f94c1ebe34699d30e7347d5f93826ea?s=96&d=mm&r=g","caption":"Simone Rohrer"},"url":"https:\/\/www.tvbolligen.ch\/site\/author\/simone\/"}]}},"jetpack_publicize_connections":[],"jetpack_featured_media_url":"https:\/\/i0.wp.com\/www.tvbolligen.ch\/site\/wp-content\/uploads\/IMG_7843.jpg?fit=4032%2C3024&ssl=1","jetpack_sharing_enabled":true,"jetpack_shortlink":"https:\/\/wp.me\/p751GT-4zO","_links":{"self":[{"href":"https:\/\/www.tvbolligen.ch\/site\/wp-json\/wp\/v2\/posts\/17596","targetHints":{"allow":["GET"]}}],"collection":[{"href":"https:\/\/www.tvbolligen.ch\/site\/wp-json\/wp\/v2\/posts"}],"about":[{"href":"https:\/\/www.tvbolligen.ch\/site\/wp-json\/wp\/v2\/types\/post"}],"author":[{"embeddable":true,"href":"https:\/\/www.tvbolligen.ch\/site\/wp-json\/wp\/v2\/users\/4"}],"replies":[{"embeddable":true,"href":"https:\/\/www.tvbolligen.ch\/site\/wp-json\/wp\/v2\/comments?post=17596"}],"version-history":[{"count":0,"href":"https:\/\/www.tvbolligen.ch\/site\/wp-json\/wp\/v2\/posts\/17596\/revisions"}],"wp:featuredmedia":[{"embeddable":true,"href":"https:\/\/www.tvbolligen.ch\/site\/wp-json\/wp\/v2\/media\/17603"}],"wp:attachment":[{"href":"https:\/\/www.tvbolligen.ch\/site\/wp-json\/wp\/v2\/media?parent=17596"}],"wp:term":[{"taxonomy":"category","embeddable":true,"href":"https:\/\/www.tvbolligen.ch\/site\/wp-json\/wp\/v2\/categories?post=17596"},{"taxonomy":"post_tag","embeddable":true,"href":"https:\/\/www.tvbolligen.ch\/site\/wp-json\/wp\/v2\/tags?post=17596"}],"curies":[{"name":"wp","href":"https:\/\/api.w.org\/{rel}","templated":true}]}}