{"id":21266,"date":"2021-05-30T21:21:48","date_gmt":"2021-05-30T20:21:48","guid":{"rendered":"http:\/\/www.tvbolligen.ch\/site\/?p=21266"},"modified":"2021-06-03T12:45:55","modified_gmt":"2021-06-03T11:45:55","slug":"auch-im-berner-oberland-klettern-einige-bolliger-aufs-podest","status":"publish","type":"post","link":"https:\/\/www.tvbolligen.ch\/site\/auch-im-berner-oberland-klettern-einige-bolliger-aufs-podest\/","title":{"rendered":"Auch im Berner Oberland klettern einige Bolliger aufs Podest"},"content":{"rendered":"<p><strong>Bei herrlichem Fr\u00fchsommerwetter trafen sich am Sonntag, 30. Mai 2021 insgesamt 21 Bolliger*innen &nbsp;um die Reise nach Unterseen in Angriff zu nehmen. Am UBS kids cup in Unterseen versuchten die jungen Athlet*innen \u00fcber 60m, im Weitsprung und im Ballweitwurf Mehrkampfpunkte zu sammeln. Die besten 35 Kids pro Kategorie aller lokalen Ausscheidungen in diesem Leichtathletikwettkampf qualifizieren sich f\u00fcr den Kantonalfinal, der im 2. Halbjahr stattfinden wird.<\/strong><\/p>\n<p>Die Bolliger Kids zeigten auch im Bern Oberland tolle Leistungen, f\u00fcnf von Ihnen kletterten dabei gar aufs Podest. Neben f\u00fcnf Medaillen kehrten die Bolliger*innen mit vielen weiteren pers\u00f6nlichen Bestleistungen im Gep\u00e4ck zur\u00fcck ins Unterland.<\/p>\n<h4><strong>LA-Starters \u2013 unsere J\u00fcngsten mit Jg. 2012 und j\u00fcnger (von Marc Stadelmann, Hauptleiter LA-Starters)<\/strong><\/h4>\n<p>Brianna Bisante, Ben Mader, Dominik Klostermann, Till und L\u00e9onie Stadelmann starteten um zehn Uhr in den Wettkampf.<\/p>\n<p>L\u00e9onie Stadelmann startete mit Ihrer Kategorie W7 als Erste. Mit durchgehend stabilen Leistungen sowie einer Bestleistung im Ballweitwurf klassierte sie sich am Ende auf dem zweiten Platz und durfte sich dementsprechend erneut \u00fcber einen Podestplatz freuen.<\/p>\n<p>Als zweites Modi stand Brianna Bisante in der Kategorie W9 am Start. Ihr gelang heute der beste Wettkampf seit ihrer noch jungen Wettkampfkarriere. In s\u00e4mtlichen Disziplinen konnte Sie sich eine neue Bestleistung notieren lassen. Dank den Bestleistungen durfte Brianna am Ende den neunten Platz f\u00fcr sich beanspruchen.<\/p>\n<p>Bei den Gielen startet Till Stadelmann den Wettkampf. Auch er konnte \u2013 gleich wie L\u00e9onie \u2013 einen \u00e4usserst stabilen Wettkampf zeigen. Bei den meisten Disziliplen kam er nahe an seine Bestleistungen. Der starke Auftritt f\u00fchrte am Ende zum Kategoriensieg bei den M7! Herzliche Gratulation dazu!<\/p>\n<p>Den Schlusspunkt setzten Ben Mader und Dominik Klostermann in der Kategorie M9. Ben Mader zeigte einen sehr starken Wettkampf, bei welchem er bei allen Disziplinen sehr nahe an seine Bestleistungen kam. Dank dieser grossen Konstanz sicherte sich Ben den starken dritten Schlussrang!<\/p>\n<p>Nach fast einj\u00e4hriger Wettkampfpause stand auch Dominik wieder am Start. Eindr\u00fccklich meldete er sich gleich mit drei pers\u00f6nlichen Bestleistungen zur\u00fcck. Die Bestleistungen erzielte er im Sprint, Ballweitwurf sowie bei der Gesamtpunktzahl im Wettkampf. Der Wiedereinstieg ist gegl\u00fcckt und so durfte sich Dominik am Ende auf Rang 12 wiederfinden.<\/p>\n<p>Euch allen gratuliere ich herzlich zu den tollen Resultaten. Es hat einmal mehr grossen Spass gemacht, eure Leidenschaft zu sehen.<\/p>\n<table style=\"border-collapse: collapse; width: 100%; height: 485px;\">\n<tbody>\n<tr style=\"height: 485px;\">\n<td style=\"width: 33.3333%; text-align: center; height: 485px;\"><img data-recalc-dims=\"1\" loading=\"lazy\" decoding=\"async\" class=\" wp-image-21264 aligncenter\" src=\"https:\/\/i0.wp.com\/www.tvbolligen.ch\/site\/wp-content\/uploads\/Till-Stadelmann-1.jpg?resize=192%2C501&#038;ssl=1\" alt=\"\" width=\"192\" height=\"501\" srcset=\"https:\/\/i0.wp.com\/www.tvbolligen.ch\/site\/wp-content\/uploads\/Till-Stadelmann-1.jpg?w=303&amp;ssl=1 303w, https:\/\/i0.wp.com\/www.tvbolligen.ch\/site\/wp-content\/uploads\/Till-Stadelmann-1.jpg?resize=115%2C300&amp;ssl=1 115w\" sizes=\"(max-width: 192px) 100vw, 192px\" \/><\/td>\n<td style=\"width: 33.3333%; height: 485px;\"><img data-recalc-dims=\"1\" loading=\"lazy\" decoding=\"async\" class=\" wp-image-21260 aligncenter\" src=\"https:\/\/i0.wp.com\/www.tvbolligen.ch\/site\/wp-content\/uploads\/Ben-Mader.jpg?resize=204%2C494&#038;ssl=1\" alt=\"\" width=\"204\" height=\"494\" srcset=\"https:\/\/i0.wp.com\/www.tvbolligen.ch\/site\/wp-content\/uploads\/Ben-Mader.jpg?w=325&amp;ssl=1 325w, https:\/\/i0.wp.com\/www.tvbolligen.ch\/site\/wp-content\/uploads\/Ben-Mader.jpg?resize=124%2C300&amp;ssl=1 124w\" sizes=\"(max-width: 204px) 100vw, 204px\" \/><\/td>\n<td style=\"width: 33.3333%; height: 485px;\"><img data-recalc-dims=\"1\" loading=\"lazy\" decoding=\"async\" class=\" wp-image-21261 aligncenter\" src=\"https:\/\/i0.wp.com\/www.tvbolligen.ch\/site\/wp-content\/uploads\/Leonie-Stadelmann.jpg?resize=172%2C507&#038;ssl=1\" alt=\"\" width=\"172\" height=\"507\"><\/td>\n<\/tr>\n<\/tbody>\n<\/table>\n<p>&nbsp;<\/p>\n<h4><strong>LA-Gruppe 1 \u2013 unsere Kids mit Jg. 2010 und 2011 (von Christoph Stadelmann und Cyrill Dammann)<\/strong><\/h4>\n<p><strong>Die M\u00e4dchen zuerst\u2026<\/strong><\/p>\n<p>Nachdem die LA-Starters ihren Wettkampf bereits abgeschlossen hatten, starteten die Bolliger Kids mit Jg. 2010 und 2011 in den Wettkampf. Als erstes in den Wettkampf starteten dabei unsere M\u00e0dchen in den Kategorien W10 (M\u00e4dchen mit Jg. 2011) und W11 (M\u00e4dchen mit Jg. 2010).<\/p>\n<p>Dabei gelang unseren 2011er Modis mit Mia Damman, Lyana Lemann und Chiara Zimmermann den Start in den Wetkampf nach Mass. Mit 9.74s resp. 9.84 knackten Lyana und Mia zum ersten Mal die 10s-Marke &#8211; und zwar deutlich. Chiara lief mit 10.38s 3 Hundertsteslssekunden an ihre Bestzeit heran.<\/p>\n<p>Alsdann legten die 2010er-Modis gleich nach: Mit Florience Leupold (9.88s \u2013 erstmals unter 10s), Lorena Zimmermann (9.79s) und Lia Lou Hadorn (9.82s \u2013 neue pers\u00f6nlcihe Bestleistung) blieben drei M\u00e4dchen unter der 10s Marke. Hanna Furrer (10.41s) und Elin Hofer (10.72s) ihrerseits konnten sich ebenfalls eine neue Bestleistung notieren lassen.<\/p>\n<p>Entsprechend motiviert ging es im Ballweitwurf weiter. Mit 23.74m holte sich Lyana bei den 2011er-Modis gleich ihre zweite Bestleistungen, Mia und Chiara blieben mit ihren W\u00fcrfen auf 25.10m resp. 22.92m jeweils nur einige Zentimeter darunter.<\/p>\n<p>\u00c4hnlich das Bild bei unseren 2010er Modis: So konnten Florence (22.47m), Lia Lou (15.95m), Hanna (15.82m) und Elin (13.69m) allesamt ihre pers\u00f6nliche Bestleistung nach oben schreuben. Lorena blieb mit Iihren 24.81m zwar etwas unter ihrer pers\u00f6nlichen Bestleistung, konnte aber dennoch den Kontakt zu den Besten halten.<\/p>\n<p>Im abschliessenden Weitsprung flogen die Bolligerinnen noch einmal so richtig durch die Oberl\u00e4nder Luft: Lyana sicherte sich mit ihrem Sprung auf 3.84m ihre dritte pers\u00f6nliche Bestleistung, Mia blieb mit ihren 3.70m nur gerade einen Zentimeter darunter. Chiara sprang auf 3.05m, war mit dieser Leistung aber nicht ganz zufrieden.<\/p>\n<p>Pers\u00f6nliche Bestleistung Nummer 3 holte sich im Weitsprung bei den 2010er-Modis auch Hanna. Die \u00fcbrigen 2010er-Modis sprangen allesamt nahe an ihre Bestleistungen heran und konnten dem Wettkampf damit mit einem Ausrufezeichen abschliessen.<\/p>\n<p>Mit hervorragenden1\u2019222 Punkten und einer deutlichen neuen pers\u00f6nlichen Bestleistung kletterte Lyana im starken Teilnehmerfeld auf den 3. Schlussrang, Mia holte sich mit 1&#8217;196 Punkten die undankbare Ledermedaille (4. Rang), aber ebenfalls eine neue pers\u00f6nliche Bestleistung. Chiara platzierte auf dem 8. Schlussrang und damit als dritte Bolligerin in den Top 8.<\/p>\n<p>Bei den M\u00e4dchen mit Jg. 2010 holte sich Florence mit total 1&#8217;158 Punkten das beste Bolliger Resultat und ebenfalls eine neue pers\u00f6nliche Bestleistung. Sie verpasste im grossen und starken Teilnehmerfeld damit den Sprung in die Top 10 als Elftplatzierte nur ganz knapp. Hinter ihr&nbsp; folgten Lorena (Rang 12). Lia Lou (nur 4 Punkte unter der 1000er-Marke), Hanna Furrer und Elin Hofer auf den nachfolgenden R\u00e4ngen und holten sich dabei ebenfalls noch neue pers\u00f6nliche Bestleistung in der Gesamtpunktzahl.<\/p>\n<p><strong>..und dann die Knaben<\/strong><\/p>\n<p>45 Minuten&nbsp; nach den M\u00e4dchen starteten unsere Boys ins Rennen und wie: Die pers\u00f6nlichen Bestleistungen fielen gleich reihenweise. Angef\u00fchrt von Yannick Bichsel (9.36s) holten sich unsere 2010er Boys Dominik Ludwig (9.46s) und Nino Mader (9.63s) eine neue pers\u00f6nliche Bestleistung. Bei den 2011er-Boys sprintete Lino Tr\u00fcmpler in hervorragenden 9.63s (pB) \u00fcber die Ziellinie, C\u00e9dric Stadelmann unterbot mit 10.92s nun ebenfalls bereits zum 2. Mal die 11s-Marke.<\/p>\n<p>Im anschliessenden Wurf mit dem 200g schweren Gummiball sicherte sich Dominik mit 27.81 pB Nummer 2. Seine gleichalterigen Teamkollegen Nino und Yannick blieben jeweils nur wenig unter ihrem Bestwert. Deutliche neue Bestleistungen gab es f\u00fcr die beiden 2011er-Boys, f\u00fcr Lino und C\u00e9dric, welche ihre B\u00e4lle auf 19.90m resp. 13.42m schleuderten.<\/p>\n<p>Im abschliessenden Weitsprung gab es f\u00fcr die 2010er-Boys zwar keine neue Bestleistungen mehr, mit ihren Spr\u00fcngen auf 4.03m (Yannick), 3.77m (Nino) und 3.84m (Dominik) sprangen die Jungs aber alle bis auf wenige Zentimeter an ihre Bestleistungen heran. Mit einer letzten und dritten pers\u00f6nlichen Bestleistung schloss Lino Tr\u00fcmpler seinen Wettkampf ab: Er sprang auf sehr gute 3.59m, w\u00e4hrenddem sein Teamkollege C\u00e9dric den Wettkampf mit einem Sprung auf 2.71m abschloss.<\/p>\n<p>In der Endabrechnung sicherte sich Yannick Bichsel mit seinem sehr ausgeglichenen Wettkampf im starken Teilnehmerfeld der 2010er-Kids die Bronzemedaille. Nur knapp dahinter, jeweils mit pers\u00f6nlicher Bestleistungen, klassierten sich Nino Mader (1&#8217;067 Punkte) und Dominik Ludwig (1&#8217;063 Punkte) auf den Pl\u00e4tze 5 und 6. Mit 890 Punkten holte sich Lino bei den Kids mit Jg. 2011 den achten Schlussrang, C\u00e9dric landete mit 477 Punkten auf dem 13. Schlussrang \u2013 beide mit neuer pers\u00f6nlicher Bestleistung im Dreikampf.<\/p>\n<table style=\"border-collapse: collapse; width: 100%;\">\n<tbody>\n<tr>\n<td style=\"width: 50%;\"><img data-recalc-dims=\"1\" loading=\"lazy\" decoding=\"async\" class=\"wp-image-21262 aligncenter\" src=\"https:\/\/i0.wp.com\/www.tvbolligen.ch\/site\/wp-content\/uploads\/Lyana-Lemann.jpg?resize=468%2C351&#038;ssl=1\" alt=\"\" width=\"468\" height=\"351\"><\/td>\n<td style=\"width: 50%;\"><img data-recalc-dims=\"1\" loading=\"lazy\" decoding=\"async\" class=\"wp-image-21265 aligncenter\" src=\"https:\/\/i0.wp.com\/www.tvbolligen.ch\/site\/wp-content\/uploads\/Yannick-Bichsel-1.jpg?resize=467%2C350&#038;ssl=1\" alt=\"\" width=\"467\" height=\"350\"><\/td>\n<\/tr>\n<\/tbody>\n<\/table>\n<h4><strong>&nbsp;LA-Gruppe 2 \u2013 unsere \u00c4ltesten (Simone Rohrer)<\/strong><\/h4>\n<p>Mit Sophie Arnold, Joris Robyr und Gilles Mileto standen in den M\u00e4dchen- und Knaben-Kategorien der Jahrg\u00e4nge 2009 drei Bolliger Kids an der Startlinie.<\/p>\n<p>Sophie zeigte einen sehr guten Wettkampf, holte sich in allen Disziplinen eine neue pers\u00f6nliche Bestleistung. Dabei sticht insbesondere ihr Wurf auf 27.12m im Ballweitwurf heraus. Mit 10.16s \u00fcber 60m und 3.62m im Weitsprung rundete Sophie ihren Wettkampf ab und landete in der Endabrechnung auf dem sehr guten 5. Schlussrang. Mit 1&#8217;153 Punkten knackte Sophie zum ersten Mal und deutlich die 1000m-Marke.<\/p>\n<p>Auch die beiden Jungs zeigen einen gelungenen Wettkampf. Jeweils mit einer neuen pers\u00f6nlichen Bestleistungen \u00fcber die 60m-Flaschdistanz (Joris 9.70s, Gilles 10.00s) starteten die beiden in den Wettkampf. Die 35.12m im Ballweitwurf bedeuten f\u00fcr Joris alsdann gleich pB Nummer 2; sein Teamkollege Gilles vermochte mit 21.90m im Ballweitwurf zwar nicht ganz an seine Bestleistung heran zu werfen, schloss dann seinen Wetkkampf aber schliesslich mit einer pB im Weitsprung ab (3.47m). Mit 3.90m blieb Joris nur 4cm unter seiner Bestleistung. In der Endabrechnung ergab da Schlussrang 5 f\u00fcr Joris (mit pers\u00f6nlicher Bestleitung im 3-Kampf) und Rang 10 f\u00fcr Gilles.<\/p>\n<p>Bald schon steht der n\u00e4chste Wettkampf vor der T\u00fcre \u2013 wir freuen uns darauf!<\/p>\n<h4>Resultate-\u00dcbersicht<\/h4>\n<table>\n<tbody>\n<tr>\n<td width=\"92\">Kategorie<\/td>\n<td width=\"77\">Vorname<\/td>\n<td width=\"94\">Name<\/td>\n<td width=\"76\">60m<\/td>\n<td width=\"72\">Weit<\/td>\n<td width=\"72\">Ball<\/td>\n<td width=\"62\">Punkte<\/td>\n<td width=\"52\">Rang<\/td>\n<\/tr>\n<tr>\n<td width=\"92\">W7 (2014)<\/td>\n<td width=\"77\">L\u00e9onie<\/td>\n<td width=\"94\">Stadelmann<\/td>\n<td width=\"76\">11.43s<\/td>\n<td width=\"72\">2.24m<\/td>\n<td width=\"72\">9m*<\/td>\n<td width=\"62\">388<\/td>\n<td width=\"52\">2<\/td>\n<\/tr>\n<tr>\n<td width=\"92\">W9 (2012)<\/td>\n<td width=\"77\">Brianna<\/td>\n<td width=\"94\">Bisante<\/td>\n<td width=\"76\">11.66s*<\/td>\n<td width=\"72\">2.83m*<\/td>\n<td width=\"72\">10.54m*<\/td>\n<td width=\"62\">509*<\/td>\n<td width=\"52\">9<\/td>\n<\/tr>\n<tr>\n<td width=\"92\">M7 (2014)<\/td>\n<td width=\"77\">Till<\/td>\n<td width=\"94\">Stadelmann<\/td>\n<td width=\"76\">11,47S<\/td>\n<td width=\"72\">2.55m<\/td>\n<td width=\"72\">14.46m<\/td>\n<td width=\"62\">413*<\/td>\n<td width=\"52\">1<\/td>\n<\/tr>\n<tr>\n<td width=\"92\">M9 (2012)<\/td>\n<td width=\"77\">Ben<\/td>\n<td width=\"94\">Mader<\/td>\n<td width=\"76\">10.44s<\/td>\n<td width=\"72\">3.34m<\/td>\n<td width=\"72\">20.70m<\/td>\n<td width=\"62\">735<\/td>\n<td width=\"52\">3<\/td>\n<\/tr>\n<tr>\n<td width=\"92\">M9 (2012)<\/td>\n<td width=\"77\">Dominik<\/td>\n<td width=\"94\">Klostermann<\/td>\n<td width=\"76\">11.43s*<\/td>\n<td width=\"72\">2.56m<\/td>\n<td width=\"72\">16.94m*<\/td>\n<td width=\"62\">452*<\/td>\n<td width=\"52\">12<\/td>\n<\/tr>\n<tr>\n<td width=\"92\">W10 (2011)<\/td>\n<td width=\"77\">Lyana<\/td>\n<td width=\"94\">Lemann<\/td>\n<td width=\"76\">9.74s*<\/td>\n<td width=\"72\">3.84m*<\/td>\n<td width=\"72\">23.74m*<\/td>\n<td width=\"62\">1\u2019222*<\/td>\n<td width=\"52\">3<\/td>\n<\/tr>\n<tr>\n<td width=\"92\">W10 (2011)<\/td>\n<td width=\"77\">Mia<\/td>\n<td width=\"94\">Dammann<\/td>\n<td width=\"76\">9.84s*<\/td>\n<td width=\"72\">3.70m<\/td>\n<td width=\"72\">25.10m<\/td>\n<td width=\"62\">1\u2019196*<\/td>\n<td width=\"52\">4<\/td>\n<\/tr>\n<tr>\n<td width=\"92\">W10 (2011)<\/td>\n<td width=\"77\">Chiara<\/td>\n<td width=\"94\">Zimmermann<\/td>\n<td width=\"76\">10.38s<\/td>\n<td width=\"72\">3.05m<\/td>\n<td width=\"72\">22.92m<\/td>\n<td width=\"62\">931<\/td>\n<td width=\"52\">8<\/td>\n<\/tr>\n<tr>\n<td width=\"92\">W11 (2010)<\/td>\n<td width=\"77\">Florence<\/td>\n<td width=\"94\">Leupold<\/td>\n<td width=\"76\">9.88s*<\/td>\n<td width=\"72\">3.76m<\/td>\n<td width=\"72\">22.47m*<\/td>\n<td width=\"62\">1\u2019158*<\/td>\n<td width=\"52\">11<\/td>\n<\/tr>\n<tr>\n<td width=\"92\">W11 (2010)<\/td>\n<td width=\"77\">Lorena<\/td>\n<td width=\"94\">Zimmermann<\/td>\n<td width=\"76\">9.79s<\/td>\n<td width=\"72\">3.36m<\/td>\n<td width=\"72\">24.81m<\/td>\n<td width=\"62\">1\u2019131<\/td>\n<td width=\"52\">12<\/td>\n<\/tr>\n<tr>\n<td width=\"92\">W11 (2010)<\/td>\n<td width=\"77\">Lia Lou<\/td>\n<td width=\"94\">Hadorn<\/td>\n<td width=\"76\">9.82s*<\/td>\n<td width=\"72\">3.46m<\/td>\n<td width=\"72\">15.95m*<\/td>\n<td width=\"62\">996*<\/td>\n<td width=\"52\">21<\/td>\n<\/tr>\n<tr>\n<td width=\"92\">W11 (2010)<\/td>\n<td width=\"77\">Hanna<\/td>\n<td width=\"94\">Furrer<\/td>\n<td width=\"76\">10.41s*<\/td>\n<td width=\"72\">3.39m*<\/td>\n<td width=\"72\">15.82m*<\/td>\n<td width=\"62\">875*<\/td>\n<td width=\"52\">24<\/td>\n<\/tr>\n<tr>\n<td width=\"92\">W11 (2010)<\/td>\n<td width=\"77\">Elin<\/td>\n<td width=\"94\">Hofer<\/td>\n<td width=\"76\">10.72s*<\/td>\n<td width=\"72\">3.05m<\/td>\n<td width=\"72\">13.69m*<\/td>\n<td width=\"62\">722*<\/td>\n<td width=\"52\">26<\/td>\n<\/tr>\n<tr>\n<td width=\"92\">M10 (2011)<\/td>\n<td width=\"77\">Lino<\/td>\n<td width=\"94\">Tr\u00fcmpler<\/td>\n<td width=\"76\">9.63s*<\/td>\n<td width=\"72\">19.90m*<\/td>\n<td width=\"72\">3.59m*<\/td>\n<td width=\"62\">890*<\/td>\n<td width=\"52\">8<\/td>\n<\/tr>\n<tr>\n<td width=\"92\">M10 (2011)<\/td>\n<td width=\"77\">C\u00e9dric<\/td>\n<td width=\"94\">Stadelmann<\/td>\n<td width=\"76\">10.92s<\/td>\n<td width=\"72\">2.71m<\/td>\n<td width=\"72\">13.42m*<\/td>\n<td width=\"62\">477*<\/td>\n<td width=\"52\">13<\/td>\n<\/tr>\n<tr>\n<td width=\"92\">M11 (2010)<\/td>\n<td width=\"77\">Yannick<\/td>\n<td width=\"94\">Bichsel<\/td>\n<td width=\"76\">9.36s<\/td>\n<td width=\"72\">4.03m<\/td>\n<td width=\"72\">29.57m<\/td>\n<td width=\"62\">1\u2019135<\/td>\n<td width=\"52\">3<\/td>\n<\/tr>\n<tr>\n<td width=\"92\">M11 (2010)<\/td>\n<td width=\"77\">Nino<\/td>\n<td width=\"94\">Mader<\/td>\n<td width=\"76\">9.63s*<\/td>\n<td width=\"72\">3.77m<\/td>\n<td width=\"72\">31.44m<\/td>\n<td width=\"62\">1\u2019067*<\/td>\n<td width=\"52\">5<\/td>\n<\/tr>\n<tr>\n<td width=\"92\">M11 (2010)<\/td>\n<td width=\"77\">Dominik<\/td>\n<td width=\"94\">Ludwig<\/td>\n<td width=\"76\">9.46s*<\/td>\n<td width=\"72\">3.84m<\/td>\n<td width=\"72\">27.81m*<\/td>\n<td width=\"62\">1\u2019063*<\/td>\n<td width=\"52\">6<\/td>\n<\/tr>\n<tr>\n<td width=\"92\">W12 (2009)<\/td>\n<td width=\"77\">Sophie<\/td>\n<td width=\"94\">Arnold<\/td>\n<td width=\"76\">10.16s*<\/td>\n<td width=\"72\">3.62m*<\/td>\n<td width=\"72\">27.12m*<\/td>\n<td width=\"62\">1\u2019153*<\/td>\n<td width=\"52\">5<\/td>\n<\/tr>\n<tr>\n<td width=\"92\">M12 (2009)<\/td>\n<td width=\"77\">Joris<\/td>\n<td width=\"94\">Robyr<\/td>\n<td width=\"76\">9.70s*<\/td>\n<td width=\"72\">3.90m<\/td>\n<td width=\"72\">35.21m*<\/td>\n<td width=\"62\">1\u2019124*<\/td>\n<td width=\"52\">5<\/td>\n<\/tr>\n<tr>\n<td width=\"92\">M12 (2009)<\/td>\n<td width=\"77\">Gilles<\/td>\n<td width=\"94\">Mileto<\/td>\n<td width=\"76\">10.00s*<\/td>\n<td width=\"72\">3.47m*<\/td>\n<td width=\"72\">21.90m<\/td>\n<td width=\"62\">836<\/td>\n<td width=\"52\">14<\/td>\n<\/tr>\n<\/tbody>\n<\/table>\n<p>* Resultate mit Stern sind eine neue pers\u00f6nliche Bestleistung!<\/p>\n","protected":false},"excerpt":{"rendered":"<p>Bei herrlichem Fr\u00fchsommerwetter trafen sich am Sonntag, 30. Mai 2021 insgesamt 21 Bolliger*innen &nbsp;um die Reise nach Unterseen in Angriff zu nehmen. Am UBS kids cup in Unterseen versuchten die jungen Athlet*innen \u00fcber 60m, im Weitsprung und im Ballweitwurf Mehrkampfpunkte zu sammeln. Die besten 35 Kids pro Kategorie aller lokalen Ausscheidungen in diesem Leichtathletikwettkampf qualifizieren [&hellip;]<\/p>\n","protected":false},"author":16,"featured_media":21263,"comment_status":"closed","ping_status":"closed","sticky":false,"template":"","format":"standard","meta":{"_et_pb_use_builder":"","_et_pb_old_content":"","_et_gb_content_width":"","ngg_post_thumbnail":0,"jetpack_post_was_ever_published":false,"_jetpack_newsletter_access":"","_jetpack_dont_email_post_to_subs":false,"_jetpack_newsletter_tier_id":0,"_jetpack_memberships_contains_paywalled_content":false,"_jetpack_memberships_contains_paid_content":false,"footnotes":"","jetpack_publicize_message":"","jetpack_publicize_feature_enabled":true,"jetpack_social_post_already_shared":true,"jetpack_social_options":{"image_generator_settings":{"template":"highway","enabled":false},"version":2}},"categories":[12],"tags":[],"class_list":["post-21266","post","type-post","status-publish","format-standard","has-post-thumbnail","hentry","category-la"],"yoast_head":"<!-- This site is optimized with the Yoast SEO plugin v25.1 - https:\/\/yoast.com\/wordpress\/plugins\/seo\/ -->\n<title>Auch im Berner Oberland klettern einige Bolliger aufs Podest - Turnverein Bolligen<\/title>\n<meta name=\"robots\" content=\"index, follow, max-snippet:-1, max-image-preview:large, max-video-preview:-1\" \/>\n<link rel=\"canonical\" href=\"https:\/\/www.tvbolligen.ch\/site\/auch-im-berner-oberland-klettern-einige-bolliger-aufs-podest\/\" \/>\n<meta property=\"og:locale\" content=\"de_DE\" \/>\n<meta property=\"og:type\" content=\"article\" \/>\n<meta property=\"og:title\" content=\"Auch im Berner Oberland klettern einige Bolliger aufs Podest - Turnverein Bolligen\" \/>\n<meta property=\"og:description\" content=\"Bei herrlichem Fr\u00fchsommerwetter trafen sich am Sonntag, 30. Mai 2021 insgesamt 21 Bolliger*innen &nbsp;um die Reise nach Unterseen in Angriff zu nehmen. Am UBS kids cup in Unterseen versuchten die jungen Athlet*innen \u00fcber 60m, im Weitsprung und im Ballweitwurf Mehrkampfpunkte zu sammeln. Die besten 35 Kids pro Kategorie aller lokalen Ausscheidungen in diesem Leichtathletikwettkampf qualifizieren [&hellip;]\" \/>\n<meta property=\"og:url\" content=\"https:\/\/www.tvbolligen.ch\/site\/auch-im-berner-oberland-klettern-einige-bolliger-aufs-podest\/\" \/>\n<meta property=\"og:site_name\" content=\"Turnverein Bolligen\" \/>\n<meta property=\"article:published_time\" content=\"2021-05-30T20:21:48+00:00\" \/>\n<meta property=\"article:modified_time\" content=\"2021-06-03T11:45:55+00:00\" \/>\n<meta property=\"og:image\" content=\"https:\/\/i0.wp.com\/www.tvbolligen.ch\/site\/wp-content\/uploads\/Teamfoto-Starters.jpg?fit=703%2C591&ssl=1\" \/>\n\t<meta property=\"og:image:width\" content=\"703\" \/>\n\t<meta property=\"og:image:height\" content=\"591\" \/>\n\t<meta property=\"og:image:type\" content=\"image\/jpeg\" \/>\n<meta name=\"author\" content=\"Christoph Stadelmann\" \/>\n<meta name=\"twitter:card\" content=\"summary_large_image\" \/>\n<meta name=\"twitter:label1\" content=\"Verfasst von\" \/>\n\t<meta name=\"twitter:data1\" content=\"Christoph Stadelmann\" \/>\n\t<meta name=\"twitter:label2\" content=\"Gesch\u00e4tzte Lesezeit\" \/>\n\t<meta name=\"twitter:data2\" content=\"8\u00a0Minuten\" \/>\n<script type=\"application\/ld+json\" class=\"yoast-schema-graph\">{\"@context\":\"https:\/\/schema.org\",\"@graph\":[{\"@type\":\"Article\",\"@id\":\"https:\/\/www.tvbolligen.ch\/site\/auch-im-berner-oberland-klettern-einige-bolliger-aufs-podest\/#article\",\"isPartOf\":{\"@id\":\"https:\/\/www.tvbolligen.ch\/site\/auch-im-berner-oberland-klettern-einige-bolliger-aufs-podest\/\"},\"author\":{\"name\":\"Christoph Stadelmann\",\"@id\":\"https:\/\/www.tvbolligen.ch\/site\/#\/schema\/person\/cf2ff3d29907f0355f91f6838672eaf4\"},\"headline\":\"Auch im Berner Oberland klettern einige Bolliger aufs Podest\",\"datePublished\":\"2021-05-30T20:21:48+00:00\",\"dateModified\":\"2021-06-03T11:45:55+00:00\",\"mainEntityOfPage\":{\"@id\":\"https:\/\/www.tvbolligen.ch\/site\/auch-im-berner-oberland-klettern-einige-bolliger-aufs-podest\/\"},\"wordCount\":1462,\"publisher\":{\"@id\":\"https:\/\/www.tvbolligen.ch\/site\/#organization\"},\"image\":{\"@id\":\"https:\/\/www.tvbolligen.ch\/site\/auch-im-berner-oberland-klettern-einige-bolliger-aufs-podest\/#primaryimage\"},\"thumbnailUrl\":\"https:\/\/i0.wp.com\/www.tvbolligen.ch\/site\/wp-content\/uploads\/Teamfoto-Starters.jpg?fit=703%2C591&ssl=1\",\"articleSection\":[\"LA\"],\"inLanguage\":\"de\"},{\"@type\":\"WebPage\",\"@id\":\"https:\/\/www.tvbolligen.ch\/site\/auch-im-berner-oberland-klettern-einige-bolliger-aufs-podest\/\",\"url\":\"https:\/\/www.tvbolligen.ch\/site\/auch-im-berner-oberland-klettern-einige-bolliger-aufs-podest\/\",\"name\":\"Auch im Berner Oberland klettern einige Bolliger aufs Podest - Turnverein Bolligen\",\"isPartOf\":{\"@id\":\"https:\/\/www.tvbolligen.ch\/site\/#website\"},\"primaryImageOfPage\":{\"@id\":\"https:\/\/www.tvbolligen.ch\/site\/auch-im-berner-oberland-klettern-einige-bolliger-aufs-podest\/#primaryimage\"},\"image\":{\"@id\":\"https:\/\/www.tvbolligen.ch\/site\/auch-im-berner-oberland-klettern-einige-bolliger-aufs-podest\/#primaryimage\"},\"thumbnailUrl\":\"https:\/\/i0.wp.com\/www.tvbolligen.ch\/site\/wp-content\/uploads\/Teamfoto-Starters.jpg?fit=703%2C591&ssl=1\",\"datePublished\":\"2021-05-30T20:21:48+00:00\",\"dateModified\":\"2021-06-03T11:45:55+00:00\",\"breadcrumb\":{\"@id\":\"https:\/\/www.tvbolligen.ch\/site\/auch-im-berner-oberland-klettern-einige-bolliger-aufs-podest\/#breadcrumb\"},\"inLanguage\":\"de\",\"potentialAction\":[{\"@type\":\"ReadAction\",\"target\":[\"https:\/\/www.tvbolligen.ch\/site\/auch-im-berner-oberland-klettern-einige-bolliger-aufs-podest\/\"]}]},{\"@type\":\"ImageObject\",\"inLanguage\":\"de\",\"@id\":\"https:\/\/www.tvbolligen.ch\/site\/auch-im-berner-oberland-klettern-einige-bolliger-aufs-podest\/#primaryimage\",\"url\":\"https:\/\/i0.wp.com\/www.tvbolligen.ch\/site\/wp-content\/uploads\/Teamfoto-Starters.jpg?fit=703%2C591&ssl=1\",\"contentUrl\":\"https:\/\/i0.wp.com\/www.tvbolligen.ch\/site\/wp-content\/uploads\/Teamfoto-Starters.jpg?fit=703%2C591&ssl=1\",\"width\":703,\"height\":591},{\"@type\":\"BreadcrumbList\",\"@id\":\"https:\/\/www.tvbolligen.ch\/site\/auch-im-berner-oberland-klettern-einige-bolliger-aufs-podest\/#breadcrumb\",\"itemListElement\":[{\"@type\":\"ListItem\",\"position\":1,\"name\":\"Home\",\"item\":\"https:\/\/www.tvbolligen.ch\/site\/\"},{\"@type\":\"ListItem\",\"position\":2,\"name\":\"Auch im Berner Oberland klettern einige Bolliger aufs Podest\"}]},{\"@type\":\"WebSite\",\"@id\":\"https:\/\/www.tvbolligen.ch\/site\/#website\",\"url\":\"https:\/\/www.tvbolligen.ch\/site\/\",\"name\":\"Turnverein Bolligen\",\"description\":\"Sport f\u00fcr Jung und Alt in Bolligen\",\"publisher\":{\"@id\":\"https:\/\/www.tvbolligen.ch\/site\/#organization\"},\"potentialAction\":[{\"@type\":\"SearchAction\",\"target\":{\"@type\":\"EntryPoint\",\"urlTemplate\":\"https:\/\/www.tvbolligen.ch\/site\/?s={search_term_string}\"},\"query-input\":{\"@type\":\"PropertyValueSpecification\",\"valueRequired\":true,\"valueName\":\"search_term_string\"}}],\"inLanguage\":\"de\"},{\"@type\":\"Organization\",\"@id\":\"https:\/\/www.tvbolligen.ch\/site\/#organization\",\"name\":\"Turnverein Bolligen\",\"url\":\"https:\/\/www.tvbolligen.ch\/site\/\",\"logo\":{\"@type\":\"ImageObject\",\"inLanguage\":\"de\",\"@id\":\"https:\/\/www.tvbolligen.ch\/site\/#\/schema\/logo\/image\/\",\"url\":\"https:\/\/i0.wp.com\/www.tvbolligen.ch\/site\/wp-content\/uploads\/2015\/12\/Logo_TV_mittel.png?fit=1000%2C303&ssl=1\",\"contentUrl\":\"https:\/\/i0.wp.com\/www.tvbolligen.ch\/site\/wp-content\/uploads\/2015\/12\/Logo_TV_mittel.png?fit=1000%2C303&ssl=1\",\"width\":1000,\"height\":303,\"caption\":\"Turnverein Bolligen\"},\"image\":{\"@id\":\"https:\/\/www.tvbolligen.ch\/site\/#\/schema\/logo\/image\/\"}},{\"@type\":\"Person\",\"@id\":\"https:\/\/www.tvbolligen.ch\/site\/#\/schema\/person\/cf2ff3d29907f0355f91f6838672eaf4\",\"name\":\"Christoph Stadelmann\",\"image\":{\"@type\":\"ImageObject\",\"inLanguage\":\"de\",\"@id\":\"https:\/\/www.tvbolligen.ch\/site\/#\/schema\/person\/image\/\",\"url\":\"https:\/\/secure.gravatar.com\/avatar\/eb36e22abc5edb516c894c982c651ddde21b1dc17f96bef394f2f54c3f96d06d?s=96&d=mm&r=g\",\"contentUrl\":\"https:\/\/secure.gravatar.com\/avatar\/eb36e22abc5edb516c894c982c651ddde21b1dc17f96bef394f2f54c3f96d06d?s=96&d=mm&r=g\",\"caption\":\"Christoph Stadelmann\"},\"url\":\"https:\/\/www.tvbolligen.ch\/site\/author\/stadli\/\"}]}<\/script>\n<!-- \/ Yoast SEO plugin. -->","yoast_head_json":{"title":"Auch im Berner Oberland klettern einige Bolliger aufs Podest - Turnverein Bolligen","robots":{"index":"index","follow":"follow","max-snippet":"max-snippet:-1","max-image-preview":"max-image-preview:large","max-video-preview":"max-video-preview:-1"},"canonical":"https:\/\/www.tvbolligen.ch\/site\/auch-im-berner-oberland-klettern-einige-bolliger-aufs-podest\/","og_locale":"de_DE","og_type":"article","og_title":"Auch im Berner Oberland klettern einige Bolliger aufs Podest - Turnverein Bolligen","og_description":"Bei herrlichem Fr\u00fchsommerwetter trafen sich am Sonntag, 30. Mai 2021 insgesamt 21 Bolliger*innen &nbsp;um die Reise nach Unterseen in Angriff zu nehmen. Am UBS kids cup in Unterseen versuchten die jungen Athlet*innen \u00fcber 60m, im Weitsprung und im Ballweitwurf Mehrkampfpunkte zu sammeln. Die besten 35 Kids pro Kategorie aller lokalen Ausscheidungen in diesem Leichtathletikwettkampf qualifizieren [&hellip;]","og_url":"https:\/\/www.tvbolligen.ch\/site\/auch-im-berner-oberland-klettern-einige-bolliger-aufs-podest\/","og_site_name":"Turnverein Bolligen","article_published_time":"2021-05-30T20:21:48+00:00","article_modified_time":"2021-06-03T11:45:55+00:00","og_image":[{"width":703,"height":591,"url":"https:\/\/i0.wp.com\/www.tvbolligen.ch\/site\/wp-content\/uploads\/Teamfoto-Starters.jpg?fit=703%2C591&ssl=1","type":"image\/jpeg"}],"author":"Christoph Stadelmann","twitter_card":"summary_large_image","twitter_misc":{"Verfasst von":"Christoph Stadelmann","Gesch\u00e4tzte Lesezeit":"8\u00a0Minuten"},"schema":{"@context":"https:\/\/schema.org","@graph":[{"@type":"Article","@id":"https:\/\/www.tvbolligen.ch\/site\/auch-im-berner-oberland-klettern-einige-bolliger-aufs-podest\/#article","isPartOf":{"@id":"https:\/\/www.tvbolligen.ch\/site\/auch-im-berner-oberland-klettern-einige-bolliger-aufs-podest\/"},"author":{"name":"Christoph Stadelmann","@id":"https:\/\/www.tvbolligen.ch\/site\/#\/schema\/person\/cf2ff3d29907f0355f91f6838672eaf4"},"headline":"Auch im Berner Oberland klettern einige Bolliger aufs Podest","datePublished":"2021-05-30T20:21:48+00:00","dateModified":"2021-06-03T11:45:55+00:00","mainEntityOfPage":{"@id":"https:\/\/www.tvbolligen.ch\/site\/auch-im-berner-oberland-klettern-einige-bolliger-aufs-podest\/"},"wordCount":1462,"publisher":{"@id":"https:\/\/www.tvbolligen.ch\/site\/#organization"},"image":{"@id":"https:\/\/www.tvbolligen.ch\/site\/auch-im-berner-oberland-klettern-einige-bolliger-aufs-podest\/#primaryimage"},"thumbnailUrl":"https:\/\/i0.wp.com\/www.tvbolligen.ch\/site\/wp-content\/uploads\/Teamfoto-Starters.jpg?fit=703%2C591&ssl=1","articleSection":["LA"],"inLanguage":"de"},{"@type":"WebPage","@id":"https:\/\/www.tvbolligen.ch\/site\/auch-im-berner-oberland-klettern-einige-bolliger-aufs-podest\/","url":"https:\/\/www.tvbolligen.ch\/site\/auch-im-berner-oberland-klettern-einige-bolliger-aufs-podest\/","name":"Auch im Berner Oberland klettern einige Bolliger aufs Podest - Turnverein Bolligen","isPartOf":{"@id":"https:\/\/www.tvbolligen.ch\/site\/#website"},"primaryImageOfPage":{"@id":"https:\/\/www.tvbolligen.ch\/site\/auch-im-berner-oberland-klettern-einige-bolliger-aufs-podest\/#primaryimage"},"image":{"@id":"https:\/\/www.tvbolligen.ch\/site\/auch-im-berner-oberland-klettern-einige-bolliger-aufs-podest\/#primaryimage"},"thumbnailUrl":"https:\/\/i0.wp.com\/www.tvbolligen.ch\/site\/wp-content\/uploads\/Teamfoto-Starters.jpg?fit=703%2C591&ssl=1","datePublished":"2021-05-30T20:21:48+00:00","dateModified":"2021-06-03T11:45:55+00:00","breadcrumb":{"@id":"https:\/\/www.tvbolligen.ch\/site\/auch-im-berner-oberland-klettern-einige-bolliger-aufs-podest\/#breadcrumb"},"inLanguage":"de","potentialAction":[{"@type":"ReadAction","target":["https:\/\/www.tvbolligen.ch\/site\/auch-im-berner-oberland-klettern-einige-bolliger-aufs-podest\/"]}]},{"@type":"ImageObject","inLanguage":"de","@id":"https:\/\/www.tvbolligen.ch\/site\/auch-im-berner-oberland-klettern-einige-bolliger-aufs-podest\/#primaryimage","url":"https:\/\/i0.wp.com\/www.tvbolligen.ch\/site\/wp-content\/uploads\/Teamfoto-Starters.jpg?fit=703%2C591&ssl=1","contentUrl":"https:\/\/i0.wp.com\/www.tvbolligen.ch\/site\/wp-content\/uploads\/Teamfoto-Starters.jpg?fit=703%2C591&ssl=1","width":703,"height":591},{"@type":"BreadcrumbList","@id":"https:\/\/www.tvbolligen.ch\/site\/auch-im-berner-oberland-klettern-einige-bolliger-aufs-podest\/#breadcrumb","itemListElement":[{"@type":"ListItem","position":1,"name":"Home","item":"https:\/\/www.tvbolligen.ch\/site\/"},{"@type":"ListItem","position":2,"name":"Auch im Berner Oberland klettern einige Bolliger aufs Podest"}]},{"@type":"WebSite","@id":"https:\/\/www.tvbolligen.ch\/site\/#website","url":"https:\/\/www.tvbolligen.ch\/site\/","name":"Turnverein Bolligen","description":"Sport f\u00fcr Jung und Alt in Bolligen","publisher":{"@id":"https:\/\/www.tvbolligen.ch\/site\/#organization"},"potentialAction":[{"@type":"SearchAction","target":{"@type":"EntryPoint","urlTemplate":"https:\/\/www.tvbolligen.ch\/site\/?s={search_term_string}"},"query-input":{"@type":"PropertyValueSpecification","valueRequired":true,"valueName":"search_term_string"}}],"inLanguage":"de"},{"@type":"Organization","@id":"https:\/\/www.tvbolligen.ch\/site\/#organization","name":"Turnverein Bolligen","url":"https:\/\/www.tvbolligen.ch\/site\/","logo":{"@type":"ImageObject","inLanguage":"de","@id":"https:\/\/www.tvbolligen.ch\/site\/#\/schema\/logo\/image\/","url":"https:\/\/i0.wp.com\/www.tvbolligen.ch\/site\/wp-content\/uploads\/2015\/12\/Logo_TV_mittel.png?fit=1000%2C303&ssl=1","contentUrl":"https:\/\/i0.wp.com\/www.tvbolligen.ch\/site\/wp-content\/uploads\/2015\/12\/Logo_TV_mittel.png?fit=1000%2C303&ssl=1","width":1000,"height":303,"caption":"Turnverein Bolligen"},"image":{"@id":"https:\/\/www.tvbolligen.ch\/site\/#\/schema\/logo\/image\/"}},{"@type":"Person","@id":"https:\/\/www.tvbolligen.ch\/site\/#\/schema\/person\/cf2ff3d29907f0355f91f6838672eaf4","name":"Christoph Stadelmann","image":{"@type":"ImageObject","inLanguage":"de","@id":"https:\/\/www.tvbolligen.ch\/site\/#\/schema\/person\/image\/","url":"https:\/\/secure.gravatar.com\/avatar\/eb36e22abc5edb516c894c982c651ddde21b1dc17f96bef394f2f54c3f96d06d?s=96&d=mm&r=g","contentUrl":"https:\/\/secure.gravatar.com\/avatar\/eb36e22abc5edb516c894c982c651ddde21b1dc17f96bef394f2f54c3f96d06d?s=96&d=mm&r=g","caption":"Christoph Stadelmann"},"url":"https:\/\/www.tvbolligen.ch\/site\/author\/stadli\/"}]}},"jetpack_publicize_connections":[],"jetpack_featured_media_url":"https:\/\/i0.wp.com\/www.tvbolligen.ch\/site\/wp-content\/uploads\/Teamfoto-Starters.jpg?fit=703%2C591&ssl=1","jetpack_sharing_enabled":true,"jetpack_shortlink":"https:\/\/wp.me\/p751GT-5x0","_links":{"self":[{"href":"https:\/\/www.tvbolligen.ch\/site\/wp-json\/wp\/v2\/posts\/21266","targetHints":{"allow":["GET"]}}],"collection":[{"href":"https:\/\/www.tvbolligen.ch\/site\/wp-json\/wp\/v2\/posts"}],"about":[{"href":"https:\/\/www.tvbolligen.ch\/site\/wp-json\/wp\/v2\/types\/post"}],"author":[{"embeddable":true,"href":"https:\/\/www.tvbolligen.ch\/site\/wp-json\/wp\/v2\/users\/16"}],"replies":[{"embeddable":true,"href":"https:\/\/www.tvbolligen.ch\/site\/wp-json\/wp\/v2\/comments?post=21266"}],"version-history":[{"count":0,"href":"https:\/\/www.tvbolligen.ch\/site\/wp-json\/wp\/v2\/posts\/21266\/revisions"}],"wp:featuredmedia":[{"embeddable":true,"href":"https:\/\/www.tvbolligen.ch\/site\/wp-json\/wp\/v2\/media\/21263"}],"wp:attachment":[{"href":"https:\/\/www.tvbolligen.ch\/site\/wp-json\/wp\/v2\/media?parent=21266"}],"wp:term":[{"taxonomy":"category","embeddable":true,"href":"https:\/\/www.tvbolligen.ch\/site\/wp-json\/wp\/v2\/categories?post=21266"},{"taxonomy":"post_tag","embeddable":true,"href":"https:\/\/www.tvbolligen.ch\/site\/wp-json\/wp\/v2\/tags?post=21266"}],"curies":[{"name":"wp","href":"https:\/\/api.w.org\/{rel}","templated":true}]}}