{"id":22443,"date":"2022-03-30T20:34:26","date_gmt":"2022-03-30T19:34:26","guid":{"rendered":"https:\/\/www.tvbolligen.ch\/site\/?p=22443"},"modified":"2022-03-30T20:34:26","modified_gmt":"2022-03-30T19:34:26","slug":"anmeldung-la-wettkaempfe-und-zusatztrainings-bis-zu-den-sommerferien","status":"publish","type":"post","link":"https:\/\/www.tvbolligen.ch\/site\/anmeldung-la-wettkaempfe-und-zusatztrainings-bis-zu-den-sommerferien\/","title":{"rendered":"Anmeldung LA-Wettk\u00e4mpfe und Zusatztrainings bis zu den Sommerferien"},"content":{"rendered":"<p>Nachstehend findet ihr Doodle-Links zu den Anmeldungen f\u00fcr die LA-Wettk\u00e4mpfe und Zusatztrainings bis zu den Sommerferien 2022.<\/p>\n<p><strong>Wettk\u00e4mpfe (<a href=\"https:\/\/doodle.com\/meeting\/participate\/id\/NbWx7Zod\/vote\">zur Anmeldung f\u00fcr die Wettk\u00e4mpfe (Doodle) (bitte klicken)<\/a>)<\/strong><\/p>\n<p>Hier die Wettk\u00e4mpfe bis zu den Sommerferien in der \u00dcbersicht:<\/p>\n<table style=\"border-collapse: collapse; width: 100%; height: 479px;\">\n<tbody>\n<tr style=\"height: 23px;\">\n<td style=\"width: 20.3571%; height: 23px;\"><strong>Datum<\/strong><\/td>\n<td style=\"width: 27.4999%; height: 23px;\"><strong>Anlass, Ort<\/strong><\/td>\n<td style=\"width: 35.4763%; height: 23px;\"><strong>Jahrg\u00e4nge, Startzeiten und weitere Details<\/strong><\/td>\n<td style=\"width: 16.6667%; height: 23px;\"><strong>Anmeldeschluss<\/strong><\/td>\n<\/tr>\n<tr style=\"height: 71px;\">\n<td style=\"width: 20.3571%; height: 71px;\">Samstag, 30. April 2022&nbsp;<\/td>\n<td style=\"width: 27.4999%; height: 71px;\">Ch\u00e4sitzer-Louf; Kehrsatz<\/td>\n<td style=\"width: 35.4763%; height: 71px;\">Jg. 2012 und j\u00fcnger: 1.9km ab 12.00 Uhr \/ Jg. 2005 &#8211; 2011: 4.2km ab ab 13.00 Uhr<\/td>\n<td style=\"width: 16.6667%; height: 71px;\">17.04.2022<\/td>\n<\/tr>\n<tr style=\"height: 71px;\">\n<td style=\"width: 20.3571%; height: 71px;\">Samstag, 07. Mai 2022&nbsp;<\/td>\n<td style=\"width: 27.4999%; height: 71px;\">H\u00fcrden-Meeting, Langnau&nbsp;<\/td>\n<td style=\"width: 35.4763%; height: 71px;\">Ab U12 (Jg. 2012 und \u00e4lter). Der Wettkampf findet nachmittags statt. Kids-Lizenz muss vorhanden sein.<\/td>\n<td style=\"width: 16.6667%; height: 71px;\">27.04.2022<\/td>\n<\/tr>\n<tr style=\"height: 142px;\">\n<td style=\"width: 20.3571%; height: 142px;\">Sonntag, 08. Mai 2022<\/td>\n<td style=\"width: 27.4999%; height: 142px;\">Schn\u00e4uschte Mittul\u00e4nder, Stadion Neufeld, Bern<\/td>\n<td style=\"width: 35.4763%; height: 142px;\">Jg. 2007 und j\u00fcnger. Sprint und\/oder 1000m-Lauf. Jg. 2011 und j\u00fcnger: morgens. Jg. 2010 und \u00e4lter: nachmittags. M\u00f6glichkeit, sich f\u00fcr den Berner Kantonalfinal vom So., 3.7.2022 (Sprint) resp. Sa., 3.9.2022 (1000m) zu qualifizieren<\/td>\n<td style=\"width: 16.6667%; height: 142px;\">27.04.22<\/td>\n<\/tr>\n<tr style=\"height: 57px;\">\n<td style=\"width: 20.3571%; height: 57px;\">Freitag, 20. Mai 2022<\/td>\n<td style=\"width: 27.4999%; height: 57px;\">LMM-Vorausscheidung, Lyss<\/td>\n<td style=\"width: 35.4763%; height: 57px;\">Team-Mehrkampf (U14: 60m, Weit, Ball, 1000m, U16: 80m, Weit und (m)\/oder (w) Hoch, Kugel, 1000m (anstelle Training). <span style=\"font-family: inherit; font-size: inherit;\">Nur f\u00fcr Jg. 2010 und \u00e4lter. Der Wettkampf findet ab 17 Uhr statt.<\/span><\/td>\n<td style=\"width: 16.6667%; height: 57px;\">&nbsp;27.04.22<\/td>\n<\/tr>\n<tr style=\"height: 23px;\">\n<td style=\"width: 20.3571%; height: 23px;\">Samstag, 28. Mai 2022<\/td>\n<td style=\"width: 27.4999%; height: 23px;\">UBS Kids Cup, Ostermundigen<\/td>\n<td style=\"width: 35.4763%; height: 23px;\">Jg. 2007 und j\u00fcnger. 3-Kampf (60m, Weit, Ball) mit der M\u00f6glichkeit, sich f\u00fcr den Berner Kantonalfinal zu qualifizieren, der am So., 4.9.2022 stattfinden wird. Der Wettkampf findet ganzt\u00e4gig statt.<\/td>\n<td style=\"width: 16.6667%; height: 23px;\">&nbsp;08.05.22<\/td>\n<\/tr>\n<tr style=\"height: 23px;\">\n<td style=\"width: 20.3571%; height: 23px;\">Sa.\/So. 11.\/12. Juni 2022<\/td>\n<td style=\"width: 27.4999%; height: 23px;\">Kantonale Meisterschaften (inkl. Staffelmeisterschaften), Thun<\/td>\n<td style=\"width: 35.4763%; height: 23px;\">Samstag: U16 (2007\/2008) \/ Sonntag: U14 (2009\/2010) + U12 (2011\/2012) + U10 (2013\/2013). Disziplinen nach Wahl (max. 3, exkl. Staffel \u2013 sep. Doodle folgt); Kids-Lizenz Bedingung. Kids-Lizenz muss vorhanden sein.<\/td>\n<td style=\"width: 16.6667%; height: 23px;\">22.05.22<\/td>\n<\/tr>\n<tr style=\"height: 23px;\">\n<td style=\"width: 20.3571%; height: 23px;\">Samstag, 25. Juni 2022<\/td>\n<td style=\"width: 27.4999%; height: 23px;\">UBS Kids Cup, Langenthal<\/td>\n<td style=\"width: 35.4763%; height: 23px;\">&nbsp;Jg. 2007 und j\u00fcnger. 3-Kampf (60m, Weit, Ball) mit der M\u00f6glichkeit, sich f\u00fcr den Berner Kantonalfinal zu qualifizieren, der am So., 4.9.2022 stattfinden wird. Der Wettkampf findet ganzt\u00e4gig statt.<\/td>\n<td style=\"width: 16.6667%; height: 23px;\">11.06.22<\/td>\n<\/tr>\n<tr style=\"height: 23px;\">\n<td style=\"width: 20.3571%; height: 23px;\">Sonntag, 26. Juni 2022<\/td>\n<td style=\"width: 27.4999%; height: 23px;\">Murilouf,&nbsp; Muri b. Bern<\/td>\n<td style=\"width: 35.4763%; height: 23px;\">Strassenlauf \u00fcber 1.8 km (Jg. 2014 und \u00e4lter) resp. 900m (Jg. 2015 und j\u00fcnger). Der Wettkampf findet nachmittags statt.<\/td>\n<td style=\"width: 16.6667%; height: 23px;\">11.06.22<\/td>\n<\/tr>\n<tr style=\"height: 23px;\">\n<td style=\"width: 20.3571%; height: 23px;\">Samstag, 02. Juli 2022<\/td>\n<td style=\"width: 27.4999%; height: 23px;\">UBS Kids Cup, Bolligen<\/td>\n<td style=\"width: 35.4763%; height: 23px;\">Jg. 2007 und j\u00fcnger. 3-Kampf (60m, Weit, Ball) mit der M\u00f6glichkeit, sich f\u00fcr den Berner Kantonalfinal zu qualifizieren, der am So., 4.9.2022 stattfinden wird. Der Wettkampf findet ganzt\u00e4gig statt.<\/td>\n<td style=\"width: 16.6667%; height: 23px;\">19.06.22<\/td>\n<\/tr>\n<tr>\n<td style=\"width: 20.3571%;\">Sonntag, 03. Juli 2022<\/td>\n<td style=\"width: 27.4999%;\">Kantonalfinal Sprint, Kirchberg<\/td>\n<td style=\"width: 35.4763%;\">F\u00fcr diejenigen, die sich am Schn\u00e4uschte Mittul\u00e4nder qualifziert haben. Die Anmeldung erfolg<\/td>\n<td style=\"width: 16.6667%;\">Die Anmeldung erfolgt durch die Kids direkt; wir werden aber den Wettkampf betreuen.<\/td>\n<\/tr>\n<\/tbody>\n<\/table>\n<p>Bitte beachtet den Anmeldeschluss. Zu sp\u00e4t eingereichte Anmeldungen werden nicht ber\u00fccksichtigt!<\/p>\n<p><strong>Zusatztrainings f\u00fcr U14-Wettkampfkids (Jg. 2010 und \u00e4lter) zuz\u00fcglich Kids mit Jg. 2011 welche sich 2021 f\u00fcr einen Kantonalfinal (Sprint, 3-Kampf, 1000m) qualifizieren konnten (<a href=\"https:\/\/doodle.com\/meeting\/participate\/id\/mep4R2pe\/vote\">zur Anmeldung f\u00fcr die Zusatztrainings (Doodle) (bitte klicken)<\/a>)<\/strong><\/p>\n<p>Am Samstag, 30. April, Samstag, 21. Mai 2022 und Samstag, 4. Juni jeweils von 09.30 \u2013 11.15 Uhr bieten wir den Wettkampf-Kids ab U14 (Jg. 2010 und \u00e4lter) zzgl. Kids mit Jg. 2011, welche sich im vergangenen Jahr f\u00fcr einen Kantonalfinal (Sprint, 3-Kampf und\/oder 1000m qualifizieren konnten, ein Zusatztraining an (Inhalt: v.a. Hoch, H\u00fcrden, Staffel)<\/p>\n","protected":false},"excerpt":{"rendered":"<p>Nachstehend findet ihr Doodle-Links zu den Anmeldungen f\u00fcr die LA-Wettk\u00e4mpfe und Zusatztrainings bis zu den Sommerferien 2022. Wettk\u00e4mpfe (zur Anmeldung f\u00fcr die Wettk\u00e4mpfe (Doodle) (bitte klicken)) Hier die Wettk\u00e4mpfe bis zu den Sommerferien in der \u00dcbersicht: Datum Anlass, Ort Jahrg\u00e4nge, Startzeiten und weitere Details Anmeldeschluss Samstag, 30. April 2022&nbsp; Ch\u00e4sitzer-Louf; Kehrsatz Jg. 2012 und j\u00fcnger: [&hellip;]<\/p>\n","protected":false},"author":16,"featured_media":21218,"comment_status":"closed","ping_status":"closed","sticky":false,"template":"","format":"standard","meta":{"_et_pb_use_builder":"","_et_pb_old_content":"","_et_gb_content_width":"","ngg_post_thumbnail":0,"jetpack_post_was_ever_published":false,"_jetpack_newsletter_access":"","_jetpack_dont_email_post_to_subs":false,"_jetpack_newsletter_tier_id":0,"_jetpack_memberships_contains_paywalled_content":false,"_jetpack_memberships_contains_paid_content":false,"footnotes":"","jetpack_publicize_message":"","jetpack_publicize_feature_enabled":true,"jetpack_social_post_already_shared":true,"jetpack_social_options":{"image_generator_settings":{"template":"highway","enabled":false},"version":2}},"categories":[12],"tags":[],"class_list":["post-22443","post","type-post","status-publish","format-standard","has-post-thumbnail","hentry","category-la"],"yoast_head":"<!-- This site is optimized with the Yoast SEO plugin v25.1 - https:\/\/yoast.com\/wordpress\/plugins\/seo\/ -->\n<title>Anmeldung LA-Wettk\u00e4mpfe und Zusatztrainings bis zu den Sommerferien - Turnverein Bolligen<\/title>\n<meta name=\"robots\" content=\"index, follow, max-snippet:-1, max-image-preview:large, max-video-preview:-1\" \/>\n<link rel=\"canonical\" href=\"https:\/\/www.tvbolligen.ch\/site\/anmeldung-la-wettkaempfe-und-zusatztrainings-bis-zu-den-sommerferien\/\" \/>\n<meta property=\"og:locale\" content=\"de_DE\" \/>\n<meta property=\"og:type\" content=\"article\" \/>\n<meta property=\"og:title\" content=\"Anmeldung LA-Wettk\u00e4mpfe und Zusatztrainings bis zu den Sommerferien - Turnverein Bolligen\" \/>\n<meta property=\"og:description\" content=\"Nachstehend findet ihr Doodle-Links zu den Anmeldungen f\u00fcr die LA-Wettk\u00e4mpfe und Zusatztrainings bis zu den Sommerferien 2022. Wettk\u00e4mpfe (zur Anmeldung f\u00fcr die Wettk\u00e4mpfe (Doodle) (bitte klicken)) Hier die Wettk\u00e4mpfe bis zu den Sommerferien in der \u00dcbersicht: Datum Anlass, Ort Jahrg\u00e4nge, Startzeiten und weitere Details Anmeldeschluss Samstag, 30. April 2022&nbsp; Ch\u00e4sitzer-Louf; Kehrsatz Jg. 2012 und j\u00fcnger: [&hellip;]\" \/>\n<meta property=\"og:url\" content=\"https:\/\/www.tvbolligen.ch\/site\/anmeldung-la-wettkaempfe-und-zusatztrainings-bis-zu-den-sommerferien\/\" \/>\n<meta property=\"og:site_name\" content=\"Turnverein Bolligen\" \/>\n<meta property=\"article:published_time\" content=\"2022-03-30T19:34:26+00:00\" \/>\n<meta property=\"og:image\" content=\"https:\/\/www.tvbolligen.ch\/site\/wp-content\/uploads\/Gruppenfoto-2.jpg\" \/>\n\t<meta property=\"og:image:width\" content=\"1280\" \/>\n\t<meta property=\"og:image:height\" content=\"960\" \/>\n\t<meta property=\"og:image:type\" content=\"image\/jpeg\" \/>\n<meta name=\"author\" content=\"Christoph Stadelmann\" \/>\n<meta name=\"twitter:card\" content=\"summary_large_image\" \/>\n<meta name=\"twitter:label1\" content=\"Verfasst von\" \/>\n\t<meta name=\"twitter:data1\" content=\"Christoph Stadelmann\" \/>\n\t<meta name=\"twitter:label2\" content=\"Gesch\u00e4tzte Lesezeit\" \/>\n\t<meta name=\"twitter:data2\" content=\"3\u00a0Minuten\" \/>\n<script type=\"application\/ld+json\" class=\"yoast-schema-graph\">{\"@context\":\"https:\/\/schema.org\",\"@graph\":[{\"@type\":\"Article\",\"@id\":\"https:\/\/www.tvbolligen.ch\/site\/anmeldung-la-wettkaempfe-und-zusatztrainings-bis-zu-den-sommerferien\/#article\",\"isPartOf\":{\"@id\":\"https:\/\/www.tvbolligen.ch\/site\/anmeldung-la-wettkaempfe-und-zusatztrainings-bis-zu-den-sommerferien\/\"},\"author\":{\"name\":\"Christoph Stadelmann\",\"@id\":\"https:\/\/www.tvbolligen.ch\/site\/#\/schema\/person\/cf2ff3d29907f0355f91f6838672eaf4\"},\"headline\":\"Anmeldung LA-Wettk\u00e4mpfe und Zusatztrainings bis zu den Sommerferien\",\"datePublished\":\"2022-03-30T19:34:26+00:00\",\"mainEntityOfPage\":{\"@id\":\"https:\/\/www.tvbolligen.ch\/site\/anmeldung-la-wettkaempfe-und-zusatztrainings-bis-zu-den-sommerferien\/\"},\"wordCount\":472,\"publisher\":{\"@id\":\"https:\/\/www.tvbolligen.ch\/site\/#organization\"},\"image\":{\"@id\":\"https:\/\/www.tvbolligen.ch\/site\/anmeldung-la-wettkaempfe-und-zusatztrainings-bis-zu-den-sommerferien\/#primaryimage\"},\"thumbnailUrl\":\"https:\/\/i0.wp.com\/www.tvbolligen.ch\/site\/wp-content\/uploads\/Gruppenfoto-2.jpg?fit=1280%2C960&ssl=1\",\"articleSection\":[\"LA\"],\"inLanguage\":\"de\"},{\"@type\":\"WebPage\",\"@id\":\"https:\/\/www.tvbolligen.ch\/site\/anmeldung-la-wettkaempfe-und-zusatztrainings-bis-zu-den-sommerferien\/\",\"url\":\"https:\/\/www.tvbolligen.ch\/site\/anmeldung-la-wettkaempfe-und-zusatztrainings-bis-zu-den-sommerferien\/\",\"name\":\"Anmeldung LA-Wettk\u00e4mpfe und Zusatztrainings bis zu den Sommerferien - Turnverein Bolligen\",\"isPartOf\":{\"@id\":\"https:\/\/www.tvbolligen.ch\/site\/#website\"},\"primaryImageOfPage\":{\"@id\":\"https:\/\/www.tvbolligen.ch\/site\/anmeldung-la-wettkaempfe-und-zusatztrainings-bis-zu-den-sommerferien\/#primaryimage\"},\"image\":{\"@id\":\"https:\/\/www.tvbolligen.ch\/site\/anmeldung-la-wettkaempfe-und-zusatztrainings-bis-zu-den-sommerferien\/#primaryimage\"},\"thumbnailUrl\":\"https:\/\/i0.wp.com\/www.tvbolligen.ch\/site\/wp-content\/uploads\/Gruppenfoto-2.jpg?fit=1280%2C960&ssl=1\",\"datePublished\":\"2022-03-30T19:34:26+00:00\",\"breadcrumb\":{\"@id\":\"https:\/\/www.tvbolligen.ch\/site\/anmeldung-la-wettkaempfe-und-zusatztrainings-bis-zu-den-sommerferien\/#breadcrumb\"},\"inLanguage\":\"de\",\"potentialAction\":[{\"@type\":\"ReadAction\",\"target\":[\"https:\/\/www.tvbolligen.ch\/site\/anmeldung-la-wettkaempfe-und-zusatztrainings-bis-zu-den-sommerferien\/\"]}]},{\"@type\":\"ImageObject\",\"inLanguage\":\"de\",\"@id\":\"https:\/\/www.tvbolligen.ch\/site\/anmeldung-la-wettkaempfe-und-zusatztrainings-bis-zu-den-sommerferien\/#primaryimage\",\"url\":\"https:\/\/i0.wp.com\/www.tvbolligen.ch\/site\/wp-content\/uploads\/Gruppenfoto-2.jpg?fit=1280%2C960&ssl=1\",\"contentUrl\":\"https:\/\/i0.wp.com\/www.tvbolligen.ch\/site\/wp-content\/uploads\/Gruppenfoto-2.jpg?fit=1280%2C960&ssl=1\",\"width\":1280,\"height\":960},{\"@type\":\"BreadcrumbList\",\"@id\":\"https:\/\/www.tvbolligen.ch\/site\/anmeldung-la-wettkaempfe-und-zusatztrainings-bis-zu-den-sommerferien\/#breadcrumb\",\"itemListElement\":[{\"@type\":\"ListItem\",\"position\":1,\"name\":\"Home\",\"item\":\"https:\/\/www.tvbolligen.ch\/site\/\"},{\"@type\":\"ListItem\",\"position\":2,\"name\":\"Anmeldung LA-Wettk\u00e4mpfe und Zusatztrainings bis zu den Sommerferien\"}]},{\"@type\":\"WebSite\",\"@id\":\"https:\/\/www.tvbolligen.ch\/site\/#website\",\"url\":\"https:\/\/www.tvbolligen.ch\/site\/\",\"name\":\"Turnverein Bolligen\",\"description\":\"Sport f\u00fcr Jung und Alt in Bolligen\",\"publisher\":{\"@id\":\"https:\/\/www.tvbolligen.ch\/site\/#organization\"},\"potentialAction\":[{\"@type\":\"SearchAction\",\"target\":{\"@type\":\"EntryPoint\",\"urlTemplate\":\"https:\/\/www.tvbolligen.ch\/site\/?s={search_term_string}\"},\"query-input\":{\"@type\":\"PropertyValueSpecification\",\"valueRequired\":true,\"valueName\":\"search_term_string\"}}],\"inLanguage\":\"de\"},{\"@type\":\"Organization\",\"@id\":\"https:\/\/www.tvbolligen.ch\/site\/#organization\",\"name\":\"Turnverein Bolligen\",\"url\":\"https:\/\/www.tvbolligen.ch\/site\/\",\"logo\":{\"@type\":\"ImageObject\",\"inLanguage\":\"de\",\"@id\":\"https:\/\/www.tvbolligen.ch\/site\/#\/schema\/logo\/image\/\",\"url\":\"https:\/\/i0.wp.com\/www.tvbolligen.ch\/site\/wp-content\/uploads\/2015\/12\/Logo_TV_mittel.png?fit=1000%2C303&ssl=1\",\"contentUrl\":\"https:\/\/i0.wp.com\/www.tvbolligen.ch\/site\/wp-content\/uploads\/2015\/12\/Logo_TV_mittel.png?fit=1000%2C303&ssl=1\",\"width\":1000,\"height\":303,\"caption\":\"Turnverein Bolligen\"},\"image\":{\"@id\":\"https:\/\/www.tvbolligen.ch\/site\/#\/schema\/logo\/image\/\"}},{\"@type\":\"Person\",\"@id\":\"https:\/\/www.tvbolligen.ch\/site\/#\/schema\/person\/cf2ff3d29907f0355f91f6838672eaf4\",\"name\":\"Christoph Stadelmann\",\"image\":{\"@type\":\"ImageObject\",\"inLanguage\":\"de\",\"@id\":\"https:\/\/www.tvbolligen.ch\/site\/#\/schema\/person\/image\/\",\"url\":\"https:\/\/secure.gravatar.com\/avatar\/eb36e22abc5edb516c894c982c651ddde21b1dc17f96bef394f2f54c3f96d06d?s=96&d=mm&r=g\",\"contentUrl\":\"https:\/\/secure.gravatar.com\/avatar\/eb36e22abc5edb516c894c982c651ddde21b1dc17f96bef394f2f54c3f96d06d?s=96&d=mm&r=g\",\"caption\":\"Christoph Stadelmann\"},\"url\":\"https:\/\/www.tvbolligen.ch\/site\/author\/stadli\/\"}]}<\/script>\n<!-- \/ Yoast SEO plugin. -->","yoast_head_json":{"title":"Anmeldung LA-Wettk\u00e4mpfe und Zusatztrainings bis zu den Sommerferien - Turnverein Bolligen","robots":{"index":"index","follow":"follow","max-snippet":"max-snippet:-1","max-image-preview":"max-image-preview:large","max-video-preview":"max-video-preview:-1"},"canonical":"https:\/\/www.tvbolligen.ch\/site\/anmeldung-la-wettkaempfe-und-zusatztrainings-bis-zu-den-sommerferien\/","og_locale":"de_DE","og_type":"article","og_title":"Anmeldung LA-Wettk\u00e4mpfe und Zusatztrainings bis zu den Sommerferien - Turnverein Bolligen","og_description":"Nachstehend findet ihr Doodle-Links zu den Anmeldungen f\u00fcr die LA-Wettk\u00e4mpfe und Zusatztrainings bis zu den Sommerferien 2022. Wettk\u00e4mpfe (zur Anmeldung f\u00fcr die Wettk\u00e4mpfe (Doodle) (bitte klicken)) Hier die Wettk\u00e4mpfe bis zu den Sommerferien in der \u00dcbersicht: Datum Anlass, Ort Jahrg\u00e4nge, Startzeiten und weitere Details Anmeldeschluss Samstag, 30. April 2022&nbsp; Ch\u00e4sitzer-Louf; Kehrsatz Jg. 2012 und j\u00fcnger: [&hellip;]","og_url":"https:\/\/www.tvbolligen.ch\/site\/anmeldung-la-wettkaempfe-und-zusatztrainings-bis-zu-den-sommerferien\/","og_site_name":"Turnverein Bolligen","article_published_time":"2022-03-30T19:34:26+00:00","og_image":[{"width":1280,"height":960,"url":"https:\/\/www.tvbolligen.ch\/site\/wp-content\/uploads\/Gruppenfoto-2.jpg","type":"image\/jpeg"}],"author":"Christoph Stadelmann","twitter_card":"summary_large_image","twitter_misc":{"Verfasst von":"Christoph Stadelmann","Gesch\u00e4tzte Lesezeit":"3\u00a0Minuten"},"schema":{"@context":"https:\/\/schema.org","@graph":[{"@type":"Article","@id":"https:\/\/www.tvbolligen.ch\/site\/anmeldung-la-wettkaempfe-und-zusatztrainings-bis-zu-den-sommerferien\/#article","isPartOf":{"@id":"https:\/\/www.tvbolligen.ch\/site\/anmeldung-la-wettkaempfe-und-zusatztrainings-bis-zu-den-sommerferien\/"},"author":{"name":"Christoph Stadelmann","@id":"https:\/\/www.tvbolligen.ch\/site\/#\/schema\/person\/cf2ff3d29907f0355f91f6838672eaf4"},"headline":"Anmeldung LA-Wettk\u00e4mpfe und Zusatztrainings bis zu den Sommerferien","datePublished":"2022-03-30T19:34:26+00:00","mainEntityOfPage":{"@id":"https:\/\/www.tvbolligen.ch\/site\/anmeldung-la-wettkaempfe-und-zusatztrainings-bis-zu-den-sommerferien\/"},"wordCount":472,"publisher":{"@id":"https:\/\/www.tvbolligen.ch\/site\/#organization"},"image":{"@id":"https:\/\/www.tvbolligen.ch\/site\/anmeldung-la-wettkaempfe-und-zusatztrainings-bis-zu-den-sommerferien\/#primaryimage"},"thumbnailUrl":"https:\/\/i0.wp.com\/www.tvbolligen.ch\/site\/wp-content\/uploads\/Gruppenfoto-2.jpg?fit=1280%2C960&ssl=1","articleSection":["LA"],"inLanguage":"de"},{"@type":"WebPage","@id":"https:\/\/www.tvbolligen.ch\/site\/anmeldung-la-wettkaempfe-und-zusatztrainings-bis-zu-den-sommerferien\/","url":"https:\/\/www.tvbolligen.ch\/site\/anmeldung-la-wettkaempfe-und-zusatztrainings-bis-zu-den-sommerferien\/","name":"Anmeldung LA-Wettk\u00e4mpfe und Zusatztrainings bis zu den Sommerferien - Turnverein Bolligen","isPartOf":{"@id":"https:\/\/www.tvbolligen.ch\/site\/#website"},"primaryImageOfPage":{"@id":"https:\/\/www.tvbolligen.ch\/site\/anmeldung-la-wettkaempfe-und-zusatztrainings-bis-zu-den-sommerferien\/#primaryimage"},"image":{"@id":"https:\/\/www.tvbolligen.ch\/site\/anmeldung-la-wettkaempfe-und-zusatztrainings-bis-zu-den-sommerferien\/#primaryimage"},"thumbnailUrl":"https:\/\/i0.wp.com\/www.tvbolligen.ch\/site\/wp-content\/uploads\/Gruppenfoto-2.jpg?fit=1280%2C960&ssl=1","datePublished":"2022-03-30T19:34:26+00:00","breadcrumb":{"@id":"https:\/\/www.tvbolligen.ch\/site\/anmeldung-la-wettkaempfe-und-zusatztrainings-bis-zu-den-sommerferien\/#breadcrumb"},"inLanguage":"de","potentialAction":[{"@type":"ReadAction","target":["https:\/\/www.tvbolligen.ch\/site\/anmeldung-la-wettkaempfe-und-zusatztrainings-bis-zu-den-sommerferien\/"]}]},{"@type":"ImageObject","inLanguage":"de","@id":"https:\/\/www.tvbolligen.ch\/site\/anmeldung-la-wettkaempfe-und-zusatztrainings-bis-zu-den-sommerferien\/#primaryimage","url":"https:\/\/i0.wp.com\/www.tvbolligen.ch\/site\/wp-content\/uploads\/Gruppenfoto-2.jpg?fit=1280%2C960&ssl=1","contentUrl":"https:\/\/i0.wp.com\/www.tvbolligen.ch\/site\/wp-content\/uploads\/Gruppenfoto-2.jpg?fit=1280%2C960&ssl=1","width":1280,"height":960},{"@type":"BreadcrumbList","@id":"https:\/\/www.tvbolligen.ch\/site\/anmeldung-la-wettkaempfe-und-zusatztrainings-bis-zu-den-sommerferien\/#breadcrumb","itemListElement":[{"@type":"ListItem","position":1,"name":"Home","item":"https:\/\/www.tvbolligen.ch\/site\/"},{"@type":"ListItem","position":2,"name":"Anmeldung LA-Wettk\u00e4mpfe und Zusatztrainings bis zu den Sommerferien"}]},{"@type":"WebSite","@id":"https:\/\/www.tvbolligen.ch\/site\/#website","url":"https:\/\/www.tvbolligen.ch\/site\/","name":"Turnverein Bolligen","description":"Sport f\u00fcr Jung und Alt in Bolligen","publisher":{"@id":"https:\/\/www.tvbolligen.ch\/site\/#organization"},"potentialAction":[{"@type":"SearchAction","target":{"@type":"EntryPoint","urlTemplate":"https:\/\/www.tvbolligen.ch\/site\/?s={search_term_string}"},"query-input":{"@type":"PropertyValueSpecification","valueRequired":true,"valueName":"search_term_string"}}],"inLanguage":"de"},{"@type":"Organization","@id":"https:\/\/www.tvbolligen.ch\/site\/#organization","name":"Turnverein Bolligen","url":"https:\/\/www.tvbolligen.ch\/site\/","logo":{"@type":"ImageObject","inLanguage":"de","@id":"https:\/\/www.tvbolligen.ch\/site\/#\/schema\/logo\/image\/","url":"https:\/\/i0.wp.com\/www.tvbolligen.ch\/site\/wp-content\/uploads\/2015\/12\/Logo_TV_mittel.png?fit=1000%2C303&ssl=1","contentUrl":"https:\/\/i0.wp.com\/www.tvbolligen.ch\/site\/wp-content\/uploads\/2015\/12\/Logo_TV_mittel.png?fit=1000%2C303&ssl=1","width":1000,"height":303,"caption":"Turnverein Bolligen"},"image":{"@id":"https:\/\/www.tvbolligen.ch\/site\/#\/schema\/logo\/image\/"}},{"@type":"Person","@id":"https:\/\/www.tvbolligen.ch\/site\/#\/schema\/person\/cf2ff3d29907f0355f91f6838672eaf4","name":"Christoph Stadelmann","image":{"@type":"ImageObject","inLanguage":"de","@id":"https:\/\/www.tvbolligen.ch\/site\/#\/schema\/person\/image\/","url":"https:\/\/secure.gravatar.com\/avatar\/eb36e22abc5edb516c894c982c651ddde21b1dc17f96bef394f2f54c3f96d06d?s=96&d=mm&r=g","contentUrl":"https:\/\/secure.gravatar.com\/avatar\/eb36e22abc5edb516c894c982c651ddde21b1dc17f96bef394f2f54c3f96d06d?s=96&d=mm&r=g","caption":"Christoph Stadelmann"},"url":"https:\/\/www.tvbolligen.ch\/site\/author\/stadli\/"}]}},"jetpack_publicize_connections":[],"jetpack_featured_media_url":"https:\/\/i0.wp.com\/www.tvbolligen.ch\/site\/wp-content\/uploads\/Gruppenfoto-2.jpg?fit=1280%2C960&ssl=1","jetpack_sharing_enabled":true,"jetpack_shortlink":"https:\/\/wp.me\/p751GT-5PZ","_links":{"self":[{"href":"https:\/\/www.tvbolligen.ch\/site\/wp-json\/wp\/v2\/posts\/22443","targetHints":{"allow":["GET"]}}],"collection":[{"href":"https:\/\/www.tvbolligen.ch\/site\/wp-json\/wp\/v2\/posts"}],"about":[{"href":"https:\/\/www.tvbolligen.ch\/site\/wp-json\/wp\/v2\/types\/post"}],"author":[{"embeddable":true,"href":"https:\/\/www.tvbolligen.ch\/site\/wp-json\/wp\/v2\/users\/16"}],"replies":[{"embeddable":true,"href":"https:\/\/www.tvbolligen.ch\/site\/wp-json\/wp\/v2\/comments?post=22443"}],"version-history":[{"count":4,"href":"https:\/\/www.tvbolligen.ch\/site\/wp-json\/wp\/v2\/posts\/22443\/revisions"}],"predecessor-version":[{"id":22447,"href":"https:\/\/www.tvbolligen.ch\/site\/wp-json\/wp\/v2\/posts\/22443\/revisions\/22447"}],"wp:featuredmedia":[{"embeddable":true,"href":"https:\/\/www.tvbolligen.ch\/site\/wp-json\/wp\/v2\/media\/21218"}],"wp:attachment":[{"href":"https:\/\/www.tvbolligen.ch\/site\/wp-json\/wp\/v2\/media?parent=22443"}],"wp:term":[{"taxonomy":"category","embeddable":true,"href":"https:\/\/www.tvbolligen.ch\/site\/wp-json\/wp\/v2\/categories?post=22443"},{"taxonomy":"post_tag","embeddable":true,"href":"https:\/\/www.tvbolligen.ch\/site\/wp-json\/wp\/v2\/tags?post=22443"}],"curies":[{"name":"wp","href":"https:\/\/api.w.org\/{rel}","templated":true}]}}