{"id":23600,"date":"2023-10-29T16:24:44","date_gmt":"2023-10-29T15:24:44","guid":{"rendered":"https:\/\/www.tvbolligen.ch\/site\/?p=23600"},"modified":"2023-10-29T16:24:44","modified_gmt":"2023-10-29T15:24:44","slug":"bremgartenlauf-tagessieg-und-diverse-podestplaetze-fuer-superstarke-bolliger-athletinnen","status":"publish","type":"post","link":"https:\/\/www.tvbolligen.ch\/site\/bremgartenlauf-tagessieg-und-diverse-podestplaetze-fuer-superstarke-bolliger-athletinnen\/","title":{"rendered":"Bremgartenlauf &#8211; Tagessieg und diverse Podestpl\u00e4tze f\u00fcr \u00absuperstarke\u00bb Bolliger Athlet:innen"},"content":{"rendered":"<p>Der Herbst hat sich von seiner sch\u00f6nsten Seite gezeigt und so fanden die Rennen bei perfekten \u00e4usseren Bedingungen statt. Mit 23 Athlet:innen haben wir in verschiedenen Kategorien m\u00e4chtig f\u00fcr Furore gesorgt.<\/p>\n<h4>Timur Gut mit Tagessieg bei den Giele XL (2009 \/ 2010)<\/h4>\n<p>Drei Athleten von TV Bolligen sind bei den Giele XL gestartet. Es galt die Distanz von 2,5km zu absolvieren. Die Strecke f\u00fchrt zu grossem Teil \u00fcber Asphalt, hat aber auch eine wellige Wiesenwegpassage zu bieten. In einer super Zeit von 8:56 Min konnte sich Timur Gut den Tagessieg sichern. Das Podest komplettiert Hendrik Stadelmann, welcher in 09:10 Min ebenfalls eine Topzeit l\u00e4uft und sich den dritten Platz holt. Mit ebenfalls starken 09:21 Min weiss auch Dominik Ludwig zu \u00fcberzeugen und erl\u00e4uft sich damit den 6. Rang.<\/p>\n<h4>Weitere Podestpl\u00e4tze bei den Gielen<\/h4>\n<p>Ben Joho schrammt knapp am Overall-Tagessieg vorbei. Nur 7 Sekunden fehlten ihm auf den Tagesschnellsten Roulet Adrien, welcher extra von Yverdon angereist ist. In guten 8:49 Min konnte sich Ben den tollen zweiten Rang bei den Giele XXL (2007 \/ 2008) erlaufen. Ebenfalls die 2,5km hat Cedric Stadelmann absolviert und in 11:12 Min bei den Giele maxi (2011 \/ 2012) den 16. Platz erlaufen.<\/p>\n<p>Auch bei den Giele midi (2013 \/ 2014) waren die Bolliger Athleten \u00e4usserst erfolgreich. In dieser Kategorie galt es zwei Runden durch das Quartier zu absolvieren (1,6 km). Simon Hari konnte sich in starken 4:31 Min einen Podestplatz erk\u00e4mpfen (Rang 3). Fabio Reber (4:43 Min \/ Rang 10), Fabian Ludwig (5:21 Min \/ Rang 36) sowie Andrin Hauser (6:17 Min \/ Rang 66) komplettieren das starke Gesamtergebnis.<\/p>\n<p>Ebenfalls 1,6km galt es bei den Giele mini (2015 \/ 2016) zu absolvieren. Mit Luis Kn\u00f6pfel durften wir uns auch hier \u00fcber einen Podestplatz freuen. In schnellen 4:48 Min sichert sich Luis den 3. Platz von 81 Teilnehmer.<\/p>\n<h4>Auch die Modis wissen zu \u00fcberzeugen<\/h4>\n<p>Bei den Modis midi (1,6 km &#8211; 2013 \/ 2014) haben wir mit 8 Athletinnen das gr\u00f6sste Team gestellt. Mit Ava D\u00e4llenbach konnten wir uns auch hier \u00fcber einen Podestplatz freuen. In starken 4:42 Min hat sie sich den 3. Platz gesichert. Nur zwei Sekunden dahinter (4:44 Min) folgt Emma Joho (Rang 4). Ebenfalls in die Top Ten hat es Nora Kn\u00f6pfel geschafft. In 5:02 Min l\u00e4uft sie auf den tollen 9. Rang. Liv Schafer (5:06 Min \/ Rang 13), Lucia Hug (5:24 Min \/ Rang 21), L\u00e9onie Stadelmann (5:34 Min \/ Rang 28), Chlo\u00e9 Gammeter (5:34 Min \/ Rang 29), Ella Gribi (5:35 Min \/ Rang 30) rangieren sich alle in der 1. Ranglistenh\u00e4lfte und komplettieren das super Gesamtergebnis.<\/p>\n<p>Auch bei den Modis maxi (2,5 km \u2013 2011 \/ 2012) haben wir mit 5 Athletinnen das Rennen mitgestaltet. In 10:25 Min konnte sich Joana Kn\u00f6pfel den tollen 11. Rang erlaufen. Mira Gut (10:52 Min \/ Rang 13), Valerie Kilchenmann (11:26 Min \/ Rang 17), Na\u00eblle Mange (11:48 Min \/ Rang 24), Maiia Fridmann (13:15 Min \/ Rang 32) komplettieren auch hier das gute Teamergebnis.<\/p>\n<p>Zu guter Letzt konnten wir uns \u00fcber den tollen 9. Rang von Flurina Hari bei den Modi XL (2,5km \u2013 2009 \/ 2010) freuen. Sie lief die Runde in 11:28 Min.<\/p>\n<p>Es ist eine Freude den Kids bei den verschiedenen L\u00e4ufen zuzuschauen und sie anzufeuern. Der Zusammenhalt untereinander ist \u00abMEGA\u00bb. Wir sind stolz auf diese tolle Truppe!<\/p>\n<p>(Bericht: Markus Joho)<\/p>\nngg_shortcode_0_placeholder\n","protected":false},"excerpt":{"rendered":"<p>Der Herbst hat sich von seiner sch\u00f6nsten Seite gezeigt und so fanden die Rennen bei perfekten \u00e4usseren Bedingungen statt. Mit 23 Athlet:innen haben wir in verschiedenen Kategorien m\u00e4chtig f\u00fcr Furore gesorgt. Timur Gut mit Tagessieg bei den Giele XL (2009 \/ 2010) Drei Athleten von TV Bolligen sind bei den Giele XL gestartet. Es galt [&hellip;]<\/p>\n","protected":false},"author":23,"featured_media":23601,"comment_status":"closed","ping_status":"closed","sticky":false,"template":"","format":"standard","meta":{"_et_pb_use_builder":"","_et_pb_old_content":"","_et_gb_content_width":"","ngg_post_thumbnail":0,"jetpack_post_was_ever_published":false,"_jetpack_newsletter_access":"","_jetpack_dont_email_post_to_subs":false,"_jetpack_newsletter_tier_id":0,"_jetpack_memberships_contains_paywalled_content":false,"_jetpack_memberships_contains_paid_content":false,"footnotes":"","jetpack_publicize_message":"","jetpack_publicize_feature_enabled":true,"jetpack_social_post_already_shared":true,"jetpack_social_options":{"image_generator_settings":{"template":"highway","enabled":false},"version":2}},"categories":[1,12],"tags":[],"class_list":["post-23600","post","type-post","status-publish","format-standard","has-post-thumbnail","hentry","category-hauptverein","category-la"],"yoast_head":"<!-- This site is optimized with the Yoast SEO plugin v25.1 - https:\/\/yoast.com\/wordpress\/plugins\/seo\/ -->\n<title>Bremgartenlauf - Tagessieg und diverse Podestpl\u00e4tze f\u00fcr \u00absuperstarke\u00bb Bolliger Athlet:innen - Turnverein Bolligen<\/title>\n<meta name=\"robots\" content=\"index, follow, max-snippet:-1, max-image-preview:large, max-video-preview:-1\" \/>\n<link rel=\"canonical\" href=\"https:\/\/www.tvbolligen.ch\/site\/bremgartenlauf-tagessieg-und-diverse-podestplaetze-fuer-superstarke-bolliger-athletinnen\/\" \/>\n<meta property=\"og:locale\" content=\"de_DE\" \/>\n<meta property=\"og:type\" content=\"article\" \/>\n<meta property=\"og:title\" content=\"Bremgartenlauf - Tagessieg und diverse Podestpl\u00e4tze f\u00fcr \u00absuperstarke\u00bb Bolliger Athlet:innen - Turnverein Bolligen\" \/>\n<meta property=\"og:description\" content=\"Der Herbst hat sich von seiner sch\u00f6nsten Seite gezeigt und so fanden die Rennen bei perfekten \u00e4usseren Bedingungen statt. Mit 23 Athlet:innen haben wir in verschiedenen Kategorien m\u00e4chtig f\u00fcr Furore gesorgt. Timur Gut mit Tagessieg bei den Giele XL (2009 \/ 2010) Drei Athleten von TV Bolligen sind bei den Giele XL gestartet. Es galt [&hellip;]\" \/>\n<meta property=\"og:url\" content=\"https:\/\/www.tvbolligen.ch\/site\/bremgartenlauf-tagessieg-und-diverse-podestplaetze-fuer-superstarke-bolliger-athletinnen\/\" \/>\n<meta property=\"og:site_name\" content=\"Turnverein Bolligen\" \/>\n<meta property=\"article:published_time\" content=\"2023-10-29T15:24:44+00:00\" \/>\n<meta property=\"og:image\" content=\"https:\/\/www.tvbolligen.ch\/site\/wp-content\/uploads\/20231022_130540-scaled.jpg\" \/>\n\t<meta property=\"og:image:width\" content=\"2560\" \/>\n\t<meta property=\"og:image:height\" content=\"1920\" \/>\n\t<meta property=\"og:image:type\" content=\"image\/jpeg\" \/>\n<meta name=\"author\" content=\"Marc Stadelmann\" \/>\n<meta name=\"twitter:card\" content=\"summary_large_image\" \/>\n<meta name=\"twitter:label1\" content=\"Verfasst von\" \/>\n\t<meta name=\"twitter:data1\" content=\"Marc Stadelmann\" \/>\n\t<meta name=\"twitter:label2\" content=\"Gesch\u00e4tzte Lesezeit\" \/>\n\t<meta name=\"twitter:data2\" content=\"2\u00a0Minuten\" \/>\n<script type=\"application\/ld+json\" class=\"yoast-schema-graph\">{\"@context\":\"https:\/\/schema.org\",\"@graph\":[{\"@type\":\"Article\",\"@id\":\"https:\/\/www.tvbolligen.ch\/site\/bremgartenlauf-tagessieg-und-diverse-podestplaetze-fuer-superstarke-bolliger-athletinnen\/#article\",\"isPartOf\":{\"@id\":\"https:\/\/www.tvbolligen.ch\/site\/bremgartenlauf-tagessieg-und-diverse-podestplaetze-fuer-superstarke-bolliger-athletinnen\/\"},\"author\":{\"name\":\"Marc Stadelmann\",\"@id\":\"https:\/\/www.tvbolligen.ch\/site\/#\/schema\/person\/a548316315abd9826342fe9f167c779b\"},\"headline\":\"Bremgartenlauf &#8211; Tagessieg und diverse Podestpl\u00e4tze f\u00fcr \u00absuperstarke\u00bb Bolliger Athlet:innen\",\"datePublished\":\"2023-10-29T15:24:44+00:00\",\"mainEntityOfPage\":{\"@id\":\"https:\/\/www.tvbolligen.ch\/site\/bremgartenlauf-tagessieg-und-diverse-podestplaetze-fuer-superstarke-bolliger-athletinnen\/\"},\"wordCount\":500,\"publisher\":{\"@id\":\"https:\/\/www.tvbolligen.ch\/site\/#organization\"},\"image\":{\"@id\":\"https:\/\/www.tvbolligen.ch\/site\/bremgartenlauf-tagessieg-und-diverse-podestplaetze-fuer-superstarke-bolliger-athletinnen\/#primaryimage\"},\"thumbnailUrl\":\"https:\/\/i0.wp.com\/www.tvbolligen.ch\/site\/wp-content\/uploads\/20231022_130540-scaled.jpg?fit=2560%2C1920&ssl=1\",\"articleSection\":[\"Hauptverein\",\"LA\"],\"inLanguage\":\"de\"},{\"@type\":\"WebPage\",\"@id\":\"https:\/\/www.tvbolligen.ch\/site\/bremgartenlauf-tagessieg-und-diverse-podestplaetze-fuer-superstarke-bolliger-athletinnen\/\",\"url\":\"https:\/\/www.tvbolligen.ch\/site\/bremgartenlauf-tagessieg-und-diverse-podestplaetze-fuer-superstarke-bolliger-athletinnen\/\",\"name\":\"Bremgartenlauf - Tagessieg und diverse Podestpl\u00e4tze f\u00fcr \u00absuperstarke\u00bb Bolliger Athlet:innen - Turnverein Bolligen\",\"isPartOf\":{\"@id\":\"https:\/\/www.tvbolligen.ch\/site\/#website\"},\"primaryImageOfPage\":{\"@id\":\"https:\/\/www.tvbolligen.ch\/site\/bremgartenlauf-tagessieg-und-diverse-podestplaetze-fuer-superstarke-bolliger-athletinnen\/#primaryimage\"},\"image\":{\"@id\":\"https:\/\/www.tvbolligen.ch\/site\/bremgartenlauf-tagessieg-und-diverse-podestplaetze-fuer-superstarke-bolliger-athletinnen\/#primaryimage\"},\"thumbnailUrl\":\"https:\/\/i0.wp.com\/www.tvbolligen.ch\/site\/wp-content\/uploads\/20231022_130540-scaled.jpg?fit=2560%2C1920&ssl=1\",\"datePublished\":\"2023-10-29T15:24:44+00:00\",\"breadcrumb\":{\"@id\":\"https:\/\/www.tvbolligen.ch\/site\/bremgartenlauf-tagessieg-und-diverse-podestplaetze-fuer-superstarke-bolliger-athletinnen\/#breadcrumb\"},\"inLanguage\":\"de\",\"potentialAction\":[{\"@type\":\"ReadAction\",\"target\":[\"https:\/\/www.tvbolligen.ch\/site\/bremgartenlauf-tagessieg-und-diverse-podestplaetze-fuer-superstarke-bolliger-athletinnen\/\"]}]},{\"@type\":\"ImageObject\",\"inLanguage\":\"de\",\"@id\":\"https:\/\/www.tvbolligen.ch\/site\/bremgartenlauf-tagessieg-und-diverse-podestplaetze-fuer-superstarke-bolliger-athletinnen\/#primaryimage\",\"url\":\"https:\/\/i0.wp.com\/www.tvbolligen.ch\/site\/wp-content\/uploads\/20231022_130540-scaled.jpg?fit=2560%2C1920&ssl=1\",\"contentUrl\":\"https:\/\/i0.wp.com\/www.tvbolligen.ch\/site\/wp-content\/uploads\/20231022_130540-scaled.jpg?fit=2560%2C1920&ssl=1\",\"width\":2560,\"height\":1920},{\"@type\":\"BreadcrumbList\",\"@id\":\"https:\/\/www.tvbolligen.ch\/site\/bremgartenlauf-tagessieg-und-diverse-podestplaetze-fuer-superstarke-bolliger-athletinnen\/#breadcrumb\",\"itemListElement\":[{\"@type\":\"ListItem\",\"position\":1,\"name\":\"Home\",\"item\":\"https:\/\/www.tvbolligen.ch\/site\/\"},{\"@type\":\"ListItem\",\"position\":2,\"name\":\"Bremgartenlauf &#8211; Tagessieg und diverse Podestpl\u00e4tze f\u00fcr \u00absuperstarke\u00bb Bolliger Athlet:innen\"}]},{\"@type\":\"WebSite\",\"@id\":\"https:\/\/www.tvbolligen.ch\/site\/#website\",\"url\":\"https:\/\/www.tvbolligen.ch\/site\/\",\"name\":\"Turnverein Bolligen\",\"description\":\"Sport f\u00fcr Jung und Alt in Bolligen\",\"publisher\":{\"@id\":\"https:\/\/www.tvbolligen.ch\/site\/#organization\"},\"potentialAction\":[{\"@type\":\"SearchAction\",\"target\":{\"@type\":\"EntryPoint\",\"urlTemplate\":\"https:\/\/www.tvbolligen.ch\/site\/?s={search_term_string}\"},\"query-input\":{\"@type\":\"PropertyValueSpecification\",\"valueRequired\":true,\"valueName\":\"search_term_string\"}}],\"inLanguage\":\"de\"},{\"@type\":\"Organization\",\"@id\":\"https:\/\/www.tvbolligen.ch\/site\/#organization\",\"name\":\"Turnverein Bolligen\",\"url\":\"https:\/\/www.tvbolligen.ch\/site\/\",\"logo\":{\"@type\":\"ImageObject\",\"inLanguage\":\"de\",\"@id\":\"https:\/\/www.tvbolligen.ch\/site\/#\/schema\/logo\/image\/\",\"url\":\"https:\/\/i0.wp.com\/www.tvbolligen.ch\/site\/wp-content\/uploads\/2015\/12\/Logo_TV_mittel.png?fit=1000%2C303&ssl=1\",\"contentUrl\":\"https:\/\/i0.wp.com\/www.tvbolligen.ch\/site\/wp-content\/uploads\/2015\/12\/Logo_TV_mittel.png?fit=1000%2C303&ssl=1\",\"width\":1000,\"height\":303,\"caption\":\"Turnverein Bolligen\"},\"image\":{\"@id\":\"https:\/\/www.tvbolligen.ch\/site\/#\/schema\/logo\/image\/\"}},{\"@type\":\"Person\",\"@id\":\"https:\/\/www.tvbolligen.ch\/site\/#\/schema\/person\/a548316315abd9826342fe9f167c779b\",\"name\":\"Marc Stadelmann\",\"image\":{\"@type\":\"ImageObject\",\"inLanguage\":\"de\",\"@id\":\"https:\/\/www.tvbolligen.ch\/site\/#\/schema\/person\/image\/\",\"url\":\"https:\/\/secure.gravatar.com\/avatar\/752bd87a5184d8ff37ce98a0e2476e6edbb4731cac29dfecd23ea3a4a66adb37?s=96&d=mm&r=g\",\"contentUrl\":\"https:\/\/secure.gravatar.com\/avatar\/752bd87a5184d8ff37ce98a0e2476e6edbb4731cac29dfecd23ea3a4a66adb37?s=96&d=mm&r=g\",\"caption\":\"Marc Stadelmann\"},\"url\":\"https:\/\/www.tvbolligen.ch\/site\/author\/marcst\/\"}]}<\/script>\n<!-- \/ Yoast SEO plugin. -->","yoast_head_json":{"title":"Bremgartenlauf - Tagessieg und diverse Podestpl\u00e4tze f\u00fcr \u00absuperstarke\u00bb Bolliger Athlet:innen - Turnverein Bolligen","robots":{"index":"index","follow":"follow","max-snippet":"max-snippet:-1","max-image-preview":"max-image-preview:large","max-video-preview":"max-video-preview:-1"},"canonical":"https:\/\/www.tvbolligen.ch\/site\/bremgartenlauf-tagessieg-und-diverse-podestplaetze-fuer-superstarke-bolliger-athletinnen\/","og_locale":"de_DE","og_type":"article","og_title":"Bremgartenlauf - Tagessieg und diverse Podestpl\u00e4tze f\u00fcr \u00absuperstarke\u00bb Bolliger Athlet:innen - Turnverein Bolligen","og_description":"Der Herbst hat sich von seiner sch\u00f6nsten Seite gezeigt und so fanden die Rennen bei perfekten \u00e4usseren Bedingungen statt. Mit 23 Athlet:innen haben wir in verschiedenen Kategorien m\u00e4chtig f\u00fcr Furore gesorgt. Timur Gut mit Tagessieg bei den Giele XL (2009 \/ 2010) Drei Athleten von TV Bolligen sind bei den Giele XL gestartet. Es galt [&hellip;]","og_url":"https:\/\/www.tvbolligen.ch\/site\/bremgartenlauf-tagessieg-und-diverse-podestplaetze-fuer-superstarke-bolliger-athletinnen\/","og_site_name":"Turnverein Bolligen","article_published_time":"2023-10-29T15:24:44+00:00","og_image":[{"width":2560,"height":1920,"url":"https:\/\/www.tvbolligen.ch\/site\/wp-content\/uploads\/20231022_130540-scaled.jpg","type":"image\/jpeg"}],"author":"Marc Stadelmann","twitter_card":"summary_large_image","twitter_misc":{"Verfasst von":"Marc Stadelmann","Gesch\u00e4tzte Lesezeit":"2\u00a0Minuten"},"schema":{"@context":"https:\/\/schema.org","@graph":[{"@type":"Article","@id":"https:\/\/www.tvbolligen.ch\/site\/bremgartenlauf-tagessieg-und-diverse-podestplaetze-fuer-superstarke-bolliger-athletinnen\/#article","isPartOf":{"@id":"https:\/\/www.tvbolligen.ch\/site\/bremgartenlauf-tagessieg-und-diverse-podestplaetze-fuer-superstarke-bolliger-athletinnen\/"},"author":{"name":"Marc Stadelmann","@id":"https:\/\/www.tvbolligen.ch\/site\/#\/schema\/person\/a548316315abd9826342fe9f167c779b"},"headline":"Bremgartenlauf &#8211; Tagessieg und diverse Podestpl\u00e4tze f\u00fcr \u00absuperstarke\u00bb Bolliger Athlet:innen","datePublished":"2023-10-29T15:24:44+00:00","mainEntityOfPage":{"@id":"https:\/\/www.tvbolligen.ch\/site\/bremgartenlauf-tagessieg-und-diverse-podestplaetze-fuer-superstarke-bolliger-athletinnen\/"},"wordCount":500,"publisher":{"@id":"https:\/\/www.tvbolligen.ch\/site\/#organization"},"image":{"@id":"https:\/\/www.tvbolligen.ch\/site\/bremgartenlauf-tagessieg-und-diverse-podestplaetze-fuer-superstarke-bolliger-athletinnen\/#primaryimage"},"thumbnailUrl":"https:\/\/i0.wp.com\/www.tvbolligen.ch\/site\/wp-content\/uploads\/20231022_130540-scaled.jpg?fit=2560%2C1920&ssl=1","articleSection":["Hauptverein","LA"],"inLanguage":"de"},{"@type":"WebPage","@id":"https:\/\/www.tvbolligen.ch\/site\/bremgartenlauf-tagessieg-und-diverse-podestplaetze-fuer-superstarke-bolliger-athletinnen\/","url":"https:\/\/www.tvbolligen.ch\/site\/bremgartenlauf-tagessieg-und-diverse-podestplaetze-fuer-superstarke-bolliger-athletinnen\/","name":"Bremgartenlauf - Tagessieg und diverse Podestpl\u00e4tze f\u00fcr \u00absuperstarke\u00bb Bolliger Athlet:innen - Turnverein Bolligen","isPartOf":{"@id":"https:\/\/www.tvbolligen.ch\/site\/#website"},"primaryImageOfPage":{"@id":"https:\/\/www.tvbolligen.ch\/site\/bremgartenlauf-tagessieg-und-diverse-podestplaetze-fuer-superstarke-bolliger-athletinnen\/#primaryimage"},"image":{"@id":"https:\/\/www.tvbolligen.ch\/site\/bremgartenlauf-tagessieg-und-diverse-podestplaetze-fuer-superstarke-bolliger-athletinnen\/#primaryimage"},"thumbnailUrl":"https:\/\/i0.wp.com\/www.tvbolligen.ch\/site\/wp-content\/uploads\/20231022_130540-scaled.jpg?fit=2560%2C1920&ssl=1","datePublished":"2023-10-29T15:24:44+00:00","breadcrumb":{"@id":"https:\/\/www.tvbolligen.ch\/site\/bremgartenlauf-tagessieg-und-diverse-podestplaetze-fuer-superstarke-bolliger-athletinnen\/#breadcrumb"},"inLanguage":"de","potentialAction":[{"@type":"ReadAction","target":["https:\/\/www.tvbolligen.ch\/site\/bremgartenlauf-tagessieg-und-diverse-podestplaetze-fuer-superstarke-bolliger-athletinnen\/"]}]},{"@type":"ImageObject","inLanguage":"de","@id":"https:\/\/www.tvbolligen.ch\/site\/bremgartenlauf-tagessieg-und-diverse-podestplaetze-fuer-superstarke-bolliger-athletinnen\/#primaryimage","url":"https:\/\/i0.wp.com\/www.tvbolligen.ch\/site\/wp-content\/uploads\/20231022_130540-scaled.jpg?fit=2560%2C1920&ssl=1","contentUrl":"https:\/\/i0.wp.com\/www.tvbolligen.ch\/site\/wp-content\/uploads\/20231022_130540-scaled.jpg?fit=2560%2C1920&ssl=1","width":2560,"height":1920},{"@type":"BreadcrumbList","@id":"https:\/\/www.tvbolligen.ch\/site\/bremgartenlauf-tagessieg-und-diverse-podestplaetze-fuer-superstarke-bolliger-athletinnen\/#breadcrumb","itemListElement":[{"@type":"ListItem","position":1,"name":"Home","item":"https:\/\/www.tvbolligen.ch\/site\/"},{"@type":"ListItem","position":2,"name":"Bremgartenlauf &#8211; Tagessieg und diverse Podestpl\u00e4tze f\u00fcr \u00absuperstarke\u00bb Bolliger Athlet:innen"}]},{"@type":"WebSite","@id":"https:\/\/www.tvbolligen.ch\/site\/#website","url":"https:\/\/www.tvbolligen.ch\/site\/","name":"Turnverein Bolligen","description":"Sport f\u00fcr Jung und Alt in Bolligen","publisher":{"@id":"https:\/\/www.tvbolligen.ch\/site\/#organization"},"potentialAction":[{"@type":"SearchAction","target":{"@type":"EntryPoint","urlTemplate":"https:\/\/www.tvbolligen.ch\/site\/?s={search_term_string}"},"query-input":{"@type":"PropertyValueSpecification","valueRequired":true,"valueName":"search_term_string"}}],"inLanguage":"de"},{"@type":"Organization","@id":"https:\/\/www.tvbolligen.ch\/site\/#organization","name":"Turnverein Bolligen","url":"https:\/\/www.tvbolligen.ch\/site\/","logo":{"@type":"ImageObject","inLanguage":"de","@id":"https:\/\/www.tvbolligen.ch\/site\/#\/schema\/logo\/image\/","url":"https:\/\/i0.wp.com\/www.tvbolligen.ch\/site\/wp-content\/uploads\/2015\/12\/Logo_TV_mittel.png?fit=1000%2C303&ssl=1","contentUrl":"https:\/\/i0.wp.com\/www.tvbolligen.ch\/site\/wp-content\/uploads\/2015\/12\/Logo_TV_mittel.png?fit=1000%2C303&ssl=1","width":1000,"height":303,"caption":"Turnverein Bolligen"},"image":{"@id":"https:\/\/www.tvbolligen.ch\/site\/#\/schema\/logo\/image\/"}},{"@type":"Person","@id":"https:\/\/www.tvbolligen.ch\/site\/#\/schema\/person\/a548316315abd9826342fe9f167c779b","name":"Marc Stadelmann","image":{"@type":"ImageObject","inLanguage":"de","@id":"https:\/\/www.tvbolligen.ch\/site\/#\/schema\/person\/image\/","url":"https:\/\/secure.gravatar.com\/avatar\/752bd87a5184d8ff37ce98a0e2476e6edbb4731cac29dfecd23ea3a4a66adb37?s=96&d=mm&r=g","contentUrl":"https:\/\/secure.gravatar.com\/avatar\/752bd87a5184d8ff37ce98a0e2476e6edbb4731cac29dfecd23ea3a4a66adb37?s=96&d=mm&r=g","caption":"Marc Stadelmann"},"url":"https:\/\/www.tvbolligen.ch\/site\/author\/marcst\/"}]}},"jetpack_publicize_connections":[],"jetpack_featured_media_url":"https:\/\/i0.wp.com\/www.tvbolligen.ch\/site\/wp-content\/uploads\/20231022_130540-scaled.jpg?fit=2560%2C1920&ssl=1","jetpack_sharing_enabled":true,"jetpack_shortlink":"https:\/\/wp.me\/p751GT-68E","_links":{"self":[{"href":"https:\/\/www.tvbolligen.ch\/site\/wp-json\/wp\/v2\/posts\/23600","targetHints":{"allow":["GET"]}}],"collection":[{"href":"https:\/\/www.tvbolligen.ch\/site\/wp-json\/wp\/v2\/posts"}],"about":[{"href":"https:\/\/www.tvbolligen.ch\/site\/wp-json\/wp\/v2\/types\/post"}],"author":[{"embeddable":true,"href":"https:\/\/www.tvbolligen.ch\/site\/wp-json\/wp\/v2\/users\/23"}],"replies":[{"embeddable":true,"href":"https:\/\/www.tvbolligen.ch\/site\/wp-json\/wp\/v2\/comments?post=23600"}],"version-history":[{"count":1,"href":"https:\/\/www.tvbolligen.ch\/site\/wp-json\/wp\/v2\/posts\/23600\/revisions"}],"predecessor-version":[{"id":23602,"href":"https:\/\/www.tvbolligen.ch\/site\/wp-json\/wp\/v2\/posts\/23600\/revisions\/23602"}],"wp:featuredmedia":[{"embeddable":true,"href":"https:\/\/www.tvbolligen.ch\/site\/wp-json\/wp\/v2\/media\/23601"}],"wp:attachment":[{"href":"https:\/\/www.tvbolligen.ch\/site\/wp-json\/wp\/v2\/media?parent=23600"}],"wp:term":[{"taxonomy":"category","embeddable":true,"href":"https:\/\/www.tvbolligen.ch\/site\/wp-json\/wp\/v2\/categories?post=23600"},{"taxonomy":"post_tag","embeddable":true,"href":"https:\/\/www.tvbolligen.ch\/site\/wp-json\/wp\/v2\/tags?post=23600"}],"curies":[{"name":"wp","href":"https:\/\/api.w.org\/{rel}","templated":true}]}}