{"id":23887,"date":"2024-04-25T21:15:32","date_gmt":"2024-04-25T20:15:32","guid":{"rendered":"https:\/\/www.tvbolligen.ch\/site\/?p=23887"},"modified":"2024-04-25T21:15:32","modified_gmt":"2024-04-25T20:15:32","slug":"trainingslager-in-kreuzlingen-und-besuch-des-schweizer-fernsehens","status":"publish","type":"post","link":"https:\/\/www.tvbolligen.ch\/site\/trainingslager-in-kreuzlingen-und-besuch-des-schweizer-fernsehens\/","title":{"rendered":"Trainingslager in Kreuzlingen und Besuch des Schweizer Fernsehens"},"content":{"rendered":"<p>Vom Mittwoch, 17. \u2013 Samstag, 20. April 2024 bereitete sich die Leichtathletik-Gruppe im Trainingslager in Kreuzlingen auf der wunderbaren Leichtathletikanlage der LAR T\u00e4gerwilen auf die kommende Saison vor.<\/p>\n<p>Die rund 30 Kinder und Jugendliche liessen sich dabei auch vom k\u00fchl-nassen Wetter nicht beirren. Ganz im Gegenteil: Beim Testwettkampf mit und gegen die Athlet:innen der LAR T\u00e4gerwilen, der bei fast sintflutartigen Regenf\u00e4llen ausgetragen wurde, konnten sich die Bolliger:innen bereits etliche pers\u00f6nliche Bestleistungen notieren lassen (<a href=\"https:\/\/www.ubs-kidscup.ch\/de\/fuer-teilnehmer\/ergebnisse\/ranglisten\/details?tx_ikanosubskidscupalabus_ranking%5Baction%5D=show&amp;tx_ikanosubskidscupalabus_ranking%5Bcontroller%5D=Rankings&amp;tx_ikanosubskidscupalabus_ranking%5Bevent%5D=a21aa-owyzc9-lu5k6ivh-1-lu6pl7y5-5a6&amp;cHash=7af9b77ed690e77ad1d811ec9fd903cb\">Zu den Resultaten<\/a>).<\/p>\n<p>Das intensive Leichtathletik-Training wurde erg\u00e4nzt durch ein vielf\u00e4ltiges Rahmenprogramm: Neben der Vermittlung von Hintergrundwissen zu den Themen Erholung, Ern\u00e4hrung und Leichtathletik, einer Quizz-Night oder einer Leiterlispiel-Outdoor-Challenge stand ein halbt\u00e4giger, grenz\u00fcberschreitender Ausflug ins benachbarte Konstanz auf dem Programm, wo wir das renovierte \u00abSealife\u00bb besuchten. Ein weiteres Highlight war zudem die fast schon traditionelle \u00abHandicap-Staffel\u00bb, welche dieses Jahr unsere U12 Girls f\u00fcr sich entscheiden konnten.<\/p>\n<p>In Erinnerung bleiben wird schliesslich auch der Besuch des Schweizer Fernsehens, welches anl\u00e4sslich des 100-Jahr-Jubil\u00e4ums der Schweizer Jugendherbergen einen Beitrag mit uns f\u00fcr die News-Hintergrundsendung 10 vor 10 produziert hat (<a href=\"https:\/\/www.srf.ch\/play\/tv\/10-vor-10\/video\/100-jahre-schweizer-jugendherbergen?urn=urn:srf:video:3c699e3e-0d80-4445-ae04-ba313a793fe6&amp;fbclid=IwZXh0bgNhZW0CMTEAAR27E4oavgnjnNW8QXd7f7mJbeuoWtg6ZagjWdr9jpBw4sEMFwt5R9uqaIg_aem_AZVjofQ5RxL1MVIkAepmZb7h7Tdt8pIM47d0ixIiJt1iBZlrpm5YS8PSYzuzzWaAC36iJyBwwt2MQUPZQpe7qeAS\">Zum Beitrag<\/a>).<\/p>\nngg_shortcode_0_placeholder\n","protected":false},"excerpt":{"rendered":"<p>Vom Mittwoch, 17. \u2013 Samstag, 20. April 2024 bereitete sich die Leichtathletik-Gruppe im Trainingslager in Kreuzlingen auf der wunderbaren Leichtathletikanlage der LAR T\u00e4gerwilen auf die kommende Saison vor. Die rund 30 Kinder und Jugendliche liessen sich dabei auch vom k\u00fchl-nassen Wetter nicht beirren. Ganz im Gegenteil: Beim Testwettkampf mit und gegen die Athlet:innen der LAR [&hellip;]<\/p>\n","protected":false},"author":16,"featured_media":23889,"comment_status":"closed","ping_status":"closed","sticky":false,"template":"","format":"standard","meta":{"_et_pb_use_builder":"","_et_pb_old_content":"","_et_gb_content_width":"","ngg_post_thumbnail":0,"jetpack_post_was_ever_published":false,"_jetpack_newsletter_access":"","_jetpack_dont_email_post_to_subs":false,"_jetpack_newsletter_tier_id":0,"_jetpack_memberships_contains_paywalled_content":false,"_jetpack_memberships_contains_paid_content":false,"footnotes":"","jetpack_publicize_message":"","jetpack_publicize_feature_enabled":true,"jetpack_social_post_already_shared":true,"jetpack_social_options":{"image_generator_settings":{"template":"highway","enabled":false},"version":2}},"categories":[12],"tags":[],"class_list":["post-23887","post","type-post","status-publish","format-standard","has-post-thumbnail","hentry","category-la"],"yoast_head":"<!-- This site is optimized with the Yoast SEO plugin v25.1 - https:\/\/yoast.com\/wordpress\/plugins\/seo\/ -->\n<title>Trainingslager in Kreuzlingen und Besuch des Schweizer Fernsehens - Turnverein Bolligen<\/title>\n<meta name=\"robots\" content=\"index, follow, max-snippet:-1, max-image-preview:large, max-video-preview:-1\" \/>\n<link rel=\"canonical\" href=\"https:\/\/www.tvbolligen.ch\/site\/trainingslager-in-kreuzlingen-und-besuch-des-schweizer-fernsehens\/\" \/>\n<meta property=\"og:locale\" content=\"de_DE\" \/>\n<meta property=\"og:type\" content=\"article\" \/>\n<meta property=\"og:title\" content=\"Trainingslager in Kreuzlingen und Besuch des Schweizer Fernsehens - Turnverein Bolligen\" \/>\n<meta property=\"og:description\" content=\"Vom Mittwoch, 17. \u2013 Samstag, 20. April 2024 bereitete sich die Leichtathletik-Gruppe im Trainingslager in Kreuzlingen auf der wunderbaren Leichtathletikanlage der LAR T\u00e4gerwilen auf die kommende Saison vor. Die rund 30 Kinder und Jugendliche liessen sich dabei auch vom k\u00fchl-nassen Wetter nicht beirren. Ganz im Gegenteil: Beim Testwettkampf mit und gegen die Athlet:innen der LAR [&hellip;]\" \/>\n<meta property=\"og:url\" content=\"https:\/\/www.tvbolligen.ch\/site\/trainingslager-in-kreuzlingen-und-besuch-des-schweizer-fernsehens\/\" \/>\n<meta property=\"og:site_name\" content=\"Turnverein Bolligen\" \/>\n<meta property=\"article:published_time\" content=\"2024-04-25T20:15:32+00:00\" \/>\n<meta property=\"og:image\" content=\"https:\/\/www.tvbolligen.ch\/site\/wp-content\/uploads\/Gruppenbild-Grenze.png\" \/>\n\t<meta property=\"og:image:width\" content=\"949\" \/>\n\t<meta property=\"og:image:height\" content=\"591\" \/>\n\t<meta property=\"og:image:type\" content=\"image\/png\" \/>\n<meta name=\"author\" content=\"Christoph Stadelmann\" \/>\n<meta name=\"twitter:card\" content=\"summary_large_image\" \/>\n<meta name=\"twitter:label1\" content=\"Verfasst von\" \/>\n\t<meta name=\"twitter:data1\" content=\"Christoph Stadelmann\" \/>\n\t<meta name=\"twitter:label2\" content=\"Gesch\u00e4tzte Lesezeit\" \/>\n\t<meta name=\"twitter:data2\" content=\"1\u00a0Minute\" \/>\n<script type=\"application\/ld+json\" class=\"yoast-schema-graph\">{\"@context\":\"https:\/\/schema.org\",\"@graph\":[{\"@type\":\"Article\",\"@id\":\"https:\/\/www.tvbolligen.ch\/site\/trainingslager-in-kreuzlingen-und-besuch-des-schweizer-fernsehens\/#article\",\"isPartOf\":{\"@id\":\"https:\/\/www.tvbolligen.ch\/site\/trainingslager-in-kreuzlingen-und-besuch-des-schweizer-fernsehens\/\"},\"author\":{\"name\":\"Christoph Stadelmann\",\"@id\":\"https:\/\/www.tvbolligen.ch\/site\/#\/schema\/person\/cf2ff3d29907f0355f91f6838672eaf4\"},\"headline\":\"Trainingslager in Kreuzlingen und Besuch des Schweizer Fernsehens\",\"datePublished\":\"2024-04-25T20:15:32+00:00\",\"mainEntityOfPage\":{\"@id\":\"https:\/\/www.tvbolligen.ch\/site\/trainingslager-in-kreuzlingen-und-besuch-des-schweizer-fernsehens\/\"},\"wordCount\":195,\"publisher\":{\"@id\":\"https:\/\/www.tvbolligen.ch\/site\/#organization\"},\"image\":{\"@id\":\"https:\/\/www.tvbolligen.ch\/site\/trainingslager-in-kreuzlingen-und-besuch-des-schweizer-fernsehens\/#primaryimage\"},\"thumbnailUrl\":\"https:\/\/i0.wp.com\/www.tvbolligen.ch\/site\/wp-content\/uploads\/Gruppenbild-Grenze.png?fit=949%2C591&ssl=1\",\"articleSection\":[\"LA\"],\"inLanguage\":\"de\"},{\"@type\":\"WebPage\",\"@id\":\"https:\/\/www.tvbolligen.ch\/site\/trainingslager-in-kreuzlingen-und-besuch-des-schweizer-fernsehens\/\",\"url\":\"https:\/\/www.tvbolligen.ch\/site\/trainingslager-in-kreuzlingen-und-besuch-des-schweizer-fernsehens\/\",\"name\":\"Trainingslager in Kreuzlingen und Besuch des Schweizer Fernsehens - Turnverein Bolligen\",\"isPartOf\":{\"@id\":\"https:\/\/www.tvbolligen.ch\/site\/#website\"},\"primaryImageOfPage\":{\"@id\":\"https:\/\/www.tvbolligen.ch\/site\/trainingslager-in-kreuzlingen-und-besuch-des-schweizer-fernsehens\/#primaryimage\"},\"image\":{\"@id\":\"https:\/\/www.tvbolligen.ch\/site\/trainingslager-in-kreuzlingen-und-besuch-des-schweizer-fernsehens\/#primaryimage\"},\"thumbnailUrl\":\"https:\/\/i0.wp.com\/www.tvbolligen.ch\/site\/wp-content\/uploads\/Gruppenbild-Grenze.png?fit=949%2C591&ssl=1\",\"datePublished\":\"2024-04-25T20:15:32+00:00\",\"breadcrumb\":{\"@id\":\"https:\/\/www.tvbolligen.ch\/site\/trainingslager-in-kreuzlingen-und-besuch-des-schweizer-fernsehens\/#breadcrumb\"},\"inLanguage\":\"de\",\"potentialAction\":[{\"@type\":\"ReadAction\",\"target\":[\"https:\/\/www.tvbolligen.ch\/site\/trainingslager-in-kreuzlingen-und-besuch-des-schweizer-fernsehens\/\"]}]},{\"@type\":\"ImageObject\",\"inLanguage\":\"de\",\"@id\":\"https:\/\/www.tvbolligen.ch\/site\/trainingslager-in-kreuzlingen-und-besuch-des-schweizer-fernsehens\/#primaryimage\",\"url\":\"https:\/\/i0.wp.com\/www.tvbolligen.ch\/site\/wp-content\/uploads\/Gruppenbild-Grenze.png?fit=949%2C591&ssl=1\",\"contentUrl\":\"https:\/\/i0.wp.com\/www.tvbolligen.ch\/site\/wp-content\/uploads\/Gruppenbild-Grenze.png?fit=949%2C591&ssl=1\",\"width\":949,\"height\":591},{\"@type\":\"BreadcrumbList\",\"@id\":\"https:\/\/www.tvbolligen.ch\/site\/trainingslager-in-kreuzlingen-und-besuch-des-schweizer-fernsehens\/#breadcrumb\",\"itemListElement\":[{\"@type\":\"ListItem\",\"position\":1,\"name\":\"Home\",\"item\":\"https:\/\/www.tvbolligen.ch\/site\/\"},{\"@type\":\"ListItem\",\"position\":2,\"name\":\"Trainingslager in Kreuzlingen und Besuch des Schweizer Fernsehens\"}]},{\"@type\":\"WebSite\",\"@id\":\"https:\/\/www.tvbolligen.ch\/site\/#website\",\"url\":\"https:\/\/www.tvbolligen.ch\/site\/\",\"name\":\"Turnverein Bolligen\",\"description\":\"Sport f\u00fcr Jung und Alt in Bolligen\",\"publisher\":{\"@id\":\"https:\/\/www.tvbolligen.ch\/site\/#organization\"},\"potentialAction\":[{\"@type\":\"SearchAction\",\"target\":{\"@type\":\"EntryPoint\",\"urlTemplate\":\"https:\/\/www.tvbolligen.ch\/site\/?s={search_term_string}\"},\"query-input\":{\"@type\":\"PropertyValueSpecification\",\"valueRequired\":true,\"valueName\":\"search_term_string\"}}],\"inLanguage\":\"de\"},{\"@type\":\"Organization\",\"@id\":\"https:\/\/www.tvbolligen.ch\/site\/#organization\",\"name\":\"Turnverein Bolligen\",\"url\":\"https:\/\/www.tvbolligen.ch\/site\/\",\"logo\":{\"@type\":\"ImageObject\",\"inLanguage\":\"de\",\"@id\":\"https:\/\/www.tvbolligen.ch\/site\/#\/schema\/logo\/image\/\",\"url\":\"https:\/\/i0.wp.com\/www.tvbolligen.ch\/site\/wp-content\/uploads\/2015\/12\/Logo_TV_mittel.png?fit=1000%2C303&ssl=1\",\"contentUrl\":\"https:\/\/i0.wp.com\/www.tvbolligen.ch\/site\/wp-content\/uploads\/2015\/12\/Logo_TV_mittel.png?fit=1000%2C303&ssl=1\",\"width\":1000,\"height\":303,\"caption\":\"Turnverein Bolligen\"},\"image\":{\"@id\":\"https:\/\/www.tvbolligen.ch\/site\/#\/schema\/logo\/image\/\"}},{\"@type\":\"Person\",\"@id\":\"https:\/\/www.tvbolligen.ch\/site\/#\/schema\/person\/cf2ff3d29907f0355f91f6838672eaf4\",\"name\":\"Christoph Stadelmann\",\"image\":{\"@type\":\"ImageObject\",\"inLanguage\":\"de\",\"@id\":\"https:\/\/www.tvbolligen.ch\/site\/#\/schema\/person\/image\/\",\"url\":\"https:\/\/secure.gravatar.com\/avatar\/eb36e22abc5edb516c894c982c651ddde21b1dc17f96bef394f2f54c3f96d06d?s=96&d=mm&r=g\",\"contentUrl\":\"https:\/\/secure.gravatar.com\/avatar\/eb36e22abc5edb516c894c982c651ddde21b1dc17f96bef394f2f54c3f96d06d?s=96&d=mm&r=g\",\"caption\":\"Christoph Stadelmann\"},\"url\":\"https:\/\/www.tvbolligen.ch\/site\/author\/stadli\/\"}]}<\/script>\n<!-- \/ Yoast SEO plugin. -->","yoast_head_json":{"title":"Trainingslager in Kreuzlingen und Besuch des Schweizer Fernsehens - Turnverein Bolligen","robots":{"index":"index","follow":"follow","max-snippet":"max-snippet:-1","max-image-preview":"max-image-preview:large","max-video-preview":"max-video-preview:-1"},"canonical":"https:\/\/www.tvbolligen.ch\/site\/trainingslager-in-kreuzlingen-und-besuch-des-schweizer-fernsehens\/","og_locale":"de_DE","og_type":"article","og_title":"Trainingslager in Kreuzlingen und Besuch des Schweizer Fernsehens - Turnverein Bolligen","og_description":"Vom Mittwoch, 17. \u2013 Samstag, 20. April 2024 bereitete sich die Leichtathletik-Gruppe im Trainingslager in Kreuzlingen auf der wunderbaren Leichtathletikanlage der LAR T\u00e4gerwilen auf die kommende Saison vor. Die rund 30 Kinder und Jugendliche liessen sich dabei auch vom k\u00fchl-nassen Wetter nicht beirren. Ganz im Gegenteil: Beim Testwettkampf mit und gegen die Athlet:innen der LAR [&hellip;]","og_url":"https:\/\/www.tvbolligen.ch\/site\/trainingslager-in-kreuzlingen-und-besuch-des-schweizer-fernsehens\/","og_site_name":"Turnverein Bolligen","article_published_time":"2024-04-25T20:15:32+00:00","og_image":[{"width":949,"height":591,"url":"https:\/\/www.tvbolligen.ch\/site\/wp-content\/uploads\/Gruppenbild-Grenze.png","type":"image\/png"}],"author":"Christoph Stadelmann","twitter_card":"summary_large_image","twitter_misc":{"Verfasst von":"Christoph Stadelmann","Gesch\u00e4tzte Lesezeit":"1\u00a0Minute"},"schema":{"@context":"https:\/\/schema.org","@graph":[{"@type":"Article","@id":"https:\/\/www.tvbolligen.ch\/site\/trainingslager-in-kreuzlingen-und-besuch-des-schweizer-fernsehens\/#article","isPartOf":{"@id":"https:\/\/www.tvbolligen.ch\/site\/trainingslager-in-kreuzlingen-und-besuch-des-schweizer-fernsehens\/"},"author":{"name":"Christoph Stadelmann","@id":"https:\/\/www.tvbolligen.ch\/site\/#\/schema\/person\/cf2ff3d29907f0355f91f6838672eaf4"},"headline":"Trainingslager in Kreuzlingen und Besuch des Schweizer Fernsehens","datePublished":"2024-04-25T20:15:32+00:00","mainEntityOfPage":{"@id":"https:\/\/www.tvbolligen.ch\/site\/trainingslager-in-kreuzlingen-und-besuch-des-schweizer-fernsehens\/"},"wordCount":195,"publisher":{"@id":"https:\/\/www.tvbolligen.ch\/site\/#organization"},"image":{"@id":"https:\/\/www.tvbolligen.ch\/site\/trainingslager-in-kreuzlingen-und-besuch-des-schweizer-fernsehens\/#primaryimage"},"thumbnailUrl":"https:\/\/i0.wp.com\/www.tvbolligen.ch\/site\/wp-content\/uploads\/Gruppenbild-Grenze.png?fit=949%2C591&ssl=1","articleSection":["LA"],"inLanguage":"de"},{"@type":"WebPage","@id":"https:\/\/www.tvbolligen.ch\/site\/trainingslager-in-kreuzlingen-und-besuch-des-schweizer-fernsehens\/","url":"https:\/\/www.tvbolligen.ch\/site\/trainingslager-in-kreuzlingen-und-besuch-des-schweizer-fernsehens\/","name":"Trainingslager in Kreuzlingen und Besuch des Schweizer Fernsehens - Turnverein Bolligen","isPartOf":{"@id":"https:\/\/www.tvbolligen.ch\/site\/#website"},"primaryImageOfPage":{"@id":"https:\/\/www.tvbolligen.ch\/site\/trainingslager-in-kreuzlingen-und-besuch-des-schweizer-fernsehens\/#primaryimage"},"image":{"@id":"https:\/\/www.tvbolligen.ch\/site\/trainingslager-in-kreuzlingen-und-besuch-des-schweizer-fernsehens\/#primaryimage"},"thumbnailUrl":"https:\/\/i0.wp.com\/www.tvbolligen.ch\/site\/wp-content\/uploads\/Gruppenbild-Grenze.png?fit=949%2C591&ssl=1","datePublished":"2024-04-25T20:15:32+00:00","breadcrumb":{"@id":"https:\/\/www.tvbolligen.ch\/site\/trainingslager-in-kreuzlingen-und-besuch-des-schweizer-fernsehens\/#breadcrumb"},"inLanguage":"de","potentialAction":[{"@type":"ReadAction","target":["https:\/\/www.tvbolligen.ch\/site\/trainingslager-in-kreuzlingen-und-besuch-des-schweizer-fernsehens\/"]}]},{"@type":"ImageObject","inLanguage":"de","@id":"https:\/\/www.tvbolligen.ch\/site\/trainingslager-in-kreuzlingen-und-besuch-des-schweizer-fernsehens\/#primaryimage","url":"https:\/\/i0.wp.com\/www.tvbolligen.ch\/site\/wp-content\/uploads\/Gruppenbild-Grenze.png?fit=949%2C591&ssl=1","contentUrl":"https:\/\/i0.wp.com\/www.tvbolligen.ch\/site\/wp-content\/uploads\/Gruppenbild-Grenze.png?fit=949%2C591&ssl=1","width":949,"height":591},{"@type":"BreadcrumbList","@id":"https:\/\/www.tvbolligen.ch\/site\/trainingslager-in-kreuzlingen-und-besuch-des-schweizer-fernsehens\/#breadcrumb","itemListElement":[{"@type":"ListItem","position":1,"name":"Home","item":"https:\/\/www.tvbolligen.ch\/site\/"},{"@type":"ListItem","position":2,"name":"Trainingslager in Kreuzlingen und Besuch des Schweizer Fernsehens"}]},{"@type":"WebSite","@id":"https:\/\/www.tvbolligen.ch\/site\/#website","url":"https:\/\/www.tvbolligen.ch\/site\/","name":"Turnverein Bolligen","description":"Sport f\u00fcr Jung und Alt in Bolligen","publisher":{"@id":"https:\/\/www.tvbolligen.ch\/site\/#organization"},"potentialAction":[{"@type":"SearchAction","target":{"@type":"EntryPoint","urlTemplate":"https:\/\/www.tvbolligen.ch\/site\/?s={search_term_string}"},"query-input":{"@type":"PropertyValueSpecification","valueRequired":true,"valueName":"search_term_string"}}],"inLanguage":"de"},{"@type":"Organization","@id":"https:\/\/www.tvbolligen.ch\/site\/#organization","name":"Turnverein Bolligen","url":"https:\/\/www.tvbolligen.ch\/site\/","logo":{"@type":"ImageObject","inLanguage":"de","@id":"https:\/\/www.tvbolligen.ch\/site\/#\/schema\/logo\/image\/","url":"https:\/\/i0.wp.com\/www.tvbolligen.ch\/site\/wp-content\/uploads\/2015\/12\/Logo_TV_mittel.png?fit=1000%2C303&ssl=1","contentUrl":"https:\/\/i0.wp.com\/www.tvbolligen.ch\/site\/wp-content\/uploads\/2015\/12\/Logo_TV_mittel.png?fit=1000%2C303&ssl=1","width":1000,"height":303,"caption":"Turnverein Bolligen"},"image":{"@id":"https:\/\/www.tvbolligen.ch\/site\/#\/schema\/logo\/image\/"}},{"@type":"Person","@id":"https:\/\/www.tvbolligen.ch\/site\/#\/schema\/person\/cf2ff3d29907f0355f91f6838672eaf4","name":"Christoph Stadelmann","image":{"@type":"ImageObject","inLanguage":"de","@id":"https:\/\/www.tvbolligen.ch\/site\/#\/schema\/person\/image\/","url":"https:\/\/secure.gravatar.com\/avatar\/eb36e22abc5edb516c894c982c651ddde21b1dc17f96bef394f2f54c3f96d06d?s=96&d=mm&r=g","contentUrl":"https:\/\/secure.gravatar.com\/avatar\/eb36e22abc5edb516c894c982c651ddde21b1dc17f96bef394f2f54c3f96d06d?s=96&d=mm&r=g","caption":"Christoph Stadelmann"},"url":"https:\/\/www.tvbolligen.ch\/site\/author\/stadli\/"}]}},"jetpack_publicize_connections":[],"jetpack_featured_media_url":"https:\/\/i0.wp.com\/www.tvbolligen.ch\/site\/wp-content\/uploads\/Gruppenbild-Grenze.png?fit=949%2C591&ssl=1","jetpack_sharing_enabled":true,"jetpack_shortlink":"https:\/\/wp.me\/p751GT-6dh","_links":{"self":[{"href":"https:\/\/www.tvbolligen.ch\/site\/wp-json\/wp\/v2\/posts\/23887","targetHints":{"allow":["GET"]}}],"collection":[{"href":"https:\/\/www.tvbolligen.ch\/site\/wp-json\/wp\/v2\/posts"}],"about":[{"href":"https:\/\/www.tvbolligen.ch\/site\/wp-json\/wp\/v2\/types\/post"}],"author":[{"embeddable":true,"href":"https:\/\/www.tvbolligen.ch\/site\/wp-json\/wp\/v2\/users\/16"}],"replies":[{"embeddable":true,"href":"https:\/\/www.tvbolligen.ch\/site\/wp-json\/wp\/v2\/comments?post=23887"}],"version-history":[{"count":4,"href":"https:\/\/www.tvbolligen.ch\/site\/wp-json\/wp\/v2\/posts\/23887\/revisions"}],"predecessor-version":[{"id":23892,"href":"https:\/\/www.tvbolligen.ch\/site\/wp-json\/wp\/v2\/posts\/23887\/revisions\/23892"}],"wp:featuredmedia":[{"embeddable":true,"href":"https:\/\/www.tvbolligen.ch\/site\/wp-json\/wp\/v2\/media\/23889"}],"wp:attachment":[{"href":"https:\/\/www.tvbolligen.ch\/site\/wp-json\/wp\/v2\/media?parent=23887"}],"wp:term":[{"taxonomy":"category","embeddable":true,"href":"https:\/\/www.tvbolligen.ch\/site\/wp-json\/wp\/v2\/categories?post=23887"},{"taxonomy":"post_tag","embeddable":true,"href":"https:\/\/www.tvbolligen.ch\/site\/wp-json\/wp\/v2\/tags?post=23887"}],"curies":[{"name":"wp","href":"https:\/\/api.w.org\/{rel}","templated":true}]}}