{"id":23902,"date":"2024-05-04T17:32:03","date_gmt":"2024-05-04T16:32:03","guid":{"rendered":"https:\/\/www.tvbolligen.ch\/site\/?p=23902"},"modified":"2024-05-04T17:32:03","modified_gmt":"2024-05-04T16:32:03","slug":"2-medaillen-2-vereinsrekorde-und-ein-feuerwerk-an-persoenlichen-bestleistungen-beim-saisonstart-am-huerdenmeeting-in-langnau","status":"publish","type":"post","link":"https:\/\/www.tvbolligen.ch\/site\/2-medaillen-2-vereinsrekorde-und-ein-feuerwerk-an-persoenlichen-bestleistungen-beim-saisonstart-am-huerdenmeeting-in-langnau\/","title":{"rendered":"2 Medaillen, 2 Vereinsrekorde und ein Feuerwerk an pers\u00f6nlichen Bestleistungen beim Saisonstart am H\u00fcrdenmeeting in Langnau"},"content":{"rendered":"<p>Traditionellerweise treffen sich am ersten Wochenende im Mai die H\u00fcrdenspezialist:innen am H\u00fcrden-Meeting in Langnau. Auch dieses Jahr waren die Felder entsprechend hochkar\u00e4tig. Auf der anderen Seite n\u00fctzen immer wieder Neo-U12-Kids den Wettkampf f\u00fcr einen ersten Start \u00fcber die 6 und mehr H\u00fcrden. Genau zu einer solchen Premiere kam es in diesem Jahr auch bei unseren 2014er-Kids. Und diese Premiere gelang: In der Kategorie mit den 2013er startend, konnten Ava D\u00e4llenbach, L\u00e9onie Stadelmann, Morris Longoni und Till Stadelmann gleich in den Final der besten acht einziehen. Dabei knackte Ava D\u00e4llenbach mit einer Zeit von 11.63s nicht nur die 12s-Marke, sondern gleich auch den Vereinsrekord. Im Final dann lief Till in sehr guten 12.08s auf dem Silbermedaillenplatz \u00fcber die Ziellinie, Ava holte sich in 11.75s Bronze. Morris lief in 13.58s als sechstplatzierter ins Ziel und L\u00e9onie lief auf Rang 8 \u2013 und konnte wegen eines Misstritts an einer der ersten H\u00fcrden leider nicht ganz an ihre sehr gute Vorlaufzeit von 12.46s und den f\u00fcnften Zwischenrang ankn\u00fcpfen. Abgerundet wurde das sehr gute Teamergebnis durch den tollen 14. Platz von Ella Gribi, die den Final um nur gerade 36 Hundertstelsekunden verpasste.<\/p>\n<p>Knapp 35 Athletinnen und Athleten starteten bei den M\u00e4dchen der Kategorie U14, mit dabei die besten der Schweiz. In einer tollen neuen Vereinsrekord-Zeit von 10.34s und damit zwei Zehntel schneller als ihre bisherige pers\u00f6nliche Bestleistung qualifizierte sich Lyana Lemann als f\u00fcnfte f\u00fcr den Final der besten acht. Um nur gerade 6 Hundertstelsekunden verpasste Mia Dammann als 10-platzierte den Einzug in diesen Final. In 10.86s unterbot Mia ihre Outdoor-pB aber um 8 Zehntelsekunden. Ebenfalls eine neue pers\u00f6nliche Bestleistung gab es f\u00fcr Valerie Kilchenmann (11.92s) und Na\u00eblle Mange (12.72). Mit 10.40s best\u00e4tigte Lyana Lemann ihre Zeit aus dem Vorlauf im Final und holte sich im starken Teilnehmerinnenfeld den f\u00fcnften Schlussrang.<\/p>\n<p>Die Saison ist lanciert, ein erstes Feuerwerk gez\u00fcndet. Wir freuen uns, auf das, was kommt.<\/p>\nngg_shortcode_0_placeholder\n","protected":false},"excerpt":{"rendered":"<p>Traditionellerweise treffen sich am ersten Wochenende im Mai die H\u00fcrdenspezialist:innen am H\u00fcrden-Meeting in Langnau. Auch dieses Jahr waren die Felder entsprechend hochkar\u00e4tig. Auf der anderen Seite n\u00fctzen immer wieder Neo-U12-Kids den Wettkampf f\u00fcr einen ersten Start \u00fcber die 6 und mehr H\u00fcrden. Genau zu einer solchen Premiere kam es in diesem Jahr auch bei unseren [&hellip;]<\/p>\n","protected":false},"author":16,"featured_media":23903,"comment_status":"closed","ping_status":"closed","sticky":false,"template":"","format":"standard","meta":{"_et_pb_use_builder":"","_et_pb_old_content":"","_et_gb_content_width":"","ngg_post_thumbnail":0,"jetpack_post_was_ever_published":false,"_jetpack_newsletter_access":"","_jetpack_dont_email_post_to_subs":false,"_jetpack_newsletter_tier_id":0,"_jetpack_memberships_contains_paywalled_content":false,"_jetpack_memberships_contains_paid_content":false,"footnotes":"","jetpack_publicize_message":"","jetpack_publicize_feature_enabled":true,"jetpack_social_post_already_shared":true,"jetpack_social_options":{"image_generator_settings":{"template":"highway","enabled":false},"version":2}},"categories":[12],"tags":[],"class_list":["post-23902","post","type-post","status-publish","format-standard","has-post-thumbnail","hentry","category-la"],"yoast_head":"<!-- This site is optimized with the Yoast SEO plugin v25.1 - https:\/\/yoast.com\/wordpress\/plugins\/seo\/ -->\n<title>2 Medaillen, 2 Vereinsrekorde und ein Feuerwerk an pers\u00f6nlichen Bestleistungen beim Saisonstart am H\u00fcrdenmeeting in Langnau - Turnverein Bolligen<\/title>\n<meta name=\"robots\" content=\"index, follow, max-snippet:-1, max-image-preview:large, max-video-preview:-1\" \/>\n<link rel=\"canonical\" href=\"https:\/\/www.tvbolligen.ch\/site\/2-medaillen-2-vereinsrekorde-und-ein-feuerwerk-an-persoenlichen-bestleistungen-beim-saisonstart-am-huerdenmeeting-in-langnau\/\" \/>\n<meta property=\"og:locale\" content=\"de_DE\" \/>\n<meta property=\"og:type\" content=\"article\" \/>\n<meta property=\"og:title\" content=\"2 Medaillen, 2 Vereinsrekorde und ein Feuerwerk an pers\u00f6nlichen Bestleistungen beim Saisonstart am H\u00fcrdenmeeting in Langnau - Turnverein Bolligen\" \/>\n<meta property=\"og:description\" content=\"Traditionellerweise treffen sich am ersten Wochenende im Mai die H\u00fcrdenspezialist:innen am H\u00fcrden-Meeting in Langnau. Auch dieses Jahr waren die Felder entsprechend hochkar\u00e4tig. Auf der anderen Seite n\u00fctzen immer wieder Neo-U12-Kids den Wettkampf f\u00fcr einen ersten Start \u00fcber die 6 und mehr H\u00fcrden. Genau zu einer solchen Premiere kam es in diesem Jahr auch bei unseren [&hellip;]\" \/>\n<meta property=\"og:url\" content=\"https:\/\/www.tvbolligen.ch\/site\/2-medaillen-2-vereinsrekorde-und-ein-feuerwerk-an-persoenlichen-bestleistungen-beim-saisonstart-am-huerdenmeeting-in-langnau\/\" \/>\n<meta property=\"og:site_name\" content=\"Turnverein Bolligen\" \/>\n<meta property=\"article:published_time\" content=\"2024-05-04T16:32:03+00:00\" \/>\n<meta property=\"og:image\" content=\"https:\/\/www.tvbolligen.ch\/site\/wp-content\/uploads\/Huerden-Team-TV-Bolligen.jpg\" \/>\n\t<meta property=\"og:image:width\" content=\"2016\" \/>\n\t<meta property=\"og:image:height\" content=\"1512\" \/>\n\t<meta property=\"og:image:type\" content=\"image\/jpeg\" \/>\n<meta name=\"author\" content=\"Christoph Stadelmann\" \/>\n<meta name=\"twitter:card\" content=\"summary_large_image\" \/>\n<meta name=\"twitter:label1\" content=\"Verfasst von\" \/>\n\t<meta name=\"twitter:data1\" content=\"Christoph Stadelmann\" \/>\n\t<meta name=\"twitter:label2\" content=\"Gesch\u00e4tzte Lesezeit\" \/>\n\t<meta name=\"twitter:data2\" content=\"2\u00a0Minuten\" \/>\n<script type=\"application\/ld+json\" class=\"yoast-schema-graph\">{\"@context\":\"https:\/\/schema.org\",\"@graph\":[{\"@type\":\"Article\",\"@id\":\"https:\/\/www.tvbolligen.ch\/site\/2-medaillen-2-vereinsrekorde-und-ein-feuerwerk-an-persoenlichen-bestleistungen-beim-saisonstart-am-huerdenmeeting-in-langnau\/#article\",\"isPartOf\":{\"@id\":\"https:\/\/www.tvbolligen.ch\/site\/2-medaillen-2-vereinsrekorde-und-ein-feuerwerk-an-persoenlichen-bestleistungen-beim-saisonstart-am-huerdenmeeting-in-langnau\/\"},\"author\":{\"name\":\"Christoph Stadelmann\",\"@id\":\"https:\/\/www.tvbolligen.ch\/site\/#\/schema\/person\/cf2ff3d29907f0355f91f6838672eaf4\"},\"headline\":\"2 Medaillen, 2 Vereinsrekorde und ein Feuerwerk an pers\u00f6nlichen Bestleistungen beim Saisonstart am H\u00fcrdenmeeting in Langnau\",\"datePublished\":\"2024-05-04T16:32:03+00:00\",\"mainEntityOfPage\":{\"@id\":\"https:\/\/www.tvbolligen.ch\/site\/2-medaillen-2-vereinsrekorde-und-ein-feuerwerk-an-persoenlichen-bestleistungen-beim-saisonstart-am-huerdenmeeting-in-langnau\/\"},\"wordCount\":349,\"publisher\":{\"@id\":\"https:\/\/www.tvbolligen.ch\/site\/#organization\"},\"image\":{\"@id\":\"https:\/\/www.tvbolligen.ch\/site\/2-medaillen-2-vereinsrekorde-und-ein-feuerwerk-an-persoenlichen-bestleistungen-beim-saisonstart-am-huerdenmeeting-in-langnau\/#primaryimage\"},\"thumbnailUrl\":\"https:\/\/i0.wp.com\/www.tvbolligen.ch\/site\/wp-content\/uploads\/Huerden-Team-TV-Bolligen.jpg?fit=2016%2C1512&ssl=1\",\"articleSection\":[\"LA\"],\"inLanguage\":\"de\"},{\"@type\":\"WebPage\",\"@id\":\"https:\/\/www.tvbolligen.ch\/site\/2-medaillen-2-vereinsrekorde-und-ein-feuerwerk-an-persoenlichen-bestleistungen-beim-saisonstart-am-huerdenmeeting-in-langnau\/\",\"url\":\"https:\/\/www.tvbolligen.ch\/site\/2-medaillen-2-vereinsrekorde-und-ein-feuerwerk-an-persoenlichen-bestleistungen-beim-saisonstart-am-huerdenmeeting-in-langnau\/\",\"name\":\"2 Medaillen, 2 Vereinsrekorde und ein Feuerwerk an pers\u00f6nlichen Bestleistungen beim Saisonstart am H\u00fcrdenmeeting in Langnau - Turnverein Bolligen\",\"isPartOf\":{\"@id\":\"https:\/\/www.tvbolligen.ch\/site\/#website\"},\"primaryImageOfPage\":{\"@id\":\"https:\/\/www.tvbolligen.ch\/site\/2-medaillen-2-vereinsrekorde-und-ein-feuerwerk-an-persoenlichen-bestleistungen-beim-saisonstart-am-huerdenmeeting-in-langnau\/#primaryimage\"},\"image\":{\"@id\":\"https:\/\/www.tvbolligen.ch\/site\/2-medaillen-2-vereinsrekorde-und-ein-feuerwerk-an-persoenlichen-bestleistungen-beim-saisonstart-am-huerdenmeeting-in-langnau\/#primaryimage\"},\"thumbnailUrl\":\"https:\/\/i0.wp.com\/www.tvbolligen.ch\/site\/wp-content\/uploads\/Huerden-Team-TV-Bolligen.jpg?fit=2016%2C1512&ssl=1\",\"datePublished\":\"2024-05-04T16:32:03+00:00\",\"breadcrumb\":{\"@id\":\"https:\/\/www.tvbolligen.ch\/site\/2-medaillen-2-vereinsrekorde-und-ein-feuerwerk-an-persoenlichen-bestleistungen-beim-saisonstart-am-huerdenmeeting-in-langnau\/#breadcrumb\"},\"inLanguage\":\"de\",\"potentialAction\":[{\"@type\":\"ReadAction\",\"target\":[\"https:\/\/www.tvbolligen.ch\/site\/2-medaillen-2-vereinsrekorde-und-ein-feuerwerk-an-persoenlichen-bestleistungen-beim-saisonstart-am-huerdenmeeting-in-langnau\/\"]}]},{\"@type\":\"ImageObject\",\"inLanguage\":\"de\",\"@id\":\"https:\/\/www.tvbolligen.ch\/site\/2-medaillen-2-vereinsrekorde-und-ein-feuerwerk-an-persoenlichen-bestleistungen-beim-saisonstart-am-huerdenmeeting-in-langnau\/#primaryimage\",\"url\":\"https:\/\/i0.wp.com\/www.tvbolligen.ch\/site\/wp-content\/uploads\/Huerden-Team-TV-Bolligen.jpg?fit=2016%2C1512&ssl=1\",\"contentUrl\":\"https:\/\/i0.wp.com\/www.tvbolligen.ch\/site\/wp-content\/uploads\/Huerden-Team-TV-Bolligen.jpg?fit=2016%2C1512&ssl=1\",\"width\":2016,\"height\":1512},{\"@type\":\"BreadcrumbList\",\"@id\":\"https:\/\/www.tvbolligen.ch\/site\/2-medaillen-2-vereinsrekorde-und-ein-feuerwerk-an-persoenlichen-bestleistungen-beim-saisonstart-am-huerdenmeeting-in-langnau\/#breadcrumb\",\"itemListElement\":[{\"@type\":\"ListItem\",\"position\":1,\"name\":\"Home\",\"item\":\"https:\/\/www.tvbolligen.ch\/site\/\"},{\"@type\":\"ListItem\",\"position\":2,\"name\":\"2 Medaillen, 2 Vereinsrekorde und ein Feuerwerk an pers\u00f6nlichen Bestleistungen beim Saisonstart am H\u00fcrdenmeeting in Langnau\"}]},{\"@type\":\"WebSite\",\"@id\":\"https:\/\/www.tvbolligen.ch\/site\/#website\",\"url\":\"https:\/\/www.tvbolligen.ch\/site\/\",\"name\":\"Turnverein Bolligen\",\"description\":\"Sport f\u00fcr Jung und Alt in Bolligen\",\"publisher\":{\"@id\":\"https:\/\/www.tvbolligen.ch\/site\/#organization\"},\"potentialAction\":[{\"@type\":\"SearchAction\",\"target\":{\"@type\":\"EntryPoint\",\"urlTemplate\":\"https:\/\/www.tvbolligen.ch\/site\/?s={search_term_string}\"},\"query-input\":{\"@type\":\"PropertyValueSpecification\",\"valueRequired\":true,\"valueName\":\"search_term_string\"}}],\"inLanguage\":\"de\"},{\"@type\":\"Organization\",\"@id\":\"https:\/\/www.tvbolligen.ch\/site\/#organization\",\"name\":\"Turnverein Bolligen\",\"url\":\"https:\/\/www.tvbolligen.ch\/site\/\",\"logo\":{\"@type\":\"ImageObject\",\"inLanguage\":\"de\",\"@id\":\"https:\/\/www.tvbolligen.ch\/site\/#\/schema\/logo\/image\/\",\"url\":\"https:\/\/i0.wp.com\/www.tvbolligen.ch\/site\/wp-content\/uploads\/2015\/12\/Logo_TV_mittel.png?fit=1000%2C303&ssl=1\",\"contentUrl\":\"https:\/\/i0.wp.com\/www.tvbolligen.ch\/site\/wp-content\/uploads\/2015\/12\/Logo_TV_mittel.png?fit=1000%2C303&ssl=1\",\"width\":1000,\"height\":303,\"caption\":\"Turnverein Bolligen\"},\"image\":{\"@id\":\"https:\/\/www.tvbolligen.ch\/site\/#\/schema\/logo\/image\/\"}},{\"@type\":\"Person\",\"@id\":\"https:\/\/www.tvbolligen.ch\/site\/#\/schema\/person\/cf2ff3d29907f0355f91f6838672eaf4\",\"name\":\"Christoph Stadelmann\",\"image\":{\"@type\":\"ImageObject\",\"inLanguage\":\"de\",\"@id\":\"https:\/\/www.tvbolligen.ch\/site\/#\/schema\/person\/image\/\",\"url\":\"https:\/\/secure.gravatar.com\/avatar\/eb36e22abc5edb516c894c982c651ddde21b1dc17f96bef394f2f54c3f96d06d?s=96&d=mm&r=g\",\"contentUrl\":\"https:\/\/secure.gravatar.com\/avatar\/eb36e22abc5edb516c894c982c651ddde21b1dc17f96bef394f2f54c3f96d06d?s=96&d=mm&r=g\",\"caption\":\"Christoph Stadelmann\"},\"url\":\"https:\/\/www.tvbolligen.ch\/site\/author\/stadli\/\"}]}<\/script>\n<!-- \/ Yoast SEO plugin. -->","yoast_head_json":{"title":"2 Medaillen, 2 Vereinsrekorde und ein Feuerwerk an pers\u00f6nlichen Bestleistungen beim Saisonstart am H\u00fcrdenmeeting in Langnau - Turnverein Bolligen","robots":{"index":"index","follow":"follow","max-snippet":"max-snippet:-1","max-image-preview":"max-image-preview:large","max-video-preview":"max-video-preview:-1"},"canonical":"https:\/\/www.tvbolligen.ch\/site\/2-medaillen-2-vereinsrekorde-und-ein-feuerwerk-an-persoenlichen-bestleistungen-beim-saisonstart-am-huerdenmeeting-in-langnau\/","og_locale":"de_DE","og_type":"article","og_title":"2 Medaillen, 2 Vereinsrekorde und ein Feuerwerk an pers\u00f6nlichen Bestleistungen beim Saisonstart am H\u00fcrdenmeeting in Langnau - Turnverein Bolligen","og_description":"Traditionellerweise treffen sich am ersten Wochenende im Mai die H\u00fcrdenspezialist:innen am H\u00fcrden-Meeting in Langnau. Auch dieses Jahr waren die Felder entsprechend hochkar\u00e4tig. Auf der anderen Seite n\u00fctzen immer wieder Neo-U12-Kids den Wettkampf f\u00fcr einen ersten Start \u00fcber die 6 und mehr H\u00fcrden. Genau zu einer solchen Premiere kam es in diesem Jahr auch bei unseren [&hellip;]","og_url":"https:\/\/www.tvbolligen.ch\/site\/2-medaillen-2-vereinsrekorde-und-ein-feuerwerk-an-persoenlichen-bestleistungen-beim-saisonstart-am-huerdenmeeting-in-langnau\/","og_site_name":"Turnverein Bolligen","article_published_time":"2024-05-04T16:32:03+00:00","og_image":[{"width":2016,"height":1512,"url":"https:\/\/www.tvbolligen.ch\/site\/wp-content\/uploads\/Huerden-Team-TV-Bolligen.jpg","type":"image\/jpeg"}],"author":"Christoph Stadelmann","twitter_card":"summary_large_image","twitter_misc":{"Verfasst von":"Christoph Stadelmann","Gesch\u00e4tzte Lesezeit":"2\u00a0Minuten"},"schema":{"@context":"https:\/\/schema.org","@graph":[{"@type":"Article","@id":"https:\/\/www.tvbolligen.ch\/site\/2-medaillen-2-vereinsrekorde-und-ein-feuerwerk-an-persoenlichen-bestleistungen-beim-saisonstart-am-huerdenmeeting-in-langnau\/#article","isPartOf":{"@id":"https:\/\/www.tvbolligen.ch\/site\/2-medaillen-2-vereinsrekorde-und-ein-feuerwerk-an-persoenlichen-bestleistungen-beim-saisonstart-am-huerdenmeeting-in-langnau\/"},"author":{"name":"Christoph Stadelmann","@id":"https:\/\/www.tvbolligen.ch\/site\/#\/schema\/person\/cf2ff3d29907f0355f91f6838672eaf4"},"headline":"2 Medaillen, 2 Vereinsrekorde und ein Feuerwerk an pers\u00f6nlichen Bestleistungen beim Saisonstart am H\u00fcrdenmeeting in Langnau","datePublished":"2024-05-04T16:32:03+00:00","mainEntityOfPage":{"@id":"https:\/\/www.tvbolligen.ch\/site\/2-medaillen-2-vereinsrekorde-und-ein-feuerwerk-an-persoenlichen-bestleistungen-beim-saisonstart-am-huerdenmeeting-in-langnau\/"},"wordCount":349,"publisher":{"@id":"https:\/\/www.tvbolligen.ch\/site\/#organization"},"image":{"@id":"https:\/\/www.tvbolligen.ch\/site\/2-medaillen-2-vereinsrekorde-und-ein-feuerwerk-an-persoenlichen-bestleistungen-beim-saisonstart-am-huerdenmeeting-in-langnau\/#primaryimage"},"thumbnailUrl":"https:\/\/i0.wp.com\/www.tvbolligen.ch\/site\/wp-content\/uploads\/Huerden-Team-TV-Bolligen.jpg?fit=2016%2C1512&ssl=1","articleSection":["LA"],"inLanguage":"de"},{"@type":"WebPage","@id":"https:\/\/www.tvbolligen.ch\/site\/2-medaillen-2-vereinsrekorde-und-ein-feuerwerk-an-persoenlichen-bestleistungen-beim-saisonstart-am-huerdenmeeting-in-langnau\/","url":"https:\/\/www.tvbolligen.ch\/site\/2-medaillen-2-vereinsrekorde-und-ein-feuerwerk-an-persoenlichen-bestleistungen-beim-saisonstart-am-huerdenmeeting-in-langnau\/","name":"2 Medaillen, 2 Vereinsrekorde und ein Feuerwerk an pers\u00f6nlichen Bestleistungen beim Saisonstart am H\u00fcrdenmeeting in Langnau - Turnverein Bolligen","isPartOf":{"@id":"https:\/\/www.tvbolligen.ch\/site\/#website"},"primaryImageOfPage":{"@id":"https:\/\/www.tvbolligen.ch\/site\/2-medaillen-2-vereinsrekorde-und-ein-feuerwerk-an-persoenlichen-bestleistungen-beim-saisonstart-am-huerdenmeeting-in-langnau\/#primaryimage"},"image":{"@id":"https:\/\/www.tvbolligen.ch\/site\/2-medaillen-2-vereinsrekorde-und-ein-feuerwerk-an-persoenlichen-bestleistungen-beim-saisonstart-am-huerdenmeeting-in-langnau\/#primaryimage"},"thumbnailUrl":"https:\/\/i0.wp.com\/www.tvbolligen.ch\/site\/wp-content\/uploads\/Huerden-Team-TV-Bolligen.jpg?fit=2016%2C1512&ssl=1","datePublished":"2024-05-04T16:32:03+00:00","breadcrumb":{"@id":"https:\/\/www.tvbolligen.ch\/site\/2-medaillen-2-vereinsrekorde-und-ein-feuerwerk-an-persoenlichen-bestleistungen-beim-saisonstart-am-huerdenmeeting-in-langnau\/#breadcrumb"},"inLanguage":"de","potentialAction":[{"@type":"ReadAction","target":["https:\/\/www.tvbolligen.ch\/site\/2-medaillen-2-vereinsrekorde-und-ein-feuerwerk-an-persoenlichen-bestleistungen-beim-saisonstart-am-huerdenmeeting-in-langnau\/"]}]},{"@type":"ImageObject","inLanguage":"de","@id":"https:\/\/www.tvbolligen.ch\/site\/2-medaillen-2-vereinsrekorde-und-ein-feuerwerk-an-persoenlichen-bestleistungen-beim-saisonstart-am-huerdenmeeting-in-langnau\/#primaryimage","url":"https:\/\/i0.wp.com\/www.tvbolligen.ch\/site\/wp-content\/uploads\/Huerden-Team-TV-Bolligen.jpg?fit=2016%2C1512&ssl=1","contentUrl":"https:\/\/i0.wp.com\/www.tvbolligen.ch\/site\/wp-content\/uploads\/Huerden-Team-TV-Bolligen.jpg?fit=2016%2C1512&ssl=1","width":2016,"height":1512},{"@type":"BreadcrumbList","@id":"https:\/\/www.tvbolligen.ch\/site\/2-medaillen-2-vereinsrekorde-und-ein-feuerwerk-an-persoenlichen-bestleistungen-beim-saisonstart-am-huerdenmeeting-in-langnau\/#breadcrumb","itemListElement":[{"@type":"ListItem","position":1,"name":"Home","item":"https:\/\/www.tvbolligen.ch\/site\/"},{"@type":"ListItem","position":2,"name":"2 Medaillen, 2 Vereinsrekorde und ein Feuerwerk an pers\u00f6nlichen Bestleistungen beim Saisonstart am H\u00fcrdenmeeting in Langnau"}]},{"@type":"WebSite","@id":"https:\/\/www.tvbolligen.ch\/site\/#website","url":"https:\/\/www.tvbolligen.ch\/site\/","name":"Turnverein Bolligen","description":"Sport f\u00fcr Jung und Alt in Bolligen","publisher":{"@id":"https:\/\/www.tvbolligen.ch\/site\/#organization"},"potentialAction":[{"@type":"SearchAction","target":{"@type":"EntryPoint","urlTemplate":"https:\/\/www.tvbolligen.ch\/site\/?s={search_term_string}"},"query-input":{"@type":"PropertyValueSpecification","valueRequired":true,"valueName":"search_term_string"}}],"inLanguage":"de"},{"@type":"Organization","@id":"https:\/\/www.tvbolligen.ch\/site\/#organization","name":"Turnverein Bolligen","url":"https:\/\/www.tvbolligen.ch\/site\/","logo":{"@type":"ImageObject","inLanguage":"de","@id":"https:\/\/www.tvbolligen.ch\/site\/#\/schema\/logo\/image\/","url":"https:\/\/i0.wp.com\/www.tvbolligen.ch\/site\/wp-content\/uploads\/2015\/12\/Logo_TV_mittel.png?fit=1000%2C303&ssl=1","contentUrl":"https:\/\/i0.wp.com\/www.tvbolligen.ch\/site\/wp-content\/uploads\/2015\/12\/Logo_TV_mittel.png?fit=1000%2C303&ssl=1","width":1000,"height":303,"caption":"Turnverein Bolligen"},"image":{"@id":"https:\/\/www.tvbolligen.ch\/site\/#\/schema\/logo\/image\/"}},{"@type":"Person","@id":"https:\/\/www.tvbolligen.ch\/site\/#\/schema\/person\/cf2ff3d29907f0355f91f6838672eaf4","name":"Christoph Stadelmann","image":{"@type":"ImageObject","inLanguage":"de","@id":"https:\/\/www.tvbolligen.ch\/site\/#\/schema\/person\/image\/","url":"https:\/\/secure.gravatar.com\/avatar\/eb36e22abc5edb516c894c982c651ddde21b1dc17f96bef394f2f54c3f96d06d?s=96&d=mm&r=g","contentUrl":"https:\/\/secure.gravatar.com\/avatar\/eb36e22abc5edb516c894c982c651ddde21b1dc17f96bef394f2f54c3f96d06d?s=96&d=mm&r=g","caption":"Christoph Stadelmann"},"url":"https:\/\/www.tvbolligen.ch\/site\/author\/stadli\/"}]}},"jetpack_publicize_connections":[],"jetpack_featured_media_url":"https:\/\/i0.wp.com\/www.tvbolligen.ch\/site\/wp-content\/uploads\/Huerden-Team-TV-Bolligen.jpg?fit=2016%2C1512&ssl=1","jetpack_sharing_enabled":true,"jetpack_shortlink":"https:\/\/wp.me\/p751GT-6dw","_links":{"self":[{"href":"https:\/\/www.tvbolligen.ch\/site\/wp-json\/wp\/v2\/posts\/23902","targetHints":{"allow":["GET"]}}],"collection":[{"href":"https:\/\/www.tvbolligen.ch\/site\/wp-json\/wp\/v2\/posts"}],"about":[{"href":"https:\/\/www.tvbolligen.ch\/site\/wp-json\/wp\/v2\/types\/post"}],"author":[{"embeddable":true,"href":"https:\/\/www.tvbolligen.ch\/site\/wp-json\/wp\/v2\/users\/16"}],"replies":[{"embeddable":true,"href":"https:\/\/www.tvbolligen.ch\/site\/wp-json\/wp\/v2\/comments?post=23902"}],"version-history":[{"count":1,"href":"https:\/\/www.tvbolligen.ch\/site\/wp-json\/wp\/v2\/posts\/23902\/revisions"}],"predecessor-version":[{"id":23904,"href":"https:\/\/www.tvbolligen.ch\/site\/wp-json\/wp\/v2\/posts\/23902\/revisions\/23904"}],"wp:featuredmedia":[{"embeddable":true,"href":"https:\/\/www.tvbolligen.ch\/site\/wp-json\/wp\/v2\/media\/23903"}],"wp:attachment":[{"href":"https:\/\/www.tvbolligen.ch\/site\/wp-json\/wp\/v2\/media?parent=23902"}],"wp:term":[{"taxonomy":"category","embeddable":true,"href":"https:\/\/www.tvbolligen.ch\/site\/wp-json\/wp\/v2\/categories?post=23902"},{"taxonomy":"post_tag","embeddable":true,"href":"https:\/\/www.tvbolligen.ch\/site\/wp-json\/wp\/v2\/tags?post=23902"}],"curies":[{"name":"wp","href":"https:\/\/api.w.org\/{rel}","templated":true}]}}