{"id":24030,"date":"2024-06-23T13:20:01","date_gmt":"2024-06-23T12:20:01","guid":{"rendered":"https:\/\/www.tvbolligen.ch\/site\/?p=24030"},"modified":"2024-06-23T13:20:01","modified_gmt":"2024-06-23T12:20:01","slug":"regenschlacht-am-kids-cup-in-langenthal","status":"publish","type":"post","link":"https:\/\/www.tvbolligen.ch\/site\/regenschlacht-am-kids-cup-in-langenthal\/","title":{"rendered":"\u00abRegenschlacht\u00bb am kids cup in Langenthal"},"content":{"rendered":"<p>Insgesamt 24 Kids des TV Bolligen trotzten beim kids cup in Langenthal dem anhaltendem und gr\u00f6sstenteils str\u00f6menden Regen. Allein die Tatsache, in welch tapferer Weise die Kids sich bei diesen misslichen Bedingungen durch den Wettkampf k\u00e4mpften, verdient gr\u00f6sste Anerkennung. Dass es einigen sogar gelang, bei diesem Wetter diverse pers\u00f6nliche Bestleistungen zu erzielen, zeugt von der professionellen Einstellung.<\/p>\n<p>Den Kopf des Bolliger Teams bildeten Lyana Lemann (Kategorie W13) und Ava D\u00e4llenbach (Kategorie W10), welche in den ultrastarken, kantonfinal-w\u00fcrdigen Feldern in ihren Kategorien jeweils die Silbermedaille holten. Ava \u00fcbersprang dabei zum ersten Mal die 4m-Marke, Lyana warf im Ballweitwurf zum ersten Mal weiter als 42m \u2013 und machte sich damit gleich ihr eigenes kleines Geburtstagsgeschenk. Mit jeweils einem f\u00fcnften Platz verpassten Mia Dammann (Kategorie W13) und Till Stadelmann (Kategorie M10) das Podest nur ganz knapp.<br \/>\nBesonders erw\u00e4hnt seien zudem auch Na\u00eblle Mange (Kategorie W13) und Morris Longoni (Kategorie M10), welche sich bei der \u00abRegenschlacht\u00bb in Langenthal gleich in allen drei Disziplinen eine neue pers\u00f6nliche Bestleistung notieren lassen konnten. Weitere pers\u00f6nliche Bestleistungen gab es auch f\u00fcr Maraya Longoni (Kategorie W8), Ella Buchenel (W9), Levin Theiler (M9), Simon Hari (M11) und Ajana Zimmermann (W12).<\/p>\n<p>ngg_shortcode_0_placeholder<strong><em>Die Leistungen im \u00dcberblick:<\/em><\/strong><\/p>\n<p><strong>U10<\/strong><br \/>\n<em>Kategorie W8 (2016)<\/em><br \/>\n14. Maraya Longoni: 60m 11,15s (pB), Ball 11,26m, Weit 2.74m, 3-Kampf 559 Punkte<br \/>\n<em>Kategorie W9 (2015)<\/em><br \/>\n19. Ella Buchenel: 60m 10,75s, Ball 16,52m (pB), Weit 2.90m (pB), 3-Kampf 737 Punkte (pB)<br \/>\n<em>Kategorie M9 (2015)<\/em><br \/>\n19. Levin Theiler: 60m 11,97s, Ball 22,05m (pB), Weit 2,28m, 3-Kampf 436 Punkte (pB)<\/p>\n<p><strong>U12<\/strong><br \/>\n<em>Kategorie W10 (2014)<\/em><br \/>\n2. Ava D\u00e4llebnach: 60m 9,60s (pB), Ball 28,50m, Weit 4.09m (pB), 3-Kampf 1381 Punkte<br \/>\n16. L\u00e9onie Stadelman: 60m 10,00s, Ball 19,42s, Weit 3,30m, 3-Kampf 989 Punkte<br \/>\n17. Ella Gribi: 60m 10,00s, Ball 19,42m, Weit 3,30m, 3-Kampf 965 Punkte<br \/>\nKategorie M10 (2014)<br \/>\n5. Till Stadelmann: 60m 9,72s, Ball 28,46m, Weit 3,69m, 3-Kampf 1000 Punkte<br \/>\n10. Morris Longoni: 60m 9,80s (pB), Ball 22,58m (pB), Weit 3,54m (pB), 3-Kampf 888 Punkte (pB)<br \/>\n<em>Kategorie W11 (2013)<\/em><br \/>\n11. Liv Schafer: 60m 9,89s, Ball 19,50m, Weit 3,40m, 3-Kampf 1032 Punkte<br \/>\n17. Lucia Hug: 60m 8.87s, Ball 18,12m, Weit 2,90m, 3-Kampf 911 Punkte<br \/>\n<em>Kategorie M11 (2013)<\/em><br \/>\n18. Lionel Polzer: 60m 10,35s, Ball 29,45m, Weit 3,41m (pB), 3-Kampf 871 Punkte<br \/>\n20. Fabian Ludwig: 60m 10,11s, Ball 29,83m, Weit 3,14m, 3-Kampf 868 Punkte<br \/>\n24. Simon Hari: 60m 9.63s, Ball 16,33m, Weit 3,20m (pB), 3-Kampf 778 Punkte<br \/>\n29. Fabio Reber: 60m 10,51s, Ball 21,60m, Weit 2,84m, 3-Kampf 658 Punkte<\/p>\n<p><strong>U14<\/strong><br \/>\n<em>Kategorie W12 (2012)<\/em><br \/>\n19. Maiia Fridman: 60m 10,01s, Ball 15,15m, Weit 3,00m, 3-Kampf 852 Punkte<br \/>\nKategorie W13 (2011)<br \/>\n2. Lyana Lemann: 60m 8,87s, Ball 42,22m (pB), Weit 4,81m, 3-Kampf 1920 Punkte<br \/>\n5. Mia Dammann: 60m 9,12s, Ball 38,17m, Weit 4,51m, 3-Kampf 1731 Punkte<br \/>\n13. Luna M\u00fcdespacher: 60m 8.99s, Ball 26,20m, Weit 3,89m, 1442 Punkte<br \/>\n19. Na\u00eblle Mange: 60m 9,68s (pB), Ball 25.58m (pB), Weit 3.93m (pB), 1283 Punkte (pB)<br \/>\n29. Ajana Zimmermann: 60m 10.82s, Ball 19,34m, Weit 3,28m (pB), 3-Kampf 851 Punkte<br \/>\n<em>Kategorie M13 (2011)<\/em><br \/>\n15. C\u00e9dric Stadelmann: 60m 9.79s, Ball 22,66m, Weit 3,67m, 3-Kampf 912 Punkte<\/p>\n<p><strong>U16<\/strong><br \/>\n<em>Kategorie W14 (2010)<\/em><br \/>\n22. Flurina Hari: 60m 9.62s, Ball 22,00m, Weit 3,52m, 3-Kampf 1152 Punkte<br \/>\n23. Elin Hofer: 60m 10,10s, Ball 18,30m, Weit 3,33m, 3-Kampf 957 Punkte<\/p>\n","protected":false},"excerpt":{"rendered":"<p>Insgesamt 24 Kids des TV Bolligen trotzten beim kids cup in Langenthal dem anhaltendem und gr\u00f6sstenteils str\u00f6menden Regen. Allein die Tatsache, in welch tapferer Weise die Kids sich bei diesen misslichen Bedingungen durch den Wettkampf k\u00e4mpften, verdient gr\u00f6sste Anerkennung. Dass es einigen sogar gelang, bei diesem Wetter diverse pers\u00f6nliche Bestleistungen zu erzielen, zeugt von der [&hellip;]<\/p>\n","protected":false},"author":16,"featured_media":24032,"comment_status":"closed","ping_status":"closed","sticky":false,"template":"","format":"standard","meta":{"_et_pb_use_builder":"","_et_pb_old_content":"","_et_gb_content_width":"","ngg_post_thumbnail":0,"jetpack_post_was_ever_published":false,"_jetpack_newsletter_access":"","_jetpack_dont_email_post_to_subs":false,"_jetpack_newsletter_tier_id":0,"_jetpack_memberships_contains_paywalled_content":false,"_jetpack_memberships_contains_paid_content":false,"footnotes":"","jetpack_publicize_message":"","jetpack_publicize_feature_enabled":true,"jetpack_social_post_already_shared":true,"jetpack_social_options":{"image_generator_settings":{"template":"highway","enabled":false},"version":2}},"categories":[12],"tags":[],"class_list":["post-24030","post","type-post","status-publish","format-standard","has-post-thumbnail","hentry","category-la"],"yoast_head":"<!-- This site is optimized with the Yoast SEO plugin v25.1 - https:\/\/yoast.com\/wordpress\/plugins\/seo\/ -->\n<title>\u00abRegenschlacht\u00bb am kids cup in Langenthal - Turnverein Bolligen<\/title>\n<meta name=\"robots\" content=\"index, follow, max-snippet:-1, max-image-preview:large, max-video-preview:-1\" \/>\n<link rel=\"canonical\" href=\"https:\/\/www.tvbolligen.ch\/site\/regenschlacht-am-kids-cup-in-langenthal\/\" \/>\n<meta property=\"og:locale\" content=\"de_DE\" \/>\n<meta property=\"og:type\" content=\"article\" \/>\n<meta property=\"og:title\" content=\"\u00abRegenschlacht\u00bb am kids cup in Langenthal - Turnverein Bolligen\" \/>\n<meta property=\"og:description\" content=\"Insgesamt 24 Kids des TV Bolligen trotzten beim kids cup in Langenthal dem anhaltendem und gr\u00f6sstenteils str\u00f6menden Regen. Allein die Tatsache, in welch tapferer Weise die Kids sich bei diesen misslichen Bedingungen durch den Wettkampf k\u00e4mpften, verdient gr\u00f6sste Anerkennung. Dass es einigen sogar gelang, bei diesem Wetter diverse pers\u00f6nliche Bestleistungen zu erzielen, zeugt von der [&hellip;]\" \/>\n<meta property=\"og:url\" content=\"https:\/\/www.tvbolligen.ch\/site\/regenschlacht-am-kids-cup-in-langenthal\/\" \/>\n<meta property=\"og:site_name\" content=\"Turnverein Bolligen\" \/>\n<meta property=\"article:published_time\" content=\"2024-06-23T12:20:01+00:00\" \/>\n<meta property=\"og:image\" content=\"https:\/\/www.tvbolligen.ch\/site\/wp-content\/uploads\/TV-Bolligen-Kids-am-kids-cup-in-Langenthal.jpg\" \/>\n\t<meta property=\"og:image:width\" content=\"2016\" \/>\n\t<meta property=\"og:image:height\" content=\"1512\" \/>\n\t<meta property=\"og:image:type\" content=\"image\/jpeg\" \/>\n<meta name=\"author\" content=\"Christoph Stadelmann\" \/>\n<meta name=\"twitter:card\" content=\"summary_large_image\" \/>\n<meta name=\"twitter:label1\" content=\"Verfasst von\" \/>\n\t<meta name=\"twitter:data1\" content=\"Christoph Stadelmann\" \/>\n\t<meta name=\"twitter:label2\" content=\"Gesch\u00e4tzte Lesezeit\" \/>\n\t<meta name=\"twitter:data2\" content=\"2\u00a0Minuten\" \/>\n<script type=\"application\/ld+json\" class=\"yoast-schema-graph\">{\"@context\":\"https:\/\/schema.org\",\"@graph\":[{\"@type\":\"Article\",\"@id\":\"https:\/\/www.tvbolligen.ch\/site\/regenschlacht-am-kids-cup-in-langenthal\/#article\",\"isPartOf\":{\"@id\":\"https:\/\/www.tvbolligen.ch\/site\/regenschlacht-am-kids-cup-in-langenthal\/\"},\"author\":{\"name\":\"Christoph Stadelmann\",\"@id\":\"https:\/\/www.tvbolligen.ch\/site\/#\/schema\/person\/cf2ff3d29907f0355f91f6838672eaf4\"},\"headline\":\"\u00abRegenschlacht\u00bb am kids cup in Langenthal\",\"datePublished\":\"2024-06-23T12:20:01+00:00\",\"mainEntityOfPage\":{\"@id\":\"https:\/\/www.tvbolligen.ch\/site\/regenschlacht-am-kids-cup-in-langenthal\/\"},\"wordCount\":497,\"publisher\":{\"@id\":\"https:\/\/www.tvbolligen.ch\/site\/#organization\"},\"image\":{\"@id\":\"https:\/\/www.tvbolligen.ch\/site\/regenschlacht-am-kids-cup-in-langenthal\/#primaryimage\"},\"thumbnailUrl\":\"https:\/\/i0.wp.com\/www.tvbolligen.ch\/site\/wp-content\/uploads\/TV-Bolligen-Kids-am-kids-cup-in-Langenthal.jpg?fit=2016%2C1512&ssl=1\",\"articleSection\":[\"LA\"],\"inLanguage\":\"de\"},{\"@type\":\"WebPage\",\"@id\":\"https:\/\/www.tvbolligen.ch\/site\/regenschlacht-am-kids-cup-in-langenthal\/\",\"url\":\"https:\/\/www.tvbolligen.ch\/site\/regenschlacht-am-kids-cup-in-langenthal\/\",\"name\":\"\u00abRegenschlacht\u00bb am kids cup in Langenthal - Turnverein Bolligen\",\"isPartOf\":{\"@id\":\"https:\/\/www.tvbolligen.ch\/site\/#website\"},\"primaryImageOfPage\":{\"@id\":\"https:\/\/www.tvbolligen.ch\/site\/regenschlacht-am-kids-cup-in-langenthal\/#primaryimage\"},\"image\":{\"@id\":\"https:\/\/www.tvbolligen.ch\/site\/regenschlacht-am-kids-cup-in-langenthal\/#primaryimage\"},\"thumbnailUrl\":\"https:\/\/i0.wp.com\/www.tvbolligen.ch\/site\/wp-content\/uploads\/TV-Bolligen-Kids-am-kids-cup-in-Langenthal.jpg?fit=2016%2C1512&ssl=1\",\"datePublished\":\"2024-06-23T12:20:01+00:00\",\"breadcrumb\":{\"@id\":\"https:\/\/www.tvbolligen.ch\/site\/regenschlacht-am-kids-cup-in-langenthal\/#breadcrumb\"},\"inLanguage\":\"de\",\"potentialAction\":[{\"@type\":\"ReadAction\",\"target\":[\"https:\/\/www.tvbolligen.ch\/site\/regenschlacht-am-kids-cup-in-langenthal\/\"]}]},{\"@type\":\"ImageObject\",\"inLanguage\":\"de\",\"@id\":\"https:\/\/www.tvbolligen.ch\/site\/regenschlacht-am-kids-cup-in-langenthal\/#primaryimage\",\"url\":\"https:\/\/i0.wp.com\/www.tvbolligen.ch\/site\/wp-content\/uploads\/TV-Bolligen-Kids-am-kids-cup-in-Langenthal.jpg?fit=2016%2C1512&ssl=1\",\"contentUrl\":\"https:\/\/i0.wp.com\/www.tvbolligen.ch\/site\/wp-content\/uploads\/TV-Bolligen-Kids-am-kids-cup-in-Langenthal.jpg?fit=2016%2C1512&ssl=1\",\"width\":2016,\"height\":1512},{\"@type\":\"BreadcrumbList\",\"@id\":\"https:\/\/www.tvbolligen.ch\/site\/regenschlacht-am-kids-cup-in-langenthal\/#breadcrumb\",\"itemListElement\":[{\"@type\":\"ListItem\",\"position\":1,\"name\":\"Home\",\"item\":\"https:\/\/www.tvbolligen.ch\/site\/\"},{\"@type\":\"ListItem\",\"position\":2,\"name\":\"\u00abRegenschlacht\u00bb am kids cup in Langenthal\"}]},{\"@type\":\"WebSite\",\"@id\":\"https:\/\/www.tvbolligen.ch\/site\/#website\",\"url\":\"https:\/\/www.tvbolligen.ch\/site\/\",\"name\":\"Turnverein Bolligen\",\"description\":\"Sport f\u00fcr Jung und Alt in Bolligen\",\"publisher\":{\"@id\":\"https:\/\/www.tvbolligen.ch\/site\/#organization\"},\"potentialAction\":[{\"@type\":\"SearchAction\",\"target\":{\"@type\":\"EntryPoint\",\"urlTemplate\":\"https:\/\/www.tvbolligen.ch\/site\/?s={search_term_string}\"},\"query-input\":{\"@type\":\"PropertyValueSpecification\",\"valueRequired\":true,\"valueName\":\"search_term_string\"}}],\"inLanguage\":\"de\"},{\"@type\":\"Organization\",\"@id\":\"https:\/\/www.tvbolligen.ch\/site\/#organization\",\"name\":\"Turnverein Bolligen\",\"url\":\"https:\/\/www.tvbolligen.ch\/site\/\",\"logo\":{\"@type\":\"ImageObject\",\"inLanguage\":\"de\",\"@id\":\"https:\/\/www.tvbolligen.ch\/site\/#\/schema\/logo\/image\/\",\"url\":\"https:\/\/i0.wp.com\/www.tvbolligen.ch\/site\/wp-content\/uploads\/2015\/12\/Logo_TV_mittel.png?fit=1000%2C303&ssl=1\",\"contentUrl\":\"https:\/\/i0.wp.com\/www.tvbolligen.ch\/site\/wp-content\/uploads\/2015\/12\/Logo_TV_mittel.png?fit=1000%2C303&ssl=1\",\"width\":1000,\"height\":303,\"caption\":\"Turnverein Bolligen\"},\"image\":{\"@id\":\"https:\/\/www.tvbolligen.ch\/site\/#\/schema\/logo\/image\/\"}},{\"@type\":\"Person\",\"@id\":\"https:\/\/www.tvbolligen.ch\/site\/#\/schema\/person\/cf2ff3d29907f0355f91f6838672eaf4\",\"name\":\"Christoph Stadelmann\",\"image\":{\"@type\":\"ImageObject\",\"inLanguage\":\"de\",\"@id\":\"https:\/\/www.tvbolligen.ch\/site\/#\/schema\/person\/image\/\",\"url\":\"https:\/\/secure.gravatar.com\/avatar\/eb36e22abc5edb516c894c982c651ddde21b1dc17f96bef394f2f54c3f96d06d?s=96&d=mm&r=g\",\"contentUrl\":\"https:\/\/secure.gravatar.com\/avatar\/eb36e22abc5edb516c894c982c651ddde21b1dc17f96bef394f2f54c3f96d06d?s=96&d=mm&r=g\",\"caption\":\"Christoph Stadelmann\"},\"url\":\"https:\/\/www.tvbolligen.ch\/site\/author\/stadli\/\"}]}<\/script>\n<!-- \/ Yoast SEO plugin. -->","yoast_head_json":{"title":"\u00abRegenschlacht\u00bb am kids cup in Langenthal - Turnverein Bolligen","robots":{"index":"index","follow":"follow","max-snippet":"max-snippet:-1","max-image-preview":"max-image-preview:large","max-video-preview":"max-video-preview:-1"},"canonical":"https:\/\/www.tvbolligen.ch\/site\/regenschlacht-am-kids-cup-in-langenthal\/","og_locale":"de_DE","og_type":"article","og_title":"\u00abRegenschlacht\u00bb am kids cup in Langenthal - Turnverein Bolligen","og_description":"Insgesamt 24 Kids des TV Bolligen trotzten beim kids cup in Langenthal dem anhaltendem und gr\u00f6sstenteils str\u00f6menden Regen. Allein die Tatsache, in welch tapferer Weise die Kids sich bei diesen misslichen Bedingungen durch den Wettkampf k\u00e4mpften, verdient gr\u00f6sste Anerkennung. Dass es einigen sogar gelang, bei diesem Wetter diverse pers\u00f6nliche Bestleistungen zu erzielen, zeugt von der [&hellip;]","og_url":"https:\/\/www.tvbolligen.ch\/site\/regenschlacht-am-kids-cup-in-langenthal\/","og_site_name":"Turnverein Bolligen","article_published_time":"2024-06-23T12:20:01+00:00","og_image":[{"width":2016,"height":1512,"url":"https:\/\/www.tvbolligen.ch\/site\/wp-content\/uploads\/TV-Bolligen-Kids-am-kids-cup-in-Langenthal.jpg","type":"image\/jpeg"}],"author":"Christoph Stadelmann","twitter_card":"summary_large_image","twitter_misc":{"Verfasst von":"Christoph Stadelmann","Gesch\u00e4tzte Lesezeit":"2\u00a0Minuten"},"schema":{"@context":"https:\/\/schema.org","@graph":[{"@type":"Article","@id":"https:\/\/www.tvbolligen.ch\/site\/regenschlacht-am-kids-cup-in-langenthal\/#article","isPartOf":{"@id":"https:\/\/www.tvbolligen.ch\/site\/regenschlacht-am-kids-cup-in-langenthal\/"},"author":{"name":"Christoph Stadelmann","@id":"https:\/\/www.tvbolligen.ch\/site\/#\/schema\/person\/cf2ff3d29907f0355f91f6838672eaf4"},"headline":"\u00abRegenschlacht\u00bb am kids cup in Langenthal","datePublished":"2024-06-23T12:20:01+00:00","mainEntityOfPage":{"@id":"https:\/\/www.tvbolligen.ch\/site\/regenschlacht-am-kids-cup-in-langenthal\/"},"wordCount":497,"publisher":{"@id":"https:\/\/www.tvbolligen.ch\/site\/#organization"},"image":{"@id":"https:\/\/www.tvbolligen.ch\/site\/regenschlacht-am-kids-cup-in-langenthal\/#primaryimage"},"thumbnailUrl":"https:\/\/i0.wp.com\/www.tvbolligen.ch\/site\/wp-content\/uploads\/TV-Bolligen-Kids-am-kids-cup-in-Langenthal.jpg?fit=2016%2C1512&ssl=1","articleSection":["LA"],"inLanguage":"de"},{"@type":"WebPage","@id":"https:\/\/www.tvbolligen.ch\/site\/regenschlacht-am-kids-cup-in-langenthal\/","url":"https:\/\/www.tvbolligen.ch\/site\/regenschlacht-am-kids-cup-in-langenthal\/","name":"\u00abRegenschlacht\u00bb am kids cup in Langenthal - Turnverein Bolligen","isPartOf":{"@id":"https:\/\/www.tvbolligen.ch\/site\/#website"},"primaryImageOfPage":{"@id":"https:\/\/www.tvbolligen.ch\/site\/regenschlacht-am-kids-cup-in-langenthal\/#primaryimage"},"image":{"@id":"https:\/\/www.tvbolligen.ch\/site\/regenschlacht-am-kids-cup-in-langenthal\/#primaryimage"},"thumbnailUrl":"https:\/\/i0.wp.com\/www.tvbolligen.ch\/site\/wp-content\/uploads\/TV-Bolligen-Kids-am-kids-cup-in-Langenthal.jpg?fit=2016%2C1512&ssl=1","datePublished":"2024-06-23T12:20:01+00:00","breadcrumb":{"@id":"https:\/\/www.tvbolligen.ch\/site\/regenschlacht-am-kids-cup-in-langenthal\/#breadcrumb"},"inLanguage":"de","potentialAction":[{"@type":"ReadAction","target":["https:\/\/www.tvbolligen.ch\/site\/regenschlacht-am-kids-cup-in-langenthal\/"]}]},{"@type":"ImageObject","inLanguage":"de","@id":"https:\/\/www.tvbolligen.ch\/site\/regenschlacht-am-kids-cup-in-langenthal\/#primaryimage","url":"https:\/\/i0.wp.com\/www.tvbolligen.ch\/site\/wp-content\/uploads\/TV-Bolligen-Kids-am-kids-cup-in-Langenthal.jpg?fit=2016%2C1512&ssl=1","contentUrl":"https:\/\/i0.wp.com\/www.tvbolligen.ch\/site\/wp-content\/uploads\/TV-Bolligen-Kids-am-kids-cup-in-Langenthal.jpg?fit=2016%2C1512&ssl=1","width":2016,"height":1512},{"@type":"BreadcrumbList","@id":"https:\/\/www.tvbolligen.ch\/site\/regenschlacht-am-kids-cup-in-langenthal\/#breadcrumb","itemListElement":[{"@type":"ListItem","position":1,"name":"Home","item":"https:\/\/www.tvbolligen.ch\/site\/"},{"@type":"ListItem","position":2,"name":"\u00abRegenschlacht\u00bb am kids cup in Langenthal"}]},{"@type":"WebSite","@id":"https:\/\/www.tvbolligen.ch\/site\/#website","url":"https:\/\/www.tvbolligen.ch\/site\/","name":"Turnverein Bolligen","description":"Sport f\u00fcr Jung und Alt in Bolligen","publisher":{"@id":"https:\/\/www.tvbolligen.ch\/site\/#organization"},"potentialAction":[{"@type":"SearchAction","target":{"@type":"EntryPoint","urlTemplate":"https:\/\/www.tvbolligen.ch\/site\/?s={search_term_string}"},"query-input":{"@type":"PropertyValueSpecification","valueRequired":true,"valueName":"search_term_string"}}],"inLanguage":"de"},{"@type":"Organization","@id":"https:\/\/www.tvbolligen.ch\/site\/#organization","name":"Turnverein Bolligen","url":"https:\/\/www.tvbolligen.ch\/site\/","logo":{"@type":"ImageObject","inLanguage":"de","@id":"https:\/\/www.tvbolligen.ch\/site\/#\/schema\/logo\/image\/","url":"https:\/\/i0.wp.com\/www.tvbolligen.ch\/site\/wp-content\/uploads\/2015\/12\/Logo_TV_mittel.png?fit=1000%2C303&ssl=1","contentUrl":"https:\/\/i0.wp.com\/www.tvbolligen.ch\/site\/wp-content\/uploads\/2015\/12\/Logo_TV_mittel.png?fit=1000%2C303&ssl=1","width":1000,"height":303,"caption":"Turnverein Bolligen"},"image":{"@id":"https:\/\/www.tvbolligen.ch\/site\/#\/schema\/logo\/image\/"}},{"@type":"Person","@id":"https:\/\/www.tvbolligen.ch\/site\/#\/schema\/person\/cf2ff3d29907f0355f91f6838672eaf4","name":"Christoph Stadelmann","image":{"@type":"ImageObject","inLanguage":"de","@id":"https:\/\/www.tvbolligen.ch\/site\/#\/schema\/person\/image\/","url":"https:\/\/secure.gravatar.com\/avatar\/eb36e22abc5edb516c894c982c651ddde21b1dc17f96bef394f2f54c3f96d06d?s=96&d=mm&r=g","contentUrl":"https:\/\/secure.gravatar.com\/avatar\/eb36e22abc5edb516c894c982c651ddde21b1dc17f96bef394f2f54c3f96d06d?s=96&d=mm&r=g","caption":"Christoph Stadelmann"},"url":"https:\/\/www.tvbolligen.ch\/site\/author\/stadli\/"}]}},"jetpack_publicize_connections":[],"jetpack_featured_media_url":"https:\/\/i0.wp.com\/www.tvbolligen.ch\/site\/wp-content\/uploads\/TV-Bolligen-Kids-am-kids-cup-in-Langenthal.jpg?fit=2016%2C1512&ssl=1","jetpack_sharing_enabled":true,"jetpack_shortlink":"https:\/\/wp.me\/p751GT-6fA","_links":{"self":[{"href":"https:\/\/www.tvbolligen.ch\/site\/wp-json\/wp\/v2\/posts\/24030","targetHints":{"allow":["GET"]}}],"collection":[{"href":"https:\/\/www.tvbolligen.ch\/site\/wp-json\/wp\/v2\/posts"}],"about":[{"href":"https:\/\/www.tvbolligen.ch\/site\/wp-json\/wp\/v2\/types\/post"}],"author":[{"embeddable":true,"href":"https:\/\/www.tvbolligen.ch\/site\/wp-json\/wp\/v2\/users\/16"}],"replies":[{"embeddable":true,"href":"https:\/\/www.tvbolligen.ch\/site\/wp-json\/wp\/v2\/comments?post=24030"}],"version-history":[{"count":1,"href":"https:\/\/www.tvbolligen.ch\/site\/wp-json\/wp\/v2\/posts\/24030\/revisions"}],"predecessor-version":[{"id":24031,"href":"https:\/\/www.tvbolligen.ch\/site\/wp-json\/wp\/v2\/posts\/24030\/revisions\/24031"}],"wp:featuredmedia":[{"embeddable":true,"href":"https:\/\/www.tvbolligen.ch\/site\/wp-json\/wp\/v2\/media\/24032"}],"wp:attachment":[{"href":"https:\/\/www.tvbolligen.ch\/site\/wp-json\/wp\/v2\/media?parent=24030"}],"wp:term":[{"taxonomy":"category","embeddable":true,"href":"https:\/\/www.tvbolligen.ch\/site\/wp-json\/wp\/v2\/categories?post=24030"},{"taxonomy":"post_tag","embeddable":true,"href":"https:\/\/www.tvbolligen.ch\/site\/wp-json\/wp\/v2\/tags?post=24030"}],"curies":[{"name":"wp","href":"https:\/\/api.w.org\/{rel}","templated":true}]}}