{"id":24337,"date":"2024-11-17T15:19:55","date_gmt":"2024-11-17T14:19:55","guid":{"rendered":"https:\/\/www.tvbolligen.ch\/site\/?p=24337"},"modified":"2024-11-17T15:19:55","modified_gmt":"2024-11-17T14:19:55","slug":"startschuss-in-die-kids-cup-team-saison-der-tv-bolligen-holt-sich-die-ersten-zwei-tickets-zum-regionalfinal","status":"publish","type":"post","link":"https:\/\/www.tvbolligen.ch\/site\/startschuss-in-die-kids-cup-team-saison-der-tv-bolligen-holt-sich-die-ersten-zwei-tickets-zum-regionalfinal\/","title":{"rendered":"Startschuss in die kids cup team Saison: Der TV Bolligen holt sich die ersten zwei Tickets zum Regionalfinal"},"content":{"rendered":"<p>Mit dem ersten Vorausscheidungswettkampf der Region Bern \u2013 Fribourg \u2013 Solothurn<br \/>\nin Herzogenbuchsee fiel gestern f\u00fcr den TV Bolligen der Startschuss in die kids cup team Saison 2024\/2025. Dieser Teamwettkampf mit auf die Hallengegebenheiten angepassten Disziplinen ist gerade wegen des Teamformats eine sehr beliebte Wettkampfserie im Winterhalbjahr. Dank zweier Podestpl\u00e4tze sicherte sich der TV Bolligen in den Kategorien U16 Mixed und U12 Mixed die ersten zwei Tickets zum Regionalfinal, an dem dann im M\u00e4rz 2025 in Burgdorf die Tickets zum Schweizerfinal ausgemarcht werden. Unser U16-Girls-Team ebenso wie das U14-Girls-Team verpassten als Viertplatzierte bzw. Sechsplatzierte (mit allerdings gleichvielen Rangpunkten wie Rang 4) das Podest und die Regionalfinalqualifikation nur ganz knapp.<\/p>\n<p><strong>Bericht vom Vormittag (U16 und U14)<\/strong><\/p>\n<p>Am Morgen standen in Herzogenbuchsee die Kategorien U16 und U14 im Einsatz. Unterst\u00fctzt durch eine Athletin aus dem LV Huttwil, welche kurzfristig wegen eines krankheitsbedingten Ausfalls f\u00fcr eine von unseren Athletinnen einsprang, zeigte das U16-Mixed-Team um Luna M\u00fcdesbacher, Dominik Ludwig, Florian Reust, C\u00e9dric Stadelmann sowie die erw\u00e4hnte Huttwilerin einen super-soliden und konstanten Wettkampf. Das Team holte sich in allen Disziplinen jeweils den 3. Disziplinenrang und marschierte so souver\u00e4n auf den Bronzemedaillenplatz in der Kategorie U16 Mixed.<\/p>\n<p>Insgesamt 7 der 13 startenden Teams waren bei den U16-Girls\u2013 so sollten die ersten Disziplinen zeigen \u2013in den Kampf um die Medaillen involviert. Mittendrin auch unser U16-Girls-Team um Mia Dammann, Flurina Hari, Valerie Kilchenmann, Lyana Lemann und Na\u00eblle Mange. Leider fehlte dem Team in den ersten technischen Disziplinen etwas das Wettkampfgl\u00fcck. Nur 1-2 Punkte mehr pro Disziplin \u2013 und dabei handelte es sich jeweils um \u00abMillimeter-Entscheidungen\u00bb -, entschieden jeweils \u00fcber 2-3 Disziplinenr\u00e4nge und am Ende dar\u00fcber, wer das Podest erklimmen durfte. Auch wenn das Girls-Team bis zuletzt beherzt k\u00e4mpfte und im abschliessenden Teamcross mit einem souver\u00e4nen Sieg in dieser Disziplin ihre ganze Klasse noch einmal aufblitzen liess, klassierte sich das Team schliesslich auf dem undankbaren Rang 4 und musste sich die unbeliebte \u00abLedermedaille\u00bb umh\u00e4ngen lassen.<\/p>\n<p>\u00c4hnlich das Bild bei unseren U14-Girls. Insgesamt 19 Teams gingen hier an den Start. Mit sehr ausgeglichenen Leistungen in der H\u00fcrdenstafette, Mehrfachsprung-Challenge und im Biathlon lag das Team um Mira Gut, Lucia Hug, Emma Joho, Joana Kn\u00f6pfel und Liv Schafer ex aequo mit dem Team von Biel\/Bienne Athletics auf Rang 3. Mit nur einem Rangpunkt mehr lauerten gleich dahinter allerdings noch zwei weitere Teams. Leider gelang es dem Bolliger Team nicht, das Team aus Biel im abschliessenden Team-Cross hinter sich zu lassen. Hinter dem Team aus Biel auf dem vierten Zwischenrang liegend, liefen die Bolligerinnen nach einem Sturz in der Schlussrunde schliesslich auf Rang 7, klassierten sich damit auf Schlussrang 6, allerdings mit gleich vielen Rangpunkten wie die Teams auf den Pl\u00e4tzen 4 und 5 (die aber noch etwas mehr bessere Einzelresultate aufwiesen und deshalb besser klassiert wurden). Das U14-Boys Team musste infolge krankheitsbedingter Ausf\u00e4lle leider zu viert (anstatt zu f\u00fcnft) starten und hatte damit von Beginn weg keine Chance auf einen Platz in den vorderen R\u00e4ngen. Das Team um Simon Hari, Fabian Ludwig, Elia Hirsbrunner und Ilai Oblinger zeigte aber viel Moral und konnte sich mit Schlussrang 9 dennoch einen Platz in den Top 10 holen.<\/p>\n<p><strong>Bericht vom Nachmittag (U12 und U10-Teams)<\/strong><\/p>\n<p>Am Nachmittag gingen die U12- und U10-Teams an den Start. Dabei gelang dem U12-Mixed-Team um Ava D\u00e4llenbach, Ella Gribi, L\u00e9onie Stadelmann, Luis Kn\u00f6pfel, Noel Rentsch und Till Stadelmann ein Wettkampf nach Mass. Das Team lieferte sich im 16 Teams umfassenden Teilnehmerfeld einen spannenden Zweikampf mit dem Team des ST Bern. Dennoch gelang es dem Bolliger Team, in allen Disziplinen den Disziplinen-Sieg zu holen \u2013 teilweise ex aequo mit dem Team des ST Bern \u2013 und durfte mit diesem makellosen Wettkampfblatt schliesslich den Tagessieg in dieser Kategorie feiern. Das zweite am Start stehende U12-Mixed-Team mit Chlo\u00e9 Gammeter, Ellen Grossmann, Ella Fischli, Emma Schmid, Nora Kn\u00f6pfel und Tobias H\u00e4fliger holte sich mit Schlussrang 10 ebenfalls einen Top 10-Platz.<\/p>\n<p>Nach zwei f\u00fcnften und einem vierten Platz in den ersten drei Disziplinen konnte auch das Bolliger U10-Mixed-Team um Noah Gammeter, Lilja H\u00e4fliger, Ava Keller, Mia Klostermann, Maraya Longoni und Linus Schmid bis ganz am Ende um die Podestpl\u00e4tze mitk\u00e4mpfen und sich die Chance darauf bis zum abschliessenden Teamcross wahren. Die Ziellinie im Hindernis-Staffel-Lauf \u00fcberquerte das Team schliesslich ebenfalls als F\u00fcnfte, was dann gleichzeitig auch ihrem Schlussrang entsprach.<\/p>\n<p>Zahlreiche Fotos vom Wettkampf gibt es auf der Fotogalerie von Daniel Werthm\u00fcller:<\/p>\n<ul>\n<li><a href=\"https:\/\/www.flickr.com\/photos\/91656960@N05\/albums\/72177720321978711\">Zu den Fotos vom Vormittag (U16\/U14)<\/a><\/li>\n<li><a href=\"https:\/\/www.flickr.com\/photos\/91656960@N05\/albums\/72177720321994298\">Zu den Fotos vom Nachmittag (U12\/U10)<\/a><\/li>\n<\/ul>\nngg_shortcode_0_placeholder\n","protected":false},"excerpt":{"rendered":"<p>Mit dem ersten Vorausscheidungswettkampf der Region Bern \u2013 Fribourg \u2013 Solothurn in Herzogenbuchsee fiel gestern f\u00fcr den TV Bolligen der Startschuss in die kids cup team Saison 2024\/2025. Dieser Teamwettkampf mit auf die Hallengegebenheiten angepassten Disziplinen ist gerade wegen des Teamformats eine sehr beliebte Wettkampfserie im Winterhalbjahr. Dank zweier Podestpl\u00e4tze sicherte sich der TV Bolligen [&hellip;]<\/p>\n","protected":false},"author":16,"featured_media":24339,"comment_status":"closed","ping_status":"closed","sticky":false,"template":"","format":"standard","meta":{"_et_pb_use_builder":"","_et_pb_old_content":"","_et_gb_content_width":"","ngg_post_thumbnail":0,"jetpack_post_was_ever_published":false,"_jetpack_newsletter_access":"","_jetpack_dont_email_post_to_subs":false,"_jetpack_newsletter_tier_id":0,"_jetpack_memberships_contains_paywalled_content":false,"_jetpack_memberships_contains_paid_content":false,"footnotes":"","jetpack_publicize_message":"","jetpack_publicize_feature_enabled":true,"jetpack_social_post_already_shared":true,"jetpack_social_options":{"image_generator_settings":{"template":"highway","enabled":false},"version":2}},"categories":[12],"tags":[],"class_list":["post-24337","post","type-post","status-publish","format-standard","has-post-thumbnail","hentry","category-la"],"yoast_head":"<!-- This site is optimized with the Yoast SEO plugin v25.1 - https:\/\/yoast.com\/wordpress\/plugins\/seo\/ -->\n<title>Startschuss in die kids cup team Saison: Der TV Bolligen holt sich die ersten zwei Tickets zum Regionalfinal - Turnverein Bolligen<\/title>\n<meta name=\"robots\" content=\"index, follow, max-snippet:-1, max-image-preview:large, max-video-preview:-1\" \/>\n<link rel=\"canonical\" href=\"https:\/\/www.tvbolligen.ch\/site\/startschuss-in-die-kids-cup-team-saison-der-tv-bolligen-holt-sich-die-ersten-zwei-tickets-zum-regionalfinal\/\" \/>\n<meta property=\"og:locale\" content=\"de_DE\" \/>\n<meta property=\"og:type\" content=\"article\" \/>\n<meta property=\"og:title\" content=\"Startschuss in die kids cup team Saison: Der TV Bolligen holt sich die ersten zwei Tickets zum Regionalfinal - Turnverein Bolligen\" \/>\n<meta property=\"og:description\" content=\"Mit dem ersten Vorausscheidungswettkampf der Region Bern \u2013 Fribourg \u2013 Solothurn in Herzogenbuchsee fiel gestern f\u00fcr den TV Bolligen der Startschuss in die kids cup team Saison 2024\/2025. Dieser Teamwettkampf mit auf die Hallengegebenheiten angepassten Disziplinen ist gerade wegen des Teamformats eine sehr beliebte Wettkampfserie im Winterhalbjahr. Dank zweier Podestpl\u00e4tze sicherte sich der TV Bolligen [&hellip;]\" \/>\n<meta property=\"og:url\" content=\"https:\/\/www.tvbolligen.ch\/site\/startschuss-in-die-kids-cup-team-saison-der-tv-bolligen-holt-sich-die-ersten-zwei-tickets-zum-regionalfinal\/\" \/>\n<meta property=\"og:site_name\" content=\"Turnverein Bolligen\" \/>\n<meta property=\"article:published_time\" content=\"2024-11-17T14:19:55+00:00\" \/>\n<meta property=\"og:image\" content=\"https:\/\/www.tvbolligen.ch\/site\/wp-content\/uploads\/U16-und-U14-Teams-des-TV-Bolligen-am-kids-cup-team-in-Herzogenbuchsee.jpg\" \/>\n\t<meta property=\"og:image:width\" content=\"1479\" \/>\n\t<meta property=\"og:image:height\" content=\"1087\" \/>\n\t<meta property=\"og:image:type\" content=\"image\/jpeg\" \/>\n<meta name=\"author\" content=\"Christoph Stadelmann\" \/>\n<meta name=\"twitter:card\" content=\"summary_large_image\" \/>\n<meta name=\"twitter:label1\" content=\"Verfasst von\" \/>\n\t<meta name=\"twitter:data1\" content=\"Christoph Stadelmann\" \/>\n\t<meta name=\"twitter:label2\" content=\"Gesch\u00e4tzte Lesezeit\" \/>\n\t<meta name=\"twitter:data2\" content=\"4\u00a0Minuten\" \/>\n<script type=\"application\/ld+json\" class=\"yoast-schema-graph\">{\"@context\":\"https:\/\/schema.org\",\"@graph\":[{\"@type\":\"Article\",\"@id\":\"https:\/\/www.tvbolligen.ch\/site\/startschuss-in-die-kids-cup-team-saison-der-tv-bolligen-holt-sich-die-ersten-zwei-tickets-zum-regionalfinal\/#article\",\"isPartOf\":{\"@id\":\"https:\/\/www.tvbolligen.ch\/site\/startschuss-in-die-kids-cup-team-saison-der-tv-bolligen-holt-sich-die-ersten-zwei-tickets-zum-regionalfinal\/\"},\"author\":{\"name\":\"Christoph Stadelmann\",\"@id\":\"https:\/\/www.tvbolligen.ch\/site\/#\/schema\/person\/cf2ff3d29907f0355f91f6838672eaf4\"},\"headline\":\"Startschuss in die kids cup team Saison: Der TV Bolligen holt sich die ersten zwei Tickets zum Regionalfinal\",\"datePublished\":\"2024-11-17T14:19:55+00:00\",\"mainEntityOfPage\":{\"@id\":\"https:\/\/www.tvbolligen.ch\/site\/startschuss-in-die-kids-cup-team-saison-der-tv-bolligen-holt-sich-die-ersten-zwei-tickets-zum-regionalfinal\/\"},\"wordCount\":779,\"publisher\":{\"@id\":\"https:\/\/www.tvbolligen.ch\/site\/#organization\"},\"image\":{\"@id\":\"https:\/\/www.tvbolligen.ch\/site\/startschuss-in-die-kids-cup-team-saison-der-tv-bolligen-holt-sich-die-ersten-zwei-tickets-zum-regionalfinal\/#primaryimage\"},\"thumbnailUrl\":\"https:\/\/i0.wp.com\/www.tvbolligen.ch\/site\/wp-content\/uploads\/U16-und-U14-Teams-des-TV-Bolligen-am-kids-cup-team-in-Herzogenbuchsee.jpg?fit=1479%2C1087&ssl=1\",\"articleSection\":[\"LA\"],\"inLanguage\":\"de\"},{\"@type\":\"WebPage\",\"@id\":\"https:\/\/www.tvbolligen.ch\/site\/startschuss-in-die-kids-cup-team-saison-der-tv-bolligen-holt-sich-die-ersten-zwei-tickets-zum-regionalfinal\/\",\"url\":\"https:\/\/www.tvbolligen.ch\/site\/startschuss-in-die-kids-cup-team-saison-der-tv-bolligen-holt-sich-die-ersten-zwei-tickets-zum-regionalfinal\/\",\"name\":\"Startschuss in die kids cup team Saison: Der TV Bolligen holt sich die ersten zwei Tickets zum Regionalfinal - Turnverein Bolligen\",\"isPartOf\":{\"@id\":\"https:\/\/www.tvbolligen.ch\/site\/#website\"},\"primaryImageOfPage\":{\"@id\":\"https:\/\/www.tvbolligen.ch\/site\/startschuss-in-die-kids-cup-team-saison-der-tv-bolligen-holt-sich-die-ersten-zwei-tickets-zum-regionalfinal\/#primaryimage\"},\"image\":{\"@id\":\"https:\/\/www.tvbolligen.ch\/site\/startschuss-in-die-kids-cup-team-saison-der-tv-bolligen-holt-sich-die-ersten-zwei-tickets-zum-regionalfinal\/#primaryimage\"},\"thumbnailUrl\":\"https:\/\/i0.wp.com\/www.tvbolligen.ch\/site\/wp-content\/uploads\/U16-und-U14-Teams-des-TV-Bolligen-am-kids-cup-team-in-Herzogenbuchsee.jpg?fit=1479%2C1087&ssl=1\",\"datePublished\":\"2024-11-17T14:19:55+00:00\",\"breadcrumb\":{\"@id\":\"https:\/\/www.tvbolligen.ch\/site\/startschuss-in-die-kids-cup-team-saison-der-tv-bolligen-holt-sich-die-ersten-zwei-tickets-zum-regionalfinal\/#breadcrumb\"},\"inLanguage\":\"de\",\"potentialAction\":[{\"@type\":\"ReadAction\",\"target\":[\"https:\/\/www.tvbolligen.ch\/site\/startschuss-in-die-kids-cup-team-saison-der-tv-bolligen-holt-sich-die-ersten-zwei-tickets-zum-regionalfinal\/\"]}]},{\"@type\":\"ImageObject\",\"inLanguage\":\"de\",\"@id\":\"https:\/\/www.tvbolligen.ch\/site\/startschuss-in-die-kids-cup-team-saison-der-tv-bolligen-holt-sich-die-ersten-zwei-tickets-zum-regionalfinal\/#primaryimage\",\"url\":\"https:\/\/i0.wp.com\/www.tvbolligen.ch\/site\/wp-content\/uploads\/U16-und-U14-Teams-des-TV-Bolligen-am-kids-cup-team-in-Herzogenbuchsee.jpg?fit=1479%2C1087&ssl=1\",\"contentUrl\":\"https:\/\/i0.wp.com\/www.tvbolligen.ch\/site\/wp-content\/uploads\/U16-und-U14-Teams-des-TV-Bolligen-am-kids-cup-team-in-Herzogenbuchsee.jpg?fit=1479%2C1087&ssl=1\",\"width\":1479,\"height\":1087},{\"@type\":\"BreadcrumbList\",\"@id\":\"https:\/\/www.tvbolligen.ch\/site\/startschuss-in-die-kids-cup-team-saison-der-tv-bolligen-holt-sich-die-ersten-zwei-tickets-zum-regionalfinal\/#breadcrumb\",\"itemListElement\":[{\"@type\":\"ListItem\",\"position\":1,\"name\":\"Home\",\"item\":\"https:\/\/www.tvbolligen.ch\/site\/\"},{\"@type\":\"ListItem\",\"position\":2,\"name\":\"Startschuss in die kids cup team Saison: Der TV Bolligen holt sich die ersten zwei Tickets zum Regionalfinal\"}]},{\"@type\":\"WebSite\",\"@id\":\"https:\/\/www.tvbolligen.ch\/site\/#website\",\"url\":\"https:\/\/www.tvbolligen.ch\/site\/\",\"name\":\"Turnverein Bolligen\",\"description\":\"Sport f\u00fcr Jung und Alt in Bolligen\",\"publisher\":{\"@id\":\"https:\/\/www.tvbolligen.ch\/site\/#organization\"},\"potentialAction\":[{\"@type\":\"SearchAction\",\"target\":{\"@type\":\"EntryPoint\",\"urlTemplate\":\"https:\/\/www.tvbolligen.ch\/site\/?s={search_term_string}\"},\"query-input\":{\"@type\":\"PropertyValueSpecification\",\"valueRequired\":true,\"valueName\":\"search_term_string\"}}],\"inLanguage\":\"de\"},{\"@type\":\"Organization\",\"@id\":\"https:\/\/www.tvbolligen.ch\/site\/#organization\",\"name\":\"Turnverein Bolligen\",\"url\":\"https:\/\/www.tvbolligen.ch\/site\/\",\"logo\":{\"@type\":\"ImageObject\",\"inLanguage\":\"de\",\"@id\":\"https:\/\/www.tvbolligen.ch\/site\/#\/schema\/logo\/image\/\",\"url\":\"https:\/\/i0.wp.com\/www.tvbolligen.ch\/site\/wp-content\/uploads\/2015\/12\/Logo_TV_mittel.png?fit=1000%2C303&ssl=1\",\"contentUrl\":\"https:\/\/i0.wp.com\/www.tvbolligen.ch\/site\/wp-content\/uploads\/2015\/12\/Logo_TV_mittel.png?fit=1000%2C303&ssl=1\",\"width\":1000,\"height\":303,\"caption\":\"Turnverein Bolligen\"},\"image\":{\"@id\":\"https:\/\/www.tvbolligen.ch\/site\/#\/schema\/logo\/image\/\"}},{\"@type\":\"Person\",\"@id\":\"https:\/\/www.tvbolligen.ch\/site\/#\/schema\/person\/cf2ff3d29907f0355f91f6838672eaf4\",\"name\":\"Christoph Stadelmann\",\"image\":{\"@type\":\"ImageObject\",\"inLanguage\":\"de\",\"@id\":\"https:\/\/www.tvbolligen.ch\/site\/#\/schema\/person\/image\/\",\"url\":\"https:\/\/secure.gravatar.com\/avatar\/eb36e22abc5edb516c894c982c651ddde21b1dc17f96bef394f2f54c3f96d06d?s=96&d=mm&r=g\",\"contentUrl\":\"https:\/\/secure.gravatar.com\/avatar\/eb36e22abc5edb516c894c982c651ddde21b1dc17f96bef394f2f54c3f96d06d?s=96&d=mm&r=g\",\"caption\":\"Christoph Stadelmann\"},\"url\":\"https:\/\/www.tvbolligen.ch\/site\/author\/stadli\/\"}]}<\/script>\n<!-- \/ Yoast SEO plugin. -->","yoast_head_json":{"title":"Startschuss in die kids cup team Saison: Der TV Bolligen holt sich die ersten zwei Tickets zum Regionalfinal - Turnverein Bolligen","robots":{"index":"index","follow":"follow","max-snippet":"max-snippet:-1","max-image-preview":"max-image-preview:large","max-video-preview":"max-video-preview:-1"},"canonical":"https:\/\/www.tvbolligen.ch\/site\/startschuss-in-die-kids-cup-team-saison-der-tv-bolligen-holt-sich-die-ersten-zwei-tickets-zum-regionalfinal\/","og_locale":"de_DE","og_type":"article","og_title":"Startschuss in die kids cup team Saison: Der TV Bolligen holt sich die ersten zwei Tickets zum Regionalfinal - Turnverein Bolligen","og_description":"Mit dem ersten Vorausscheidungswettkampf der Region Bern \u2013 Fribourg \u2013 Solothurn in Herzogenbuchsee fiel gestern f\u00fcr den TV Bolligen der Startschuss in die kids cup team Saison 2024\/2025. Dieser Teamwettkampf mit auf die Hallengegebenheiten angepassten Disziplinen ist gerade wegen des Teamformats eine sehr beliebte Wettkampfserie im Winterhalbjahr. Dank zweier Podestpl\u00e4tze sicherte sich der TV Bolligen [&hellip;]","og_url":"https:\/\/www.tvbolligen.ch\/site\/startschuss-in-die-kids-cup-team-saison-der-tv-bolligen-holt-sich-die-ersten-zwei-tickets-zum-regionalfinal\/","og_site_name":"Turnverein Bolligen","article_published_time":"2024-11-17T14:19:55+00:00","og_image":[{"width":1479,"height":1087,"url":"https:\/\/www.tvbolligen.ch\/site\/wp-content\/uploads\/U16-und-U14-Teams-des-TV-Bolligen-am-kids-cup-team-in-Herzogenbuchsee.jpg","type":"image\/jpeg"}],"author":"Christoph Stadelmann","twitter_card":"summary_large_image","twitter_misc":{"Verfasst von":"Christoph Stadelmann","Gesch\u00e4tzte Lesezeit":"4\u00a0Minuten"},"schema":{"@context":"https:\/\/schema.org","@graph":[{"@type":"Article","@id":"https:\/\/www.tvbolligen.ch\/site\/startschuss-in-die-kids-cup-team-saison-der-tv-bolligen-holt-sich-die-ersten-zwei-tickets-zum-regionalfinal\/#article","isPartOf":{"@id":"https:\/\/www.tvbolligen.ch\/site\/startschuss-in-die-kids-cup-team-saison-der-tv-bolligen-holt-sich-die-ersten-zwei-tickets-zum-regionalfinal\/"},"author":{"name":"Christoph Stadelmann","@id":"https:\/\/www.tvbolligen.ch\/site\/#\/schema\/person\/cf2ff3d29907f0355f91f6838672eaf4"},"headline":"Startschuss in die kids cup team Saison: Der TV Bolligen holt sich die ersten zwei Tickets zum Regionalfinal","datePublished":"2024-11-17T14:19:55+00:00","mainEntityOfPage":{"@id":"https:\/\/www.tvbolligen.ch\/site\/startschuss-in-die-kids-cup-team-saison-der-tv-bolligen-holt-sich-die-ersten-zwei-tickets-zum-regionalfinal\/"},"wordCount":779,"publisher":{"@id":"https:\/\/www.tvbolligen.ch\/site\/#organization"},"image":{"@id":"https:\/\/www.tvbolligen.ch\/site\/startschuss-in-die-kids-cup-team-saison-der-tv-bolligen-holt-sich-die-ersten-zwei-tickets-zum-regionalfinal\/#primaryimage"},"thumbnailUrl":"https:\/\/i0.wp.com\/www.tvbolligen.ch\/site\/wp-content\/uploads\/U16-und-U14-Teams-des-TV-Bolligen-am-kids-cup-team-in-Herzogenbuchsee.jpg?fit=1479%2C1087&ssl=1","articleSection":["LA"],"inLanguage":"de"},{"@type":"WebPage","@id":"https:\/\/www.tvbolligen.ch\/site\/startschuss-in-die-kids-cup-team-saison-der-tv-bolligen-holt-sich-die-ersten-zwei-tickets-zum-regionalfinal\/","url":"https:\/\/www.tvbolligen.ch\/site\/startschuss-in-die-kids-cup-team-saison-der-tv-bolligen-holt-sich-die-ersten-zwei-tickets-zum-regionalfinal\/","name":"Startschuss in die kids cup team Saison: Der TV Bolligen holt sich die ersten zwei Tickets zum Regionalfinal - Turnverein Bolligen","isPartOf":{"@id":"https:\/\/www.tvbolligen.ch\/site\/#website"},"primaryImageOfPage":{"@id":"https:\/\/www.tvbolligen.ch\/site\/startschuss-in-die-kids-cup-team-saison-der-tv-bolligen-holt-sich-die-ersten-zwei-tickets-zum-regionalfinal\/#primaryimage"},"image":{"@id":"https:\/\/www.tvbolligen.ch\/site\/startschuss-in-die-kids-cup-team-saison-der-tv-bolligen-holt-sich-die-ersten-zwei-tickets-zum-regionalfinal\/#primaryimage"},"thumbnailUrl":"https:\/\/i0.wp.com\/www.tvbolligen.ch\/site\/wp-content\/uploads\/U16-und-U14-Teams-des-TV-Bolligen-am-kids-cup-team-in-Herzogenbuchsee.jpg?fit=1479%2C1087&ssl=1","datePublished":"2024-11-17T14:19:55+00:00","breadcrumb":{"@id":"https:\/\/www.tvbolligen.ch\/site\/startschuss-in-die-kids-cup-team-saison-der-tv-bolligen-holt-sich-die-ersten-zwei-tickets-zum-regionalfinal\/#breadcrumb"},"inLanguage":"de","potentialAction":[{"@type":"ReadAction","target":["https:\/\/www.tvbolligen.ch\/site\/startschuss-in-die-kids-cup-team-saison-der-tv-bolligen-holt-sich-die-ersten-zwei-tickets-zum-regionalfinal\/"]}]},{"@type":"ImageObject","inLanguage":"de","@id":"https:\/\/www.tvbolligen.ch\/site\/startschuss-in-die-kids-cup-team-saison-der-tv-bolligen-holt-sich-die-ersten-zwei-tickets-zum-regionalfinal\/#primaryimage","url":"https:\/\/i0.wp.com\/www.tvbolligen.ch\/site\/wp-content\/uploads\/U16-und-U14-Teams-des-TV-Bolligen-am-kids-cup-team-in-Herzogenbuchsee.jpg?fit=1479%2C1087&ssl=1","contentUrl":"https:\/\/i0.wp.com\/www.tvbolligen.ch\/site\/wp-content\/uploads\/U16-und-U14-Teams-des-TV-Bolligen-am-kids-cup-team-in-Herzogenbuchsee.jpg?fit=1479%2C1087&ssl=1","width":1479,"height":1087},{"@type":"BreadcrumbList","@id":"https:\/\/www.tvbolligen.ch\/site\/startschuss-in-die-kids-cup-team-saison-der-tv-bolligen-holt-sich-die-ersten-zwei-tickets-zum-regionalfinal\/#breadcrumb","itemListElement":[{"@type":"ListItem","position":1,"name":"Home","item":"https:\/\/www.tvbolligen.ch\/site\/"},{"@type":"ListItem","position":2,"name":"Startschuss in die kids cup team Saison: Der TV Bolligen holt sich die ersten zwei Tickets zum Regionalfinal"}]},{"@type":"WebSite","@id":"https:\/\/www.tvbolligen.ch\/site\/#website","url":"https:\/\/www.tvbolligen.ch\/site\/","name":"Turnverein Bolligen","description":"Sport f\u00fcr Jung und Alt in Bolligen","publisher":{"@id":"https:\/\/www.tvbolligen.ch\/site\/#organization"},"potentialAction":[{"@type":"SearchAction","target":{"@type":"EntryPoint","urlTemplate":"https:\/\/www.tvbolligen.ch\/site\/?s={search_term_string}"},"query-input":{"@type":"PropertyValueSpecification","valueRequired":true,"valueName":"search_term_string"}}],"inLanguage":"de"},{"@type":"Organization","@id":"https:\/\/www.tvbolligen.ch\/site\/#organization","name":"Turnverein Bolligen","url":"https:\/\/www.tvbolligen.ch\/site\/","logo":{"@type":"ImageObject","inLanguage":"de","@id":"https:\/\/www.tvbolligen.ch\/site\/#\/schema\/logo\/image\/","url":"https:\/\/i0.wp.com\/www.tvbolligen.ch\/site\/wp-content\/uploads\/2015\/12\/Logo_TV_mittel.png?fit=1000%2C303&ssl=1","contentUrl":"https:\/\/i0.wp.com\/www.tvbolligen.ch\/site\/wp-content\/uploads\/2015\/12\/Logo_TV_mittel.png?fit=1000%2C303&ssl=1","width":1000,"height":303,"caption":"Turnverein Bolligen"},"image":{"@id":"https:\/\/www.tvbolligen.ch\/site\/#\/schema\/logo\/image\/"}},{"@type":"Person","@id":"https:\/\/www.tvbolligen.ch\/site\/#\/schema\/person\/cf2ff3d29907f0355f91f6838672eaf4","name":"Christoph Stadelmann","image":{"@type":"ImageObject","inLanguage":"de","@id":"https:\/\/www.tvbolligen.ch\/site\/#\/schema\/person\/image\/","url":"https:\/\/secure.gravatar.com\/avatar\/eb36e22abc5edb516c894c982c651ddde21b1dc17f96bef394f2f54c3f96d06d?s=96&d=mm&r=g","contentUrl":"https:\/\/secure.gravatar.com\/avatar\/eb36e22abc5edb516c894c982c651ddde21b1dc17f96bef394f2f54c3f96d06d?s=96&d=mm&r=g","caption":"Christoph Stadelmann"},"url":"https:\/\/www.tvbolligen.ch\/site\/author\/stadli\/"}]}},"jetpack_publicize_connections":[],"jetpack_featured_media_url":"https:\/\/i0.wp.com\/www.tvbolligen.ch\/site\/wp-content\/uploads\/U16-und-U14-Teams-des-TV-Bolligen-am-kids-cup-team-in-Herzogenbuchsee.jpg?fit=1479%2C1087&ssl=1","jetpack_sharing_enabled":true,"jetpack_shortlink":"https:\/\/wp.me\/p751GT-6kx","_links":{"self":[{"href":"https:\/\/www.tvbolligen.ch\/site\/wp-json\/wp\/v2\/posts\/24337","targetHints":{"allow":["GET"]}}],"collection":[{"href":"https:\/\/www.tvbolligen.ch\/site\/wp-json\/wp\/v2\/posts"}],"about":[{"href":"https:\/\/www.tvbolligen.ch\/site\/wp-json\/wp\/v2\/types\/post"}],"author":[{"embeddable":true,"href":"https:\/\/www.tvbolligen.ch\/site\/wp-json\/wp\/v2\/users\/16"}],"replies":[{"embeddable":true,"href":"https:\/\/www.tvbolligen.ch\/site\/wp-json\/wp\/v2\/comments?post=24337"}],"version-history":[{"count":2,"href":"https:\/\/www.tvbolligen.ch\/site\/wp-json\/wp\/v2\/posts\/24337\/revisions"}],"predecessor-version":[{"id":24340,"href":"https:\/\/www.tvbolligen.ch\/site\/wp-json\/wp\/v2\/posts\/24337\/revisions\/24340"}],"wp:featuredmedia":[{"embeddable":true,"href":"https:\/\/www.tvbolligen.ch\/site\/wp-json\/wp\/v2\/media\/24339"}],"wp:attachment":[{"href":"https:\/\/www.tvbolligen.ch\/site\/wp-json\/wp\/v2\/media?parent=24337"}],"wp:term":[{"taxonomy":"category","embeddable":true,"href":"https:\/\/www.tvbolligen.ch\/site\/wp-json\/wp\/v2\/categories?post=24337"},{"taxonomy":"post_tag","embeddable":true,"href":"https:\/\/www.tvbolligen.ch\/site\/wp-json\/wp\/v2\/tags?post=24337"}],"curies":[{"name":"wp","href":"https:\/\/api.w.org\/{rel}","templated":true}]}}