{"id":25532,"date":"2026-04-27T22:48:38","date_gmt":"2026-04-27T20:48:38","guid":{"rendered":"https:\/\/www.tvbolligen.ch\/site\/?p=25532"},"modified":"2026-04-27T22:48:38","modified_gmt":"2026-04-27T20:48:38","slug":"saisonbeginn-2026-beim-fruehlingsmehrkampf-in-rueegsauschachen","status":"publish","type":"post","link":"https:\/\/www.tvbolligen.ch\/site\/saisonbeginn-2026-beim-fruehlingsmehrkampf-in-rueegsauschachen\/","title":{"rendered":"Saisonbeginn 2026 beim Fr\u00fchlingsmehrkampf in R\u00fcegsauschachen"},"content":{"rendered":"<p>Insgeamt 20 Athlet:innen des TV Bolligen standen bei bestem Wettkampfwetter am diesj\u00e4hrigen Fr\u00fchlingsmehrkampf in R\u00fcegsauschachen am Start. Die Resultate stimmen uns sehr positiv f\u00fcr die angelaufene Saison 2026. Insgesamt durften wir uns \u00fcber 3 Podestpl\u00e4tze, 5 auszeichnungsberechtige Platzierungen sowie 58 neue pers\u00f6nliche Bestleistungen freuen.&nbsp;<\/p>\n<p>Dieser Wettkampf bietet den Athlet:innen die M\u00f6glichkeit, ihren Wettkampf aus einer Auswahl von Disziplinen sebst zu gestalten. Insgesamt m\u00fcssen vier Disziplinen absolviert werden, wobei der Sprint die einzige Pflichtdisziplin ist. Der Wettkampf bietet &#8211; falls die drei Kids Cup Disziplinen 60m, Weitsprung und Ball gew\u00e4hlt werden &#8211; auch die M\u00f6glichkeit, sich f\u00fcr den Kantonalfinal zu qualifizieren.&nbsp;<\/p>\n<p>Am Start standen auch dieses Jahr sehr viele Athlet:innen (Total 371) aus dem Kanton Bern &#8211; mitunter die Besten pro Jahrgang. Speziell erw\u00e4hnenswert sind hier die Podestpl\u00e4tze sowie die auszeichnungsberechtigen Pl\u00e4tze.&nbsp;<br \/>\nJe eine Silbermedaille ging an Jamiro Wyss bei den U08 (Jg. 2019) sowie an Noah Gammeter bei den U10&nbsp; (Jg. 2018). Ava D\u00e4llenbach erreichte unter anderem Dank ihrer starken Weitsprungweite von 4.52m (pB) die Bronzemedaille bei den U14W (Jg. 2014).<\/p>\n<p>Ferner platzierten sich Luis Kn\u00f6pfel auf Rang 7 bei den U12 (Jg. 2015), Leon Sch\u00fctz auf Rang 5 bei den U16M (Jg. 2012), Lilja H\u00e4fliger auf Rang 7 bei den U12W (Jg. 2016), Ella Gribi auf Rang 7 bei den U14W (Jg. 2014) sowie Valerie Kilchenmann auf Rang 4 bei den U16W (Jg. 2011) auf den begehrten auszeichnungsberechtigen Pl\u00e4tzen.&nbsp;<\/p>\n<p>Neben diesen Auszeichnungen erfreuten wir uns wie eingangs erw\u00e4hnt auch \u00fcber 58 neue pers\u00f6nliche Bestleistungen. Diese zeigen, dass sich das Wintertraining gelohnt hat und wir mit dem Kraft- und Techniktraining tolle Fortschritte erzielen konnten. Am Ende erreichten damit fast alle Athlet:innen in mind. einer Disziplin eine neue pers\u00f6nliche Bestleistung. Herzliche Gratulation dazu.<\/p>\n<p>Das Betreuer:innen team bestehend aus Sabina K\u00e4ppeli, Cornelia Schmid, Mario Pfund und Marc Stadelmann hatten grosse Freude an der Motivation der Athlet:innen. Ebenfalls bedanken wir uns bei den Eltern, welche uns punktuell bei der Unterst\u00fctung unter die Arme gegriffen haben.<\/p>\n<p><strong>Resultate\u00fcbersicht<\/strong><\/p>\n<table style=\"height: 507px; width: 77.1744%; border-style: solid; border-color: e6e6e6;\" width=\"77.1744%\">\n<tbody>\n<tr style=\"height: 47px;\">\n<td style=\"width: 13.898%; height: 47px; border-style: solid; border-color: #e6e6e6;\" width=\"141\">Name<\/td>\n<td style=\"width: 9.12902%; height: 47px; border-style: solid; border-color: #e6e6e6;\" width=\"94\">Kategorie<\/td>\n<td style=\"width: 8.49591%; height: 47px; border-style: solid; border-color: #e6e6e6;\" width=\"83\">60m<\/td>\n<td style=\"width: 10.9964%; height: 47px; border-style: solid; border-color: #e6e6e6;\" width=\"104\">Weitsprung<\/td>\n<td style=\"width: 10.2622%; height: 47px; border-style: solid; border-color: #e6e6e6;\" width=\"97\">Ball (200g)<\/td>\n<td style=\"width: 10.7087%; height: 47px; border-style: solid; border-color: #e6e6e6;\" width=\"110\">4te Disziplin<\/td>\n<td style=\"width: 11.81%; height: 47px; border-style: solid; border-color: #e6e6e6;\" width=\"87\">Resultat<\/td>\n<td style=\"width: 8.86583%; height: 47px; border-style: solid; border-color: #e6e6e6;\" width=\"289\">Punkte Kids Cup (60m, Weit und Ball)<\/td>\n<td style=\"width: 7.84925%; height: 47px; border-style: solid; border-color: #e6e6e6;\" width=\"135\">Punkte 4-Kampf<\/td>\n<td style=\"width: 21.1067%; height: 47px; border-style: solid; border-color: #e6e6e6;\" width=\"183\">Rang (* = Auszeichnung)<\/td>\n<\/tr>\n<tr style=\"height: 23px;\">\n<td style=\"width: 13.898%; height: 23px; border-style: solid; border-color: #e6e6e6;\">Jamiro Wyss&nbsp;<\/td>\n<td style=\"width: 9.12902%; height: 23px; border-style: solid; border-color: #e6e6e6;\">U08M<\/td>\n<td style=\"width: 8.49591%; height: 23px; border-style: solid; border-color: #e6e6e6;\">11.49s<\/td>\n<td style=\"width: 10.9964%; height: 23px; border-style: solid; border-color: #e6e6e6;\">2.67m (pB)<\/td>\n<td style=\"width: 10.2622%; height: 23px; border-style: solid; border-color: #e6e6e6;\">16.63m (pB)<\/td>\n<td style=\"width: 10.7087%; height: 23px; border-style: solid; border-color: #e6e6e6;\">1000 m<\/td>\n<td style=\"width: 11.81%; height: 23px; border-style: solid; border-color: #e6e6e6;\">4:54.84 (pB)<\/td>\n<td style=\"width: 8.86583%; height: 23px; border-style: solid; border-color: #e6e6e6;\">460 (pB)<\/td>\n<td style=\"width: 7.84925%; height: 23px; border-style: solid; border-color: #e6e6e6;\">478<\/td>\n<td style=\"width: 21.1067%; height: 23px; border-style: solid; border-color: #e6e6e6;\">2*<\/td>\n<\/tr>\n<tr style=\"height: 23px;\">\n<td style=\"width: 13.898%; height: 23px; border-style: solid; border-color: #e6e6e6;\">Noah Gammeter<\/td>\n<td style=\"width: 9.12902%; height: 23px; border-style: solid; border-color: #e6e6e6;\">U10M (2018)<\/td>\n<td style=\"width: 8.49591%; height: 23px; border-style: solid; border-color: #e6e6e6;\">9.99s (pB)<\/td>\n<td style=\"width: 10.9964%; height: 23px; border-style: solid; border-color: #e6e6e6;\">3.65m (pB)<\/td>\n<td style=\"width: 10.2622%; height: 23px; border-style: solid; border-color: #e6e6e6;\">26.75m (pB)<\/td>\n<td style=\"width: 10.7087%; height: 23px; border-style: solid; border-color: #e6e6e6;\">1000 m<\/td>\n<td style=\"width: 11.81%; height: 23px; border-style: solid; border-color: #e6e6e6;\">4:24.84 (pB)<\/td>\n<td style=\"width: 8.86583%; height: 23px; border-style: solid; border-color: #e6e6e6;\">929 (pB)<\/td>\n<td style=\"width: 7.84925%; height: 23px; border-style: solid; border-color: #e6e6e6;\">1016<\/td>\n<td style=\"width: 21.1067%; height: 23px; border-style: solid; border-color: #e6e6e6;\">2*<\/td>\n<\/tr>\n<tr style=\"height: 23px;\">\n<td style=\"width: 13.898%; height: 23px; border-style: solid; border-color: #e6e6e6;\">Mathis Fuchs<\/td>\n<td style=\"width: 9.12902%; height: 23px; border-style: solid; border-color: #e6e6e6;\">U10M (2017)<\/td>\n<td style=\"width: 8.49591%; height: 23px; border-style: solid; border-color: #e6e6e6;\">10.45s (pB)<\/td>\n<td style=\"width: 10.9964%; height: 23px; border-style: solid; border-color: #e6e6e6;\">3.18m (pB)<\/td>\n<td style=\"width: 10.2622%; height: 23px; border-style: solid; border-color: #e6e6e6;\">21.93m<\/td>\n<td style=\"width: 10.7087%; height: 23px; border-style: solid; border-color: #e6e6e6;\">1000 m<\/td>\n<td style=\"width: 11.81%; height: 23px; border-style: solid; border-color: #e6e6e6;\">4:14.13 (pB)<\/td>\n<td style=\"width: 8.86583%; height: 23px; border-style: solid; border-color: #e6e6e6;\">724 (pB)<\/td>\n<td style=\"width: 7.84925%; height: 23px; border-style: solid; border-color: #e6e6e6;\">850<\/td>\n<td style=\"width: 21.1067%; height: 23px; border-style: solid; border-color: #e6e6e6;\">5<\/td>\n<\/tr>\n<tr style=\"height: 23px;\">\n<td style=\"width: 13.898%; height: 23px; border-style: solid; border-color: #e6e6e6;\">Linus Schmid<\/td>\n<td style=\"width: 9.12902%; height: 23px; border-style: solid; border-color: #e6e6e6;\">U10M (2017)<\/td>\n<td style=\"width: 8.49591%; height: 23px; border-style: solid; border-color: #e6e6e6;\">11.31s (pB)<\/td>\n<td style=\"width: 10.9964%; height: 23px; border-style: solid; border-color: #e6e6e6;\">3.09m (pB)<\/td>\n<td style=\"width: 10.2622%; height: 23px; border-style: solid; border-color: #e6e6e6;\">24.24m<\/td>\n<td style=\"width: 10.7087%; height: 23px; border-style: solid; border-color: #e6e6e6;\">1000 m<\/td>\n<td style=\"width: 11.81%; height: 23px; border-style: solid; border-color: #e6e6e6;\">4:15.61 (pB)<\/td>\n<td style=\"width: 8.86583%; height: 23px; border-style: solid; border-color: #e6e6e6;\">642 (pB)<\/td>\n<td style=\"width: 7.84925%; height: 23px; border-style: solid; border-color: #e6e6e6;\">762<\/td>\n<td style=\"width: 21.1067%; height: 23px; border-style: solid; border-color: #e6e6e6;\">7<\/td>\n<\/tr>\n<tr style=\"height: 23px;\">\n<td style=\"width: 13.898%; height: 23px; border-style: solid; border-color: #e6e6e6;\">Aaron Lindlein<\/td>\n<td style=\"width: 9.12902%; height: 23px; border-style: solid; border-color: #e6e6e6;\">U10M (2017)<\/td>\n<td style=\"width: 8.49591%; height: 23px; border-style: solid; border-color: #e6e6e6;\">11.06s (pB)<\/td>\n<td style=\"width: 10.9964%; height: 23px; border-style: solid; border-color: #e6e6e6;\">3.11m (pB)<\/td>\n<td style=\"width: 10.2622%; height: 23px; border-style: solid; border-color: #e6e6e6;\">23.59m (pB)<\/td>\n<td style=\"width: 10.7087%; height: 23px; border-style: solid; border-color: #e6e6e6;\">1000 m<\/td>\n<td style=\"width: 11.81%; height: 23px; border-style: solid; border-color: #e6e6e6;\">4:28.28 (pB)<\/td>\n<td style=\"width: 8.86583%; height: 23px; border-style: solid; border-color: #e6e6e6;\">662 (pB)<\/td>\n<td style=\"width: 7.84925%; height: 23px; border-style: solid; border-color: #e6e6e6;\">738<\/td>\n<td style=\"width: 21.1067%; height: 23px; border-style: solid; border-color: #e6e6e6;\">8<\/td>\n<\/tr>\n<tr style=\"height: 23px;\">\n<td style=\"width: 13.898%; height: 23px; border-style: solid; border-color: #e6e6e6;\">Natanael Wyss&nbsp;<\/td>\n<td style=\"width: 9.12902%; height: 23px; border-style: solid; border-color: #e6e6e6;\">U12M (2016)<\/td>\n<td style=\"width: 8.49591%; height: 23px; border-style: solid; border-color: #e6e6e6;\">9.73s (pB)<\/td>\n<td style=\"width: 10.9964%; height: 23px; border-style: solid; border-color: #e6e6e6;\">3.73m<\/td>\n<td style=\"width: 10.2622%; height: 23px; border-style: solid; border-color: #e6e6e6;\">21.19m<\/td>\n<td style=\"width: 10.7087%; height: 23px; border-style: solid; border-color: #e6e6e6;\">1000 m<\/td>\n<td style=\"width: 11.81%; height: 23px; border-style: solid; border-color: #e6e6e6;\">4:44.55 (pB)<\/td>\n<td style=\"width: 8.86583%; height: 23px; border-style: solid; border-color: #e6e6e6;\">913<\/td>\n<td style=\"width: 7.84925%; height: 23px; border-style: solid; border-color: #e6e6e6;\">948<\/td>\n<td style=\"width: 21.1067%; height: 23px; border-style: solid; border-color: #e6e6e6;\">9<\/td>\n<\/tr>\n<tr style=\"height: 23px;\">\n<td style=\"width: 13.898%; height: 23px; border-style: solid; border-color: #e6e6e6;\">Elias Feller&nbsp;<\/td>\n<td style=\"width: 9.12902%; height: 23px; border-style: solid; border-color: #e6e6e6;\">U12M (2016)<\/td>\n<td style=\"width: 8.49591%; height: 23px; border-style: solid; border-color: #e6e6e6;\">10.71s<\/td>\n<td style=\"width: 10.9964%; height: 23px; border-style: solid; border-color: #e6e6e6;\">2.96m<\/td>\n<td style=\"width: 10.2622%; height: 23px; border-style: solid; border-color: #e6e6e6;\">14.60m<\/td>\n<td style=\"width: 10.7087%; height: 23px; border-style: solid; border-color: #e6e6e6;\">1000 m<\/td>\n<td style=\"width: 11.81%; height: 23px; border-style: solid; border-color: #e6e6e6;\">4:41.12 (pB)<\/td>\n<td style=\"width: 8.86583%; height: 23px; border-style: solid; border-color: #e6e6e6;\">558<\/td>\n<td style=\"width: 7.84925%; height: 23px; border-style: solid; border-color: #e6e6e6;\">600<\/td>\n<td style=\"width: 21.1067%; height: 23px; border-style: solid; border-color: #e6e6e6;\">15<\/td>\n<\/tr>\n<tr style=\"height: 23px;\">\n<td style=\"width: 13.898%; height: 23px; border-style: solid; border-color: #e6e6e6;\">Luis Kn\u00f6pfel&nbsp;<\/td>\n<td style=\"width: 9.12902%; height: 23px; border-style: solid; border-color: #e6e6e6;\">U12M (2015)<\/td>\n<td style=\"width: 8.49591%; height: 23px; border-style: solid; border-color: #e6e6e6;\">9.85s<\/td>\n<td style=\"width: 10.9964%; height: 23px; border-style: solid; border-color: #e6e6e6;\">4.00m<\/td>\n<td style=\"width: 10.2622%; height: 23px; border-style: solid; border-color: #e6e6e6;\">33.36m<\/td>\n<td style=\"width: 10.7087%; height: 23px; border-style: solid; border-color: #e6e6e6;\">1000 m<\/td>\n<td style=\"width: 11.81%; height: 23px; border-style: solid; border-color: #e6e6e6;\">3:47.31<\/td>\n<td style=\"width: 8.86583%; height: 23px; border-style: solid; border-color: #e6e6e6;\">1092<\/td>\n<td style=\"width: 7.84925%; height: 23px; border-style: solid; border-color: #e6e6e6;\">1354<\/td>\n<td style=\"width: 21.1067%; height: 23px; border-style: solid; border-color: #e6e6e6;\">7*<\/td>\n<\/tr>\n<tr style=\"height: 23px;\">\n<td style=\"width: 13.898%; height: 23px; border-style: solid; border-color: #e6e6e6;\">Tobias H\u00e4fliger&nbsp;<\/td>\n<td style=\"width: 9.12902%; height: 23px; border-style: solid; border-color: #e6e6e6;\">U12M (2015)<\/td>\n<td style=\"width: 8.49591%; height: 23px; border-style: solid; border-color: #e6e6e6;\">10.58s (pB)<\/td>\n<td style=\"width: 10.9964%; height: 23px; border-style: solid; border-color: #e6e6e6;\">2.89m (pB)<\/td>\n<td style=\"width: 10.2622%; height: 23px; border-style: solid; border-color: #e6e6e6;\">25.54m (pB)<\/td>\n<td style=\"width: 10.7087%; height: 23px; border-style: solid; border-color: #e6e6e6;\">Hoch<\/td>\n<td style=\"width: 11.81%; height: 23px; border-style: solid; border-color: #e6e6e6;\">&#8211;<\/td>\n<td style=\"width: 8.86583%; height: 23px; border-style: solid; border-color: #e6e6e6;\">708 (pB)<\/td>\n<td style=\"width: 7.84925%; height: 23px; border-style: solid; border-color: #e6e6e6;\">708<\/td>\n<td style=\"width: 21.1067%; height: 23px; border-style: solid; border-color: #e6e6e6;\">20<\/td>\n<\/tr>\n<tr style=\"height: 23px;\">\n<td style=\"width: 13.898%; height: 23px; border-style: solid; border-color: #e6e6e6;\">Leon Sch\u00fctz&nbsp;<\/td>\n<td style=\"width: 9.12902%; height: 23px; border-style: solid; border-color: #e6e6e6;\">U16M (2012)<\/td>\n<td style=\"width: 8.49591%; height: 23px; border-style: solid; border-color: #e6e6e6;\">8.68s<\/td>\n<td style=\"width: 10.9964%; height: 23px; border-style: solid; border-color: #e6e6e6;\">5.10m (pB)<\/td>\n<td style=\"width: 10.2622%; height: 23px; border-style: solid; border-color: #e6e6e6;\">42.33m (pB)<\/td>\n<td style=\"width: 10.7087%; height: 23px; border-style: solid; border-color: #e6e6e6;\">100 mH<\/td>\n<td style=\"width: 11.81%; height: 23px; border-style: solid; border-color: #e6e6e6;\">16.95 (pB)<\/td>\n<td style=\"width: 8.86583%; height: 23px; border-style: solid; border-color: #e6e6e6;\">1613 (pB)<\/td>\n<td style=\"width: 7.84925%; height: 23px; border-style: solid; border-color: #e6e6e6;\">2149<\/td>\n<td style=\"width: 21.1067%; height: 23px; border-style: solid; border-color: #e6e6e6;\">5*<\/td>\n<\/tr>\n<tr style=\"height: 23px;\">\n<td style=\"width: 13.898%; height: 23px; border-style: solid; border-color: #e6e6e6;\">C\u00e9dric Stadelmann&nbsp;<\/td>\n<td style=\"width: 9.12902%; height: 23px; border-style: solid; border-color: #e6e6e6;\">U16M (2011)<\/td>\n<td style=\"width: 8.49591%; height: 23px; border-style: solid; border-color: #e6e6e6;\">8.39s<\/td>\n<td style=\"width: 10.9964%; height: 23px; border-style: solid; border-color: #e6e6e6;\">4.50m<\/td>\n<td style=\"width: 10.2622%; height: 23px; border-style: solid; border-color: #e6e6e6;\">31.60m<\/td>\n<td style=\"width: 10.7087%; height: 23px; border-style: solid; border-color: #e6e6e6;\">Hoch<\/td>\n<td style=\"width: 11.81%; height: 23px; border-style: solid; border-color: #e6e6e6;\">1.55 (pB)<\/td>\n<td style=\"width: 8.86583%; height: 23px; border-style: solid; border-color: #e6e6e6;\">1450<\/td>\n<td style=\"width: 7.84925%; height: 23px; border-style: solid; border-color: #e6e6e6;\">2035<\/td>\n<td style=\"width: 21.1067%; height: 23px; border-style: solid; border-color: #e6e6e6;\">6<\/td>\n<\/tr>\n<tr style=\"height: 23px;\">\n<td style=\"width: 13.898%; height: 23px; border-style: solid; border-color: #e6e6e6;\">Lilja H\u00e4fliger&nbsp;<\/td>\n<td style=\"width: 9.12902%; height: 23px; border-style: solid; border-color: #e6e6e6;\">U12W (2016)<\/td>\n<td style=\"width: 8.49591%; height: 23px; border-style: solid; border-color: #e6e6e6;\">9.71s (pB)<\/td>\n<td style=\"width: 10.9964%; height: 23px; border-style: solid; border-color: #e6e6e6;\">3.62m (pB)<\/td>\n<td style=\"width: 10.2622%; height: 23px; border-style: solid; border-color: #e6e6e6;\">23.13m<\/td>\n<td style=\"width: 10.7087%; height: 23px; border-style: solid; border-color: #e6e6e6;\">1000 m<\/td>\n<td style=\"width: 11.81%; height: 23px; border-style: solid; border-color: #e6e6e6;\">4:18.62 (pB)<\/td>\n<td style=\"width: 8.86583%; height: 23px; border-style: solid; border-color: #e6e6e6;\">1173 (pB)<\/td>\n<td style=\"width: 7.84925%; height: 23px; border-style: solid; border-color: #e6e6e6;\">1352<\/td>\n<td style=\"width: 21.1067%; height: 23px; border-style: solid; border-color: #e6e6e6;\">7*<\/td>\n<\/tr>\n<tr style=\"height: 23px;\">\n<td style=\"width: 13.898%; height: 23px; border-style: solid; border-color: #e6e6e6;\">Ava D\u00e4llenbach&nbsp;<\/td>\n<td style=\"width: 9.12902%; height: 23px; border-style: solid; border-color: #e6e6e6;\">U14W (2014)<\/td>\n<td style=\"width: 8.49591%; height: 23px; border-style: solid; border-color: #e6e6e6;\">9.35s<\/td>\n<td style=\"width: 10.9964%; height: 23px; border-style: solid; border-color: #e6e6e6;\">4.52m (pB)<\/td>\n<td style=\"width: 10.2622%; height: 23px; border-style: solid; border-color: #e6e6e6;\">37.55m<\/td>\n<td style=\"width: 10.7087%; height: 23px; border-style: solid; border-color: #e6e6e6;\">60 mH<\/td>\n<td style=\"width: 11.81%; height: 23px; border-style: solid; border-color: #e6e6e6;\">10.79 (pB)<\/td>\n<td style=\"width: 8.86583%; height: 23px; border-style: solid; border-color: #e6e6e6;\">1670 (pB)<\/td>\n<td style=\"width: 7.84925%; height: 23px; border-style: solid; border-color: #e6e6e6;\">2205<\/td>\n<td style=\"width: 21.1067%; height: 23px; border-style: solid; border-color: #e6e6e6;\">3*<\/td>\n<\/tr>\n<tr style=\"height: 23px;\">\n<td style=\"width: 13.898%; height: 23px; border-style: solid; border-color: #e6e6e6;\">Ella Gribi&nbsp;<\/td>\n<td style=\"width: 9.12902%; height: 23px; border-style: solid; border-color: #e6e6e6;\">U14W (2014)<\/td>\n<td style=\"width: 8.49591%; height: 23px; border-style: solid; border-color: #e6e6e6;\">9.42s<\/td>\n<td style=\"width: 10.9964%; height: 23px; border-style: solid; border-color: #e6e6e6;\">3.74m<\/td>\n<td style=\"width: 10.2622%; height: 23px; border-style: solid; border-color: #e6e6e6;\">30.84m<\/td>\n<td style=\"width: 10.7087%; height: 23px; border-style: solid; border-color: #e6e6e6;\">Hoch<\/td>\n<td style=\"width: 11.81%; height: 23px; border-style: solid; border-color: #e6e6e6;\">1.25<\/td>\n<td style=\"width: 8.86583%; height: 23px; border-style: solid; border-color: #e6e6e6;\">1384<\/td>\n<td style=\"width: 7.84925%; height: 23px; border-style: solid; border-color: #e6e6e6;\">1855<\/td>\n<td style=\"width: 21.1067%; height: 23px; border-style: solid; border-color: #e6e6e6;\">7*<\/td>\n<\/tr>\n<tr style=\"height: 23px;\">\n<td style=\"width: 13.898%; height: 23px; border-style: solid; border-color: #e6e6e6;\">Nora Kn\u00f6pfel&nbsp;<\/td>\n<td style=\"width: 9.12902%; height: 23px; border-style: solid; border-color: #e6e6e6;\">U14W (2014)<\/td>\n<td style=\"width: 8.49591%; height: 23px; border-style: solid; border-color: #e6e6e6;\">9.99s (pB)<\/td>\n<td style=\"width: 10.9964%; height: 23px; border-style: solid; border-color: #e6e6e6;\">3.66m<\/td>\n<td style=\"width: 10.2622%; height: 23px; border-style: solid; border-color: #e6e6e6;\">28.87m (pB)<\/td>\n<td style=\"width: 10.7087%; height: 23px; border-style: solid; border-color: #e6e6e6;\">1000 m<\/td>\n<td style=\"width: 11.81%; height: 23px; border-style: solid; border-color: #e6e6e6;\">3:57.76<\/td>\n<td style=\"width: 8.86583%; height: 23px; border-style: solid; border-color: #e6e6e6;\">1221 (pB)<\/td>\n<td style=\"width: 7.84925%; height: 23px; border-style: solid; border-color: #e6e6e6;\">1521<\/td>\n<td style=\"width: 21.1067%; height: 23px; border-style: solid; border-color: #e6e6e6;\">16<\/td>\n<\/tr>\n<tr style=\"height: 23px;\">\n<td style=\"width: 13.898%; height: 23px; border-style: solid; border-color: #e6e6e6;\">L\u00e9onie Stadelmann&nbsp;<\/td>\n<td style=\"width: 9.12902%; height: 23px; border-style: solid; border-color: #e6e6e6;\">U14W (2014)<\/td>\n<td style=\"width: 8.49591%; height: 23px; border-style: solid; border-color: #e6e6e6;\">10.25s<\/td>\n<td style=\"width: 10.9964%; height: 23px; border-style: solid; border-color: #e6e6e6;\">3.56m<\/td>\n<td style=\"width: 10.2622%; height: 23px; border-style: solid; border-color: #e6e6e6;\">30.35m<\/td>\n<td style=\"width: 10.7087%; height: 23px; border-style: solid; border-color: #e6e6e6;\">60 mH<\/td>\n<td style=\"width: 11.81%; height: 23px; border-style: solid; border-color: #e6e6e6;\">13.32<\/td>\n<td style=\"width: 8.86583%; height: 23px; border-style: solid; border-color: #e6e6e6;\">1178<\/td>\n<td style=\"width: 7.84925%; height: 23px; border-style: solid; border-color: #e6e6e6;\">1351<\/td>\n<td style=\"width: 21.1067%; height: 23px; border-style: solid; border-color: #e6e6e6;\">25<\/td>\n<\/tr>\n<tr style=\"height: 23px;\">\n<td style=\"width: 13.898%; height: 23px; border-style: solid; border-color: #e6e6e6;\">Chlo\u00eb Gammeter&nbsp;<\/td>\n<td style=\"width: 9.12902%; height: 23px; border-style: solid; border-color: #e6e6e6;\">U14W (2014)<\/td>\n<td style=\"width: 8.49591%; height: 23px; border-style: solid; border-color: #e6e6e6;\">9.87s (pB)<\/td>\n<td style=\"width: 10.9964%; height: 23px; border-style: solid; border-color: #e6e6e6;\">3.20m<\/td>\n<td style=\"width: 10.2622%; height: 23px; border-style: solid; border-color: #e6e6e6;\">18.26m (pB)<\/td>\n<td style=\"width: 10.7087%; height: 23px; border-style: solid; border-color: #e6e6e6;\">1000 m<\/td>\n<td style=\"width: 11.81%; height: 23px; border-style: solid; border-color: #e6e6e6;\">4:29.69 (pB)<\/td>\n<td style=\"width: 8.86583%; height: 23px; border-style: solid; border-color: #e6e6e6;\">974 (pB)<\/td>\n<td style=\"width: 7.84925%; height: 23px; border-style: solid; border-color: #e6e6e6;\">1102<\/td>\n<td style=\"width: 21.1067%; height: 23px; border-style: solid; border-color: #e6e6e6;\">33<\/td>\n<\/tr>\n<tr style=\"height: 23px;\">\n<td style=\"width: 13.898%; height: 23px; border-style: solid; border-color: #e6e6e6;\">Joana Kn\u00f6pfel<\/td>\n<td style=\"width: 9.12902%; height: 23px; border-style: solid; border-color: #e6e6e6;\">U16W (2012)<\/td>\n<td style=\"width: 8.49591%; height: 23px; border-style: solid; border-color: #e6e6e6;\">9.52s (pB)<\/td>\n<td style=\"width: 10.9964%; height: 23px; border-style: solid; border-color: #e6e6e6;\">3.94m (pB)<\/td>\n<td style=\"width: 10.2622%; height: 23px; border-style: solid; border-color: #e6e6e6;\">24.58m (pB)<\/td>\n<td style=\"width: 10.7087%; height: 23px; border-style: solid; border-color: #e6e6e6;\">1000 m<\/td>\n<td style=\"width: 11.81%; height: 23px; border-style: solid; border-color: #e6e6e6;\">3:58.77<\/td>\n<td style=\"width: 8.86583%; height: 23px; border-style: solid; border-color: #e6e6e6;\">1303 (pB)<\/td>\n<td style=\"width: 7.84925%; height: 23px; border-style: solid; border-color: #e6e6e6;\">1596<\/td>\n<td style=\"width: 21.1067%; height: 23px; border-style: solid; border-color: #e6e6e6;\">19<\/td>\n<\/tr>\n<tr style=\"height: 23px;\">\n<td style=\"width: 13.898%; height: 23px; border-style: solid; border-color: #e6e6e6;\">Valerie Kilchenmann&nbsp;<\/td>\n<td style=\"width: 9.12902%; height: 23px; border-style: solid; border-color: #e6e6e6;\">U16W (2011)<\/td>\n<td style=\"width: 8.49591%; height: 23px; border-style: solid; border-color: #e6e6e6;\">8.74s<\/td>\n<td style=\"width: 10.9964%; height: 23px; border-style: solid; border-color: #e6e6e6;\">5.22m (pB)<\/td>\n<td style=\"width: 10.2622%; height: 23px; border-style: solid; border-color: #e6e6e6;\">39.47m (pB)<\/td>\n<td style=\"width: 10.7087%; height: 23px; border-style: solid; border-color: #e6e6e6;\">Hoch<\/td>\n<td style=\"width: 11.81%; height: 23px; border-style: solid; border-color: #e6e6e6;\">1.40 (pB)<\/td>\n<td style=\"width: 8.86583%; height: 23px; border-style: solid; border-color: #e6e6e6;\">2001 (pB)<\/td>\n<td style=\"width: 7.84925%; height: 23px; border-style: solid; border-color: #e6e6e6;\">2613<\/td>\n<td style=\"width: 21.1067%; height: 23px; border-style: solid; border-color: #e6e6e6;\">4*<\/td>\n<\/tr>\n<tr style=\"height: 23px;\">\n<td style=\"width: 13.898%; height: 23px; border-style: solid; border-color: #e6e6e6;\">Eline H\u00e4fliger&nbsp;<\/td>\n<td style=\"width: 9.12902%; height: 23px; border-style: solid; border-color: #e6e6e6;\">U16W (2011)<\/td>\n<td style=\"width: 8.49591%; height: 23px; border-style: solid; border-color: #e6e6e6;\">9.47s (pB)<\/td>\n<td style=\"width: 10.9964%; height: 23px; border-style: solid; border-color: #e6e6e6;\">4.46m (pB)<\/td>\n<td style=\"width: 10.2622%; height: 23px; border-style: solid; border-color: #e6e6e6;\">37.81m<\/td>\n<td style=\"width: 10.7087%; height: 23px; border-style: solid; border-color: #e6e6e6;\">Hoch<\/td>\n<td style=\"width: 11.81%; height: 23px; border-style: solid; border-color: #e6e6e6;\">1.35<\/td>\n<td style=\"width: 8.86583%; height: 23px; border-style: solid; border-color: #e6e6e6;\">1636<\/td>\n<td style=\"width: 7.84925%; height: 23px; border-style: solid; border-color: #e6e6e6;\">2201<\/td>\n<td style=\"width: 21.1067%; height: 23px; border-style: solid; border-color: #e6e6e6;\">8<\/td>\n<\/tr>\n<\/tbody>\n<\/table>\n<p>&nbsp;<\/p>\nngg_shortcode_0_placeholder\n","protected":false},"excerpt":{"rendered":"<p>Insgeamt 20 Athlet:innen des TV Bolligen standen bei bestem Wettkampfwetter am diesj\u00e4hrigen Fr\u00fchlingsmehrkampf in R\u00fcegsauschachen am Start. Die Resultate stimmen uns sehr positiv f\u00fcr die angelaufene Saison 2026. Insgesamt durften wir uns \u00fcber 3 Podestpl\u00e4tze, 5 auszeichnungsberechtige Platzierungen sowie 58 neue pers\u00f6nliche Bestleistungen freuen.&nbsp; Dieser Wettkampf bietet den Athlet:innen die M\u00f6glichkeit, ihren Wettkampf aus einer [&hellip;]<\/p>\n","protected":false},"author":23,"featured_media":25531,"comment_status":"closed","ping_status":"closed","sticky":false,"template":"","format":"standard","meta":{"_et_pb_use_builder":"","_et_pb_old_content":"","_et_gb_content_width":"","ngg_post_thumbnail":0,"jetpack_post_was_ever_published":false,"_jetpack_newsletter_access":"","_jetpack_dont_email_post_to_subs":false,"_jetpack_newsletter_tier_id":0,"_jetpack_memberships_contains_paywalled_content":false,"_jetpack_memberships_contains_paid_content":false,"footnotes":"","jetpack_publicize_message":"","jetpack_publicize_feature_enabled":true,"jetpack_social_post_already_shared":true,"jetpack_social_options":{"image_generator_settings":{"template":"highway","enabled":false},"version":2}},"categories":[1,12],"tags":[],"class_list":["post-25532","post","type-post","status-publish","format-standard","has-post-thumbnail","hentry","category-hauptverein","category-la"],"yoast_head":"<!-- This site is optimized with the Yoast SEO plugin v25.1 - https:\/\/yoast.com\/wordpress\/plugins\/seo\/ -->\n<title>Saisonbeginn 2026 beim Fr\u00fchlingsmehrkampf in R\u00fcegsauschachen - Turnverein Bolligen<\/title>\n<meta name=\"robots\" content=\"index, follow, max-snippet:-1, max-image-preview:large, max-video-preview:-1\" \/>\n<link rel=\"canonical\" href=\"https:\/\/www.tvbolligen.ch\/site\/saisonbeginn-2026-beim-fruehlingsmehrkampf-in-rueegsauschachen\/\" \/>\n<meta property=\"og:locale\" content=\"de_DE\" \/>\n<meta property=\"og:type\" content=\"article\" \/>\n<meta property=\"og:title\" content=\"Saisonbeginn 2026 beim Fr\u00fchlingsmehrkampf in R\u00fcegsauschachen - Turnverein Bolligen\" \/>\n<meta property=\"og:description\" content=\"Insgeamt 20 Athlet:innen des TV Bolligen standen bei bestem Wettkampfwetter am diesj\u00e4hrigen Fr\u00fchlingsmehrkampf in R\u00fcegsauschachen am Start. Die Resultate stimmen uns sehr positiv f\u00fcr die angelaufene Saison 2026. Insgesamt durften wir uns \u00fcber 3 Podestpl\u00e4tze, 5 auszeichnungsberechtige Platzierungen sowie 58 neue pers\u00f6nliche Bestleistungen freuen.&nbsp; Dieser Wettkampf bietet den Athlet:innen die M\u00f6glichkeit, ihren Wettkampf aus einer [&hellip;]\" \/>\n<meta property=\"og:url\" content=\"https:\/\/www.tvbolligen.ch\/site\/saisonbeginn-2026-beim-fruehlingsmehrkampf-in-rueegsauschachen\/\" \/>\n<meta property=\"og:site_name\" content=\"Turnverein Bolligen\" \/>\n<meta property=\"article:published_time\" content=\"2026-04-27T20:48:38+00:00\" \/>\n<meta property=\"og:image\" content=\"https:\/\/www.tvbolligen.ch\/site\/wp-content\/uploads\/Fruehlingsmehrkampf-Rueegsauschachen-scaled.jpg\" \/>\n\t<meta property=\"og:image:width\" content=\"2560\" \/>\n\t<meta property=\"og:image:height\" content=\"1417\" \/>\n\t<meta property=\"og:image:type\" content=\"image\/jpeg\" \/>\n<meta name=\"author\" content=\"Marc Stadelmann\" \/>\n<meta name=\"twitter:card\" content=\"summary_large_image\" \/>\n<meta name=\"twitter:label1\" content=\"Verfasst von\" \/>\n\t<meta name=\"twitter:data1\" content=\"Marc Stadelmann\" \/>\n\t<meta name=\"twitter:label2\" content=\"Gesch\u00e4tzte Lesezeit\" \/>\n\t<meta name=\"twitter:data2\" content=\"4\u00a0Minuten\" \/>\n<script type=\"application\/ld+json\" class=\"yoast-schema-graph\">{\"@context\":\"https:\/\/schema.org\",\"@graph\":[{\"@type\":\"Article\",\"@id\":\"https:\/\/www.tvbolligen.ch\/site\/saisonbeginn-2026-beim-fruehlingsmehrkampf-in-rueegsauschachen\/#article\",\"isPartOf\":{\"@id\":\"https:\/\/www.tvbolligen.ch\/site\/saisonbeginn-2026-beim-fruehlingsmehrkampf-in-rueegsauschachen\/\"},\"author\":{\"name\":\"Marc Stadelmann\",\"@id\":\"https:\/\/www.tvbolligen.ch\/site\/#\/schema\/person\/a548316315abd9826342fe9f167c779b\"},\"headline\":\"Saisonbeginn 2026 beim Fr\u00fchlingsmehrkampf in R\u00fcegsauschachen\",\"datePublished\":\"2026-04-27T20:48:38+00:00\",\"mainEntityOfPage\":{\"@id\":\"https:\/\/www.tvbolligen.ch\/site\/saisonbeginn-2026-beim-fruehlingsmehrkampf-in-rueegsauschachen\/\"},\"wordCount\":623,\"publisher\":{\"@id\":\"https:\/\/www.tvbolligen.ch\/site\/#organization\"},\"image\":{\"@id\":\"https:\/\/www.tvbolligen.ch\/site\/saisonbeginn-2026-beim-fruehlingsmehrkampf-in-rueegsauschachen\/#primaryimage\"},\"thumbnailUrl\":\"https:\/\/i0.wp.com\/www.tvbolligen.ch\/site\/wp-content\/uploads\/Fruehlingsmehrkampf-Rueegsauschachen-scaled.jpg?fit=2560%2C1417&ssl=1\",\"articleSection\":[\"Hauptverein\",\"LA\"],\"inLanguage\":\"de\"},{\"@type\":\"WebPage\",\"@id\":\"https:\/\/www.tvbolligen.ch\/site\/saisonbeginn-2026-beim-fruehlingsmehrkampf-in-rueegsauschachen\/\",\"url\":\"https:\/\/www.tvbolligen.ch\/site\/saisonbeginn-2026-beim-fruehlingsmehrkampf-in-rueegsauschachen\/\",\"name\":\"Saisonbeginn 2026 beim Fr\u00fchlingsmehrkampf in R\u00fcegsauschachen - Turnverein Bolligen\",\"isPartOf\":{\"@id\":\"https:\/\/www.tvbolligen.ch\/site\/#website\"},\"primaryImageOfPage\":{\"@id\":\"https:\/\/www.tvbolligen.ch\/site\/saisonbeginn-2026-beim-fruehlingsmehrkampf-in-rueegsauschachen\/#primaryimage\"},\"image\":{\"@id\":\"https:\/\/www.tvbolligen.ch\/site\/saisonbeginn-2026-beim-fruehlingsmehrkampf-in-rueegsauschachen\/#primaryimage\"},\"thumbnailUrl\":\"https:\/\/i0.wp.com\/www.tvbolligen.ch\/site\/wp-content\/uploads\/Fruehlingsmehrkampf-Rueegsauschachen-scaled.jpg?fit=2560%2C1417&ssl=1\",\"datePublished\":\"2026-04-27T20:48:38+00:00\",\"breadcrumb\":{\"@id\":\"https:\/\/www.tvbolligen.ch\/site\/saisonbeginn-2026-beim-fruehlingsmehrkampf-in-rueegsauschachen\/#breadcrumb\"},\"inLanguage\":\"de\",\"potentialAction\":[{\"@type\":\"ReadAction\",\"target\":[\"https:\/\/www.tvbolligen.ch\/site\/saisonbeginn-2026-beim-fruehlingsmehrkampf-in-rueegsauschachen\/\"]}]},{\"@type\":\"ImageObject\",\"inLanguage\":\"de\",\"@id\":\"https:\/\/www.tvbolligen.ch\/site\/saisonbeginn-2026-beim-fruehlingsmehrkampf-in-rueegsauschachen\/#primaryimage\",\"url\":\"https:\/\/i0.wp.com\/www.tvbolligen.ch\/site\/wp-content\/uploads\/Fruehlingsmehrkampf-Rueegsauschachen-scaled.jpg?fit=2560%2C1417&ssl=1\",\"contentUrl\":\"https:\/\/i0.wp.com\/www.tvbolligen.ch\/site\/wp-content\/uploads\/Fruehlingsmehrkampf-Rueegsauschachen-scaled.jpg?fit=2560%2C1417&ssl=1\",\"width\":2560,\"height\":1417},{\"@type\":\"BreadcrumbList\",\"@id\":\"https:\/\/www.tvbolligen.ch\/site\/saisonbeginn-2026-beim-fruehlingsmehrkampf-in-rueegsauschachen\/#breadcrumb\",\"itemListElement\":[{\"@type\":\"ListItem\",\"position\":1,\"name\":\"Home\",\"item\":\"https:\/\/www.tvbolligen.ch\/site\/\"},{\"@type\":\"ListItem\",\"position\":2,\"name\":\"Saisonbeginn 2026 beim Fr\u00fchlingsmehrkampf in R\u00fcegsauschachen\"}]},{\"@type\":\"WebSite\",\"@id\":\"https:\/\/www.tvbolligen.ch\/site\/#website\",\"url\":\"https:\/\/www.tvbolligen.ch\/site\/\",\"name\":\"Turnverein Bolligen\",\"description\":\"Sport f\u00fcr Jung und Alt in Bolligen\",\"publisher\":{\"@id\":\"https:\/\/www.tvbolligen.ch\/site\/#organization\"},\"potentialAction\":[{\"@type\":\"SearchAction\",\"target\":{\"@type\":\"EntryPoint\",\"urlTemplate\":\"https:\/\/www.tvbolligen.ch\/site\/?s={search_term_string}\"},\"query-input\":{\"@type\":\"PropertyValueSpecification\",\"valueRequired\":true,\"valueName\":\"search_term_string\"}}],\"inLanguage\":\"de\"},{\"@type\":\"Organization\",\"@id\":\"https:\/\/www.tvbolligen.ch\/site\/#organization\",\"name\":\"Turnverein Bolligen\",\"url\":\"https:\/\/www.tvbolligen.ch\/site\/\",\"logo\":{\"@type\":\"ImageObject\",\"inLanguage\":\"de\",\"@id\":\"https:\/\/www.tvbolligen.ch\/site\/#\/schema\/logo\/image\/\",\"url\":\"https:\/\/i0.wp.com\/www.tvbolligen.ch\/site\/wp-content\/uploads\/2015\/12\/Logo_TV_mittel.png?fit=1000%2C303&ssl=1\",\"contentUrl\":\"https:\/\/i0.wp.com\/www.tvbolligen.ch\/site\/wp-content\/uploads\/2015\/12\/Logo_TV_mittel.png?fit=1000%2C303&ssl=1\",\"width\":1000,\"height\":303,\"caption\":\"Turnverein Bolligen\"},\"image\":{\"@id\":\"https:\/\/www.tvbolligen.ch\/site\/#\/schema\/logo\/image\/\"}},{\"@type\":\"Person\",\"@id\":\"https:\/\/www.tvbolligen.ch\/site\/#\/schema\/person\/a548316315abd9826342fe9f167c779b\",\"name\":\"Marc Stadelmann\",\"image\":{\"@type\":\"ImageObject\",\"inLanguage\":\"de\",\"@id\":\"https:\/\/www.tvbolligen.ch\/site\/#\/schema\/person\/image\/\",\"url\":\"https:\/\/secure.gravatar.com\/avatar\/752bd87a5184d8ff37ce98a0e2476e6edbb4731cac29dfecd23ea3a4a66adb37?s=96&d=mm&r=g\",\"contentUrl\":\"https:\/\/secure.gravatar.com\/avatar\/752bd87a5184d8ff37ce98a0e2476e6edbb4731cac29dfecd23ea3a4a66adb37?s=96&d=mm&r=g\",\"caption\":\"Marc Stadelmann\"},\"url\":\"https:\/\/www.tvbolligen.ch\/site\/author\/marcst\/\"}]}<\/script>\n<!-- \/ Yoast SEO plugin. -->","yoast_head_json":{"title":"Saisonbeginn 2026 beim Fr\u00fchlingsmehrkampf in R\u00fcegsauschachen - Turnverein Bolligen","robots":{"index":"index","follow":"follow","max-snippet":"max-snippet:-1","max-image-preview":"max-image-preview:large","max-video-preview":"max-video-preview:-1"},"canonical":"https:\/\/www.tvbolligen.ch\/site\/saisonbeginn-2026-beim-fruehlingsmehrkampf-in-rueegsauschachen\/","og_locale":"de_DE","og_type":"article","og_title":"Saisonbeginn 2026 beim Fr\u00fchlingsmehrkampf in R\u00fcegsauschachen - Turnverein Bolligen","og_description":"Insgeamt 20 Athlet:innen des TV Bolligen standen bei bestem Wettkampfwetter am diesj\u00e4hrigen Fr\u00fchlingsmehrkampf in R\u00fcegsauschachen am Start. Die Resultate stimmen uns sehr positiv f\u00fcr die angelaufene Saison 2026. Insgesamt durften wir uns \u00fcber 3 Podestpl\u00e4tze, 5 auszeichnungsberechtige Platzierungen sowie 58 neue pers\u00f6nliche Bestleistungen freuen.&nbsp; Dieser Wettkampf bietet den Athlet:innen die M\u00f6glichkeit, ihren Wettkampf aus einer [&hellip;]","og_url":"https:\/\/www.tvbolligen.ch\/site\/saisonbeginn-2026-beim-fruehlingsmehrkampf-in-rueegsauschachen\/","og_site_name":"Turnverein Bolligen","article_published_time":"2026-04-27T20:48:38+00:00","og_image":[{"width":2560,"height":1417,"url":"https:\/\/www.tvbolligen.ch\/site\/wp-content\/uploads\/Fruehlingsmehrkampf-Rueegsauschachen-scaled.jpg","type":"image\/jpeg"}],"author":"Marc Stadelmann","twitter_card":"summary_large_image","twitter_misc":{"Verfasst von":"Marc Stadelmann","Gesch\u00e4tzte Lesezeit":"4\u00a0Minuten"},"schema":{"@context":"https:\/\/schema.org","@graph":[{"@type":"Article","@id":"https:\/\/www.tvbolligen.ch\/site\/saisonbeginn-2026-beim-fruehlingsmehrkampf-in-rueegsauschachen\/#article","isPartOf":{"@id":"https:\/\/www.tvbolligen.ch\/site\/saisonbeginn-2026-beim-fruehlingsmehrkampf-in-rueegsauschachen\/"},"author":{"name":"Marc Stadelmann","@id":"https:\/\/www.tvbolligen.ch\/site\/#\/schema\/person\/a548316315abd9826342fe9f167c779b"},"headline":"Saisonbeginn 2026 beim Fr\u00fchlingsmehrkampf in R\u00fcegsauschachen","datePublished":"2026-04-27T20:48:38+00:00","mainEntityOfPage":{"@id":"https:\/\/www.tvbolligen.ch\/site\/saisonbeginn-2026-beim-fruehlingsmehrkampf-in-rueegsauschachen\/"},"wordCount":623,"publisher":{"@id":"https:\/\/www.tvbolligen.ch\/site\/#organization"},"image":{"@id":"https:\/\/www.tvbolligen.ch\/site\/saisonbeginn-2026-beim-fruehlingsmehrkampf-in-rueegsauschachen\/#primaryimage"},"thumbnailUrl":"https:\/\/i0.wp.com\/www.tvbolligen.ch\/site\/wp-content\/uploads\/Fruehlingsmehrkampf-Rueegsauschachen-scaled.jpg?fit=2560%2C1417&ssl=1","articleSection":["Hauptverein","LA"],"inLanguage":"de"},{"@type":"WebPage","@id":"https:\/\/www.tvbolligen.ch\/site\/saisonbeginn-2026-beim-fruehlingsmehrkampf-in-rueegsauschachen\/","url":"https:\/\/www.tvbolligen.ch\/site\/saisonbeginn-2026-beim-fruehlingsmehrkampf-in-rueegsauschachen\/","name":"Saisonbeginn 2026 beim Fr\u00fchlingsmehrkampf in R\u00fcegsauschachen - Turnverein Bolligen","isPartOf":{"@id":"https:\/\/www.tvbolligen.ch\/site\/#website"},"primaryImageOfPage":{"@id":"https:\/\/www.tvbolligen.ch\/site\/saisonbeginn-2026-beim-fruehlingsmehrkampf-in-rueegsauschachen\/#primaryimage"},"image":{"@id":"https:\/\/www.tvbolligen.ch\/site\/saisonbeginn-2026-beim-fruehlingsmehrkampf-in-rueegsauschachen\/#primaryimage"},"thumbnailUrl":"https:\/\/i0.wp.com\/www.tvbolligen.ch\/site\/wp-content\/uploads\/Fruehlingsmehrkampf-Rueegsauschachen-scaled.jpg?fit=2560%2C1417&ssl=1","datePublished":"2026-04-27T20:48:38+00:00","breadcrumb":{"@id":"https:\/\/www.tvbolligen.ch\/site\/saisonbeginn-2026-beim-fruehlingsmehrkampf-in-rueegsauschachen\/#breadcrumb"},"inLanguage":"de","potentialAction":[{"@type":"ReadAction","target":["https:\/\/www.tvbolligen.ch\/site\/saisonbeginn-2026-beim-fruehlingsmehrkampf-in-rueegsauschachen\/"]}]},{"@type":"ImageObject","inLanguage":"de","@id":"https:\/\/www.tvbolligen.ch\/site\/saisonbeginn-2026-beim-fruehlingsmehrkampf-in-rueegsauschachen\/#primaryimage","url":"https:\/\/i0.wp.com\/www.tvbolligen.ch\/site\/wp-content\/uploads\/Fruehlingsmehrkampf-Rueegsauschachen-scaled.jpg?fit=2560%2C1417&ssl=1","contentUrl":"https:\/\/i0.wp.com\/www.tvbolligen.ch\/site\/wp-content\/uploads\/Fruehlingsmehrkampf-Rueegsauschachen-scaled.jpg?fit=2560%2C1417&ssl=1","width":2560,"height":1417},{"@type":"BreadcrumbList","@id":"https:\/\/www.tvbolligen.ch\/site\/saisonbeginn-2026-beim-fruehlingsmehrkampf-in-rueegsauschachen\/#breadcrumb","itemListElement":[{"@type":"ListItem","position":1,"name":"Home","item":"https:\/\/www.tvbolligen.ch\/site\/"},{"@type":"ListItem","position":2,"name":"Saisonbeginn 2026 beim Fr\u00fchlingsmehrkampf in R\u00fcegsauschachen"}]},{"@type":"WebSite","@id":"https:\/\/www.tvbolligen.ch\/site\/#website","url":"https:\/\/www.tvbolligen.ch\/site\/","name":"Turnverein Bolligen","description":"Sport f\u00fcr Jung und Alt in Bolligen","publisher":{"@id":"https:\/\/www.tvbolligen.ch\/site\/#organization"},"potentialAction":[{"@type":"SearchAction","target":{"@type":"EntryPoint","urlTemplate":"https:\/\/www.tvbolligen.ch\/site\/?s={search_term_string}"},"query-input":{"@type":"PropertyValueSpecification","valueRequired":true,"valueName":"search_term_string"}}],"inLanguage":"de"},{"@type":"Organization","@id":"https:\/\/www.tvbolligen.ch\/site\/#organization","name":"Turnverein Bolligen","url":"https:\/\/www.tvbolligen.ch\/site\/","logo":{"@type":"ImageObject","inLanguage":"de","@id":"https:\/\/www.tvbolligen.ch\/site\/#\/schema\/logo\/image\/","url":"https:\/\/i0.wp.com\/www.tvbolligen.ch\/site\/wp-content\/uploads\/2015\/12\/Logo_TV_mittel.png?fit=1000%2C303&ssl=1","contentUrl":"https:\/\/i0.wp.com\/www.tvbolligen.ch\/site\/wp-content\/uploads\/2015\/12\/Logo_TV_mittel.png?fit=1000%2C303&ssl=1","width":1000,"height":303,"caption":"Turnverein Bolligen"},"image":{"@id":"https:\/\/www.tvbolligen.ch\/site\/#\/schema\/logo\/image\/"}},{"@type":"Person","@id":"https:\/\/www.tvbolligen.ch\/site\/#\/schema\/person\/a548316315abd9826342fe9f167c779b","name":"Marc Stadelmann","image":{"@type":"ImageObject","inLanguage":"de","@id":"https:\/\/www.tvbolligen.ch\/site\/#\/schema\/person\/image\/","url":"https:\/\/secure.gravatar.com\/avatar\/752bd87a5184d8ff37ce98a0e2476e6edbb4731cac29dfecd23ea3a4a66adb37?s=96&d=mm&r=g","contentUrl":"https:\/\/secure.gravatar.com\/avatar\/752bd87a5184d8ff37ce98a0e2476e6edbb4731cac29dfecd23ea3a4a66adb37?s=96&d=mm&r=g","caption":"Marc Stadelmann"},"url":"https:\/\/www.tvbolligen.ch\/site\/author\/marcst\/"}]}},"jetpack_publicize_connections":[],"jetpack_featured_media_url":"https:\/\/i0.wp.com\/www.tvbolligen.ch\/site\/wp-content\/uploads\/Fruehlingsmehrkampf-Rueegsauschachen-scaled.jpg?fit=2560%2C1417&ssl=1","jetpack_sharing_enabled":true,"jetpack_shortlink":"https:\/\/wp.me\/p751GT-6DO","_links":{"self":[{"href":"https:\/\/www.tvbolligen.ch\/site\/wp-json\/wp\/v2\/posts\/25532","targetHints":{"allow":["GET"]}}],"collection":[{"href":"https:\/\/www.tvbolligen.ch\/site\/wp-json\/wp\/v2\/posts"}],"about":[{"href":"https:\/\/www.tvbolligen.ch\/site\/wp-json\/wp\/v2\/types\/post"}],"author":[{"embeddable":true,"href":"https:\/\/www.tvbolligen.ch\/site\/wp-json\/wp\/v2\/users\/23"}],"replies":[{"embeddable":true,"href":"https:\/\/www.tvbolligen.ch\/site\/wp-json\/wp\/v2\/comments?post=25532"}],"version-history":[{"count":5,"href":"https:\/\/www.tvbolligen.ch\/site\/wp-json\/wp\/v2\/posts\/25532\/revisions"}],"predecessor-version":[{"id":25537,"href":"https:\/\/www.tvbolligen.ch\/site\/wp-json\/wp\/v2\/posts\/25532\/revisions\/25537"}],"wp:featuredmedia":[{"embeddable":true,"href":"https:\/\/www.tvbolligen.ch\/site\/wp-json\/wp\/v2\/media\/25531"}],"wp:attachment":[{"href":"https:\/\/www.tvbolligen.ch\/site\/wp-json\/wp\/v2\/media?parent=25532"}],"wp:term":[{"taxonomy":"category","embeddable":true,"href":"https:\/\/www.tvbolligen.ch\/site\/wp-json\/wp\/v2\/categories?post=25532"},{"taxonomy":"post_tag","embeddable":true,"href":"https:\/\/www.tvbolligen.ch\/site\/wp-json\/wp\/v2\/tags?post=25532"}],"curies":[{"name":"wp","href":"https:\/\/api.w.org\/{rel}","templated":true}]}}