{"id":25562,"date":"2026-05-02T19:24:58","date_gmt":"2026-05-02T17:24:58","guid":{"rendered":"https:\/\/www.tvbolligen.ch\/site\/?p=25562"},"modified":"2026-05-02T23:18:11","modified_gmt":"2026-05-02T21:18:11","slug":"podestplatz-und-persoenliche-bestleistungen-in-langnau","status":"publish","type":"post","link":"https:\/\/www.tvbolligen.ch\/site\/podestplatz-und-persoenliche-bestleistungen-in-langnau\/","title":{"rendered":"Podestplatz und pers\u00f6nliche Bestleistungen in Langnau"},"content":{"rendered":"<p>Am traditionellen Fr\u00fchjahres-H\u00fcrdenmeeting in Langnau im Emmental war auch in diesem Jahr der TV Bolligen mit drei Athletinnen vertreten.<\/p>\n<p>Trotz relativ starkem Gegenwind \u00fcberzeugte Ava D\u00e4llenbach mit einer starken Leistung: Sie verbesserte ihre pers\u00f6nliche Bestzeit \u00fcber 60 m H\u00fcrden um mehr als drei Zehntelsekunden auf 10.48 s und qualifizierte sich damit souver\u00e4n f\u00fcr den Final in der Kategorie U14. Dort best\u00e4tigte sie ihre Topform trotz nicht optimalem Start mit 10.52 s und sicherte sich im starken Teilnehmerfeld den hervorragenden 3. Schlussrang.<\/p>\n<p>Knapp am Final der besten acht vorbei lief Valerie Kilchenmann. Sie steigerte sich \u00fcber 80 m H\u00fcrden deutlich, unterbot ihre Bestzeit um fast eine Sekunde und erreichte in der Kategorie U16 den sehr guten 10. Rang.<\/p>\n<p>Na\u00eblle Mange zeigte ebenfalls einen vielversprechenden Start und lag auf Bestleistungskurs, verlor jedoch nach einem Fehler an der f\u00fcnften H\u00fcrde leider merklich Tempo. Sie beendete den Wettkampf schliesslich auf Rang 18.<\/p>\nngg_shortcode_0_placeholder\n","protected":false},"excerpt":{"rendered":"<p>Am traditionellen Fr\u00fchjahres-H\u00fcrdenmeeting in Langnau im Emmental war auch in diesem Jahr der TV Bolligen mit drei Athletinnen vertreten. Trotz relativ starkem Gegenwind \u00fcberzeugte Ava D\u00e4llenbach mit einer starken Leistung: Sie verbesserte ihre pers\u00f6nliche Bestzeit \u00fcber 60 m H\u00fcrden um mehr als drei Zehntelsekunden auf 10.48 s und qualifizierte sich damit souver\u00e4n f\u00fcr den Final [&hellip;]<\/p>\n","protected":false},"author":16,"featured_media":25563,"comment_status":"closed","ping_status":"closed","sticky":false,"template":"","format":"standard","meta":{"_et_pb_use_builder":"","_et_pb_old_content":"","_et_gb_content_width":"","ngg_post_thumbnail":0,"jetpack_post_was_ever_published":false,"_jetpack_newsletter_access":"","_jetpack_dont_email_post_to_subs":false,"_jetpack_newsletter_tier_id":0,"_jetpack_memberships_contains_paywalled_content":false,"_jetpack_memberships_contains_paid_content":false,"footnotes":"","jetpack_publicize_message":"","jetpack_publicize_feature_enabled":true,"jetpack_social_post_already_shared":true,"jetpack_social_options":{"image_generator_settings":{"template":"highway","enabled":false},"version":2}},"categories":[1,12],"tags":[],"class_list":["post-25562","post","type-post","status-publish","format-standard","has-post-thumbnail","hentry","category-hauptverein","category-la"],"yoast_head":"<!-- This site is optimized with the Yoast SEO plugin v25.1 - https:\/\/yoast.com\/wordpress\/plugins\/seo\/ -->\n<title>Podestplatz und pers\u00f6nliche Bestleistungen in Langnau - Turnverein Bolligen<\/title>\n<meta name=\"robots\" content=\"index, follow, max-snippet:-1, max-image-preview:large, max-video-preview:-1\" \/>\n<link rel=\"canonical\" href=\"https:\/\/www.tvbolligen.ch\/site\/podestplatz-und-persoenliche-bestleistungen-in-langnau\/\" \/>\n<meta property=\"og:locale\" content=\"de_DE\" \/>\n<meta property=\"og:type\" content=\"article\" \/>\n<meta property=\"og:title\" content=\"Podestplatz und pers\u00f6nliche Bestleistungen in Langnau - Turnverein Bolligen\" \/>\n<meta property=\"og:description\" content=\"Am traditionellen Fr\u00fchjahres-H\u00fcrdenmeeting in Langnau im Emmental war auch in diesem Jahr der TV Bolligen mit drei Athletinnen vertreten. Trotz relativ starkem Gegenwind \u00fcberzeugte Ava D\u00e4llenbach mit einer starken Leistung: Sie verbesserte ihre pers\u00f6nliche Bestzeit \u00fcber 60 m H\u00fcrden um mehr als drei Zehntelsekunden auf 10.48 s und qualifizierte sich damit souver\u00e4n f\u00fcr den Final [&hellip;]\" \/>\n<meta property=\"og:url\" content=\"https:\/\/www.tvbolligen.ch\/site\/podestplatz-und-persoenliche-bestleistungen-in-langnau\/\" \/>\n<meta property=\"og:site_name\" content=\"Turnverein Bolligen\" \/>\n<meta property=\"article:published_time\" content=\"2026-05-02T17:24:58+00:00\" \/>\n<meta property=\"article:modified_time\" content=\"2026-05-02T21:18:11+00:00\" \/>\n<meta property=\"og:image\" content=\"https:\/\/www.tvbolligen.ch\/site\/wp-content\/uploads\/Bolliger-Team-am-Huerdenmeeting-Langnau.jpg\" \/>\n\t<meta property=\"og:image:width\" content=\"2016\" \/>\n\t<meta property=\"og:image:height\" content=\"1512\" \/>\n\t<meta property=\"og:image:type\" content=\"image\/jpeg\" \/>\n<meta name=\"author\" content=\"Christoph Stadelmann\" \/>\n<meta name=\"twitter:card\" content=\"summary_large_image\" \/>\n<meta name=\"twitter:label1\" content=\"Verfasst von\" \/>\n\t<meta name=\"twitter:data1\" content=\"Christoph Stadelmann\" \/>\n\t<meta name=\"twitter:label2\" content=\"Gesch\u00e4tzte Lesezeit\" \/>\n\t<meta name=\"twitter:data2\" content=\"2\u00a0Minuten\" \/>\n<script type=\"application\/ld+json\" class=\"yoast-schema-graph\">{\"@context\":\"https:\/\/schema.org\",\"@graph\":[{\"@type\":\"Article\",\"@id\":\"https:\/\/www.tvbolligen.ch\/site\/podestplatz-und-persoenliche-bestleistungen-in-langnau\/#article\",\"isPartOf\":{\"@id\":\"https:\/\/www.tvbolligen.ch\/site\/podestplatz-und-persoenliche-bestleistungen-in-langnau\/\"},\"author\":{\"name\":\"Christoph Stadelmann\",\"@id\":\"https:\/\/www.tvbolligen.ch\/site\/#\/schema\/person\/cf2ff3d29907f0355f91f6838672eaf4\"},\"headline\":\"Podestplatz und pers\u00f6nliche Bestleistungen in Langnau\",\"datePublished\":\"2026-05-02T17:24:58+00:00\",\"dateModified\":\"2026-05-02T21:18:11+00:00\",\"mainEntityOfPage\":{\"@id\":\"https:\/\/www.tvbolligen.ch\/site\/podestplatz-und-persoenliche-bestleistungen-in-langnau\/\"},\"wordCount\":167,\"publisher\":{\"@id\":\"https:\/\/www.tvbolligen.ch\/site\/#organization\"},\"image\":{\"@id\":\"https:\/\/www.tvbolligen.ch\/site\/podestplatz-und-persoenliche-bestleistungen-in-langnau\/#primaryimage\"},\"thumbnailUrl\":\"https:\/\/i0.wp.com\/www.tvbolligen.ch\/site\/wp-content\/uploads\/Bolliger-Team-am-Huerdenmeeting-Langnau.jpg?fit=2016%2C1512&ssl=1\",\"articleSection\":[\"Hauptverein\",\"LA\"],\"inLanguage\":\"de\"},{\"@type\":\"WebPage\",\"@id\":\"https:\/\/www.tvbolligen.ch\/site\/podestplatz-und-persoenliche-bestleistungen-in-langnau\/\",\"url\":\"https:\/\/www.tvbolligen.ch\/site\/podestplatz-und-persoenliche-bestleistungen-in-langnau\/\",\"name\":\"Podestplatz und pers\u00f6nliche Bestleistungen in Langnau - Turnverein Bolligen\",\"isPartOf\":{\"@id\":\"https:\/\/www.tvbolligen.ch\/site\/#website\"},\"primaryImageOfPage\":{\"@id\":\"https:\/\/www.tvbolligen.ch\/site\/podestplatz-und-persoenliche-bestleistungen-in-langnau\/#primaryimage\"},\"image\":{\"@id\":\"https:\/\/www.tvbolligen.ch\/site\/podestplatz-und-persoenliche-bestleistungen-in-langnau\/#primaryimage\"},\"thumbnailUrl\":\"https:\/\/i0.wp.com\/www.tvbolligen.ch\/site\/wp-content\/uploads\/Bolliger-Team-am-Huerdenmeeting-Langnau.jpg?fit=2016%2C1512&ssl=1\",\"datePublished\":\"2026-05-02T17:24:58+00:00\",\"dateModified\":\"2026-05-02T21:18:11+00:00\",\"breadcrumb\":{\"@id\":\"https:\/\/www.tvbolligen.ch\/site\/podestplatz-und-persoenliche-bestleistungen-in-langnau\/#breadcrumb\"},\"inLanguage\":\"de\",\"potentialAction\":[{\"@type\":\"ReadAction\",\"target\":[\"https:\/\/www.tvbolligen.ch\/site\/podestplatz-und-persoenliche-bestleistungen-in-langnau\/\"]}]},{\"@type\":\"ImageObject\",\"inLanguage\":\"de\",\"@id\":\"https:\/\/www.tvbolligen.ch\/site\/podestplatz-und-persoenliche-bestleistungen-in-langnau\/#primaryimage\",\"url\":\"https:\/\/i0.wp.com\/www.tvbolligen.ch\/site\/wp-content\/uploads\/Bolliger-Team-am-Huerdenmeeting-Langnau.jpg?fit=2016%2C1512&ssl=1\",\"contentUrl\":\"https:\/\/i0.wp.com\/www.tvbolligen.ch\/site\/wp-content\/uploads\/Bolliger-Team-am-Huerdenmeeting-Langnau.jpg?fit=2016%2C1512&ssl=1\",\"width\":2016,\"height\":1512},{\"@type\":\"BreadcrumbList\",\"@id\":\"https:\/\/www.tvbolligen.ch\/site\/podestplatz-und-persoenliche-bestleistungen-in-langnau\/#breadcrumb\",\"itemListElement\":[{\"@type\":\"ListItem\",\"position\":1,\"name\":\"Home\",\"item\":\"https:\/\/www.tvbolligen.ch\/site\/\"},{\"@type\":\"ListItem\",\"position\":2,\"name\":\"Podestplatz und pers\u00f6nliche Bestleistungen in Langnau\"}]},{\"@type\":\"WebSite\",\"@id\":\"https:\/\/www.tvbolligen.ch\/site\/#website\",\"url\":\"https:\/\/www.tvbolligen.ch\/site\/\",\"name\":\"Turnverein Bolligen\",\"description\":\"Sport f\u00fcr Jung und Alt in Bolligen\",\"publisher\":{\"@id\":\"https:\/\/www.tvbolligen.ch\/site\/#organization\"},\"potentialAction\":[{\"@type\":\"SearchAction\",\"target\":{\"@type\":\"EntryPoint\",\"urlTemplate\":\"https:\/\/www.tvbolligen.ch\/site\/?s={search_term_string}\"},\"query-input\":{\"@type\":\"PropertyValueSpecification\",\"valueRequired\":true,\"valueName\":\"search_term_string\"}}],\"inLanguage\":\"de\"},{\"@type\":\"Organization\",\"@id\":\"https:\/\/www.tvbolligen.ch\/site\/#organization\",\"name\":\"Turnverein Bolligen\",\"url\":\"https:\/\/www.tvbolligen.ch\/site\/\",\"logo\":{\"@type\":\"ImageObject\",\"inLanguage\":\"de\",\"@id\":\"https:\/\/www.tvbolligen.ch\/site\/#\/schema\/logo\/image\/\",\"url\":\"https:\/\/i0.wp.com\/www.tvbolligen.ch\/site\/wp-content\/uploads\/2015\/12\/Logo_TV_mittel.png?fit=1000%2C303&ssl=1\",\"contentUrl\":\"https:\/\/i0.wp.com\/www.tvbolligen.ch\/site\/wp-content\/uploads\/2015\/12\/Logo_TV_mittel.png?fit=1000%2C303&ssl=1\",\"width\":1000,\"height\":303,\"caption\":\"Turnverein Bolligen\"},\"image\":{\"@id\":\"https:\/\/www.tvbolligen.ch\/site\/#\/schema\/logo\/image\/\"}},{\"@type\":\"Person\",\"@id\":\"https:\/\/www.tvbolligen.ch\/site\/#\/schema\/person\/cf2ff3d29907f0355f91f6838672eaf4\",\"name\":\"Christoph Stadelmann\",\"image\":{\"@type\":\"ImageObject\",\"inLanguage\":\"de\",\"@id\":\"https:\/\/www.tvbolligen.ch\/site\/#\/schema\/person\/image\/\",\"url\":\"https:\/\/secure.gravatar.com\/avatar\/eb36e22abc5edb516c894c982c651ddde21b1dc17f96bef394f2f54c3f96d06d?s=96&d=mm&r=g\",\"contentUrl\":\"https:\/\/secure.gravatar.com\/avatar\/eb36e22abc5edb516c894c982c651ddde21b1dc17f96bef394f2f54c3f96d06d?s=96&d=mm&r=g\",\"caption\":\"Christoph Stadelmann\"},\"url\":\"https:\/\/www.tvbolligen.ch\/site\/author\/stadli\/\"}]}<\/script>\n<!-- \/ Yoast SEO plugin. -->","yoast_head_json":{"title":"Podestplatz und pers\u00f6nliche Bestleistungen in Langnau - Turnverein Bolligen","robots":{"index":"index","follow":"follow","max-snippet":"max-snippet:-1","max-image-preview":"max-image-preview:large","max-video-preview":"max-video-preview:-1"},"canonical":"https:\/\/www.tvbolligen.ch\/site\/podestplatz-und-persoenliche-bestleistungen-in-langnau\/","og_locale":"de_DE","og_type":"article","og_title":"Podestplatz und pers\u00f6nliche Bestleistungen in Langnau - Turnverein Bolligen","og_description":"Am traditionellen Fr\u00fchjahres-H\u00fcrdenmeeting in Langnau im Emmental war auch in diesem Jahr der TV Bolligen mit drei Athletinnen vertreten. Trotz relativ starkem Gegenwind \u00fcberzeugte Ava D\u00e4llenbach mit einer starken Leistung: Sie verbesserte ihre pers\u00f6nliche Bestzeit \u00fcber 60 m H\u00fcrden um mehr als drei Zehntelsekunden auf 10.48 s und qualifizierte sich damit souver\u00e4n f\u00fcr den Final [&hellip;]","og_url":"https:\/\/www.tvbolligen.ch\/site\/podestplatz-und-persoenliche-bestleistungen-in-langnau\/","og_site_name":"Turnverein Bolligen","article_published_time":"2026-05-02T17:24:58+00:00","article_modified_time":"2026-05-02T21:18:11+00:00","og_image":[{"width":2016,"height":1512,"url":"https:\/\/www.tvbolligen.ch\/site\/wp-content\/uploads\/Bolliger-Team-am-Huerdenmeeting-Langnau.jpg","type":"image\/jpeg"}],"author":"Christoph Stadelmann","twitter_card":"summary_large_image","twitter_misc":{"Verfasst von":"Christoph Stadelmann","Gesch\u00e4tzte Lesezeit":"2\u00a0Minuten"},"schema":{"@context":"https:\/\/schema.org","@graph":[{"@type":"Article","@id":"https:\/\/www.tvbolligen.ch\/site\/podestplatz-und-persoenliche-bestleistungen-in-langnau\/#article","isPartOf":{"@id":"https:\/\/www.tvbolligen.ch\/site\/podestplatz-und-persoenliche-bestleistungen-in-langnau\/"},"author":{"name":"Christoph Stadelmann","@id":"https:\/\/www.tvbolligen.ch\/site\/#\/schema\/person\/cf2ff3d29907f0355f91f6838672eaf4"},"headline":"Podestplatz und pers\u00f6nliche Bestleistungen in Langnau","datePublished":"2026-05-02T17:24:58+00:00","dateModified":"2026-05-02T21:18:11+00:00","mainEntityOfPage":{"@id":"https:\/\/www.tvbolligen.ch\/site\/podestplatz-und-persoenliche-bestleistungen-in-langnau\/"},"wordCount":167,"publisher":{"@id":"https:\/\/www.tvbolligen.ch\/site\/#organization"},"image":{"@id":"https:\/\/www.tvbolligen.ch\/site\/podestplatz-und-persoenliche-bestleistungen-in-langnau\/#primaryimage"},"thumbnailUrl":"https:\/\/i0.wp.com\/www.tvbolligen.ch\/site\/wp-content\/uploads\/Bolliger-Team-am-Huerdenmeeting-Langnau.jpg?fit=2016%2C1512&ssl=1","articleSection":["Hauptverein","LA"],"inLanguage":"de"},{"@type":"WebPage","@id":"https:\/\/www.tvbolligen.ch\/site\/podestplatz-und-persoenliche-bestleistungen-in-langnau\/","url":"https:\/\/www.tvbolligen.ch\/site\/podestplatz-und-persoenliche-bestleistungen-in-langnau\/","name":"Podestplatz und pers\u00f6nliche Bestleistungen in Langnau - Turnverein Bolligen","isPartOf":{"@id":"https:\/\/www.tvbolligen.ch\/site\/#website"},"primaryImageOfPage":{"@id":"https:\/\/www.tvbolligen.ch\/site\/podestplatz-und-persoenliche-bestleistungen-in-langnau\/#primaryimage"},"image":{"@id":"https:\/\/www.tvbolligen.ch\/site\/podestplatz-und-persoenliche-bestleistungen-in-langnau\/#primaryimage"},"thumbnailUrl":"https:\/\/i0.wp.com\/www.tvbolligen.ch\/site\/wp-content\/uploads\/Bolliger-Team-am-Huerdenmeeting-Langnau.jpg?fit=2016%2C1512&ssl=1","datePublished":"2026-05-02T17:24:58+00:00","dateModified":"2026-05-02T21:18:11+00:00","breadcrumb":{"@id":"https:\/\/www.tvbolligen.ch\/site\/podestplatz-und-persoenliche-bestleistungen-in-langnau\/#breadcrumb"},"inLanguage":"de","potentialAction":[{"@type":"ReadAction","target":["https:\/\/www.tvbolligen.ch\/site\/podestplatz-und-persoenliche-bestleistungen-in-langnau\/"]}]},{"@type":"ImageObject","inLanguage":"de","@id":"https:\/\/www.tvbolligen.ch\/site\/podestplatz-und-persoenliche-bestleistungen-in-langnau\/#primaryimage","url":"https:\/\/i0.wp.com\/www.tvbolligen.ch\/site\/wp-content\/uploads\/Bolliger-Team-am-Huerdenmeeting-Langnau.jpg?fit=2016%2C1512&ssl=1","contentUrl":"https:\/\/i0.wp.com\/www.tvbolligen.ch\/site\/wp-content\/uploads\/Bolliger-Team-am-Huerdenmeeting-Langnau.jpg?fit=2016%2C1512&ssl=1","width":2016,"height":1512},{"@type":"BreadcrumbList","@id":"https:\/\/www.tvbolligen.ch\/site\/podestplatz-und-persoenliche-bestleistungen-in-langnau\/#breadcrumb","itemListElement":[{"@type":"ListItem","position":1,"name":"Home","item":"https:\/\/www.tvbolligen.ch\/site\/"},{"@type":"ListItem","position":2,"name":"Podestplatz und pers\u00f6nliche Bestleistungen in Langnau"}]},{"@type":"WebSite","@id":"https:\/\/www.tvbolligen.ch\/site\/#website","url":"https:\/\/www.tvbolligen.ch\/site\/","name":"Turnverein Bolligen","description":"Sport f\u00fcr Jung und Alt in Bolligen","publisher":{"@id":"https:\/\/www.tvbolligen.ch\/site\/#organization"},"potentialAction":[{"@type":"SearchAction","target":{"@type":"EntryPoint","urlTemplate":"https:\/\/www.tvbolligen.ch\/site\/?s={search_term_string}"},"query-input":{"@type":"PropertyValueSpecification","valueRequired":true,"valueName":"search_term_string"}}],"inLanguage":"de"},{"@type":"Organization","@id":"https:\/\/www.tvbolligen.ch\/site\/#organization","name":"Turnverein Bolligen","url":"https:\/\/www.tvbolligen.ch\/site\/","logo":{"@type":"ImageObject","inLanguage":"de","@id":"https:\/\/www.tvbolligen.ch\/site\/#\/schema\/logo\/image\/","url":"https:\/\/i0.wp.com\/www.tvbolligen.ch\/site\/wp-content\/uploads\/2015\/12\/Logo_TV_mittel.png?fit=1000%2C303&ssl=1","contentUrl":"https:\/\/i0.wp.com\/www.tvbolligen.ch\/site\/wp-content\/uploads\/2015\/12\/Logo_TV_mittel.png?fit=1000%2C303&ssl=1","width":1000,"height":303,"caption":"Turnverein Bolligen"},"image":{"@id":"https:\/\/www.tvbolligen.ch\/site\/#\/schema\/logo\/image\/"}},{"@type":"Person","@id":"https:\/\/www.tvbolligen.ch\/site\/#\/schema\/person\/cf2ff3d29907f0355f91f6838672eaf4","name":"Christoph Stadelmann","image":{"@type":"ImageObject","inLanguage":"de","@id":"https:\/\/www.tvbolligen.ch\/site\/#\/schema\/person\/image\/","url":"https:\/\/secure.gravatar.com\/avatar\/eb36e22abc5edb516c894c982c651ddde21b1dc17f96bef394f2f54c3f96d06d?s=96&d=mm&r=g","contentUrl":"https:\/\/secure.gravatar.com\/avatar\/eb36e22abc5edb516c894c982c651ddde21b1dc17f96bef394f2f54c3f96d06d?s=96&d=mm&r=g","caption":"Christoph Stadelmann"},"url":"https:\/\/www.tvbolligen.ch\/site\/author\/stadli\/"}]}},"jetpack_publicize_connections":[],"jetpack_featured_media_url":"https:\/\/i0.wp.com\/www.tvbolligen.ch\/site\/wp-content\/uploads\/Bolliger-Team-am-Huerdenmeeting-Langnau.jpg?fit=2016%2C1512&ssl=1","jetpack_sharing_enabled":true,"jetpack_shortlink":"https:\/\/wp.me\/p751GT-6Ei","_links":{"self":[{"href":"https:\/\/www.tvbolligen.ch\/site\/wp-json\/wp\/v2\/posts\/25562","targetHints":{"allow":["GET"]}}],"collection":[{"href":"https:\/\/www.tvbolligen.ch\/site\/wp-json\/wp\/v2\/posts"}],"about":[{"href":"https:\/\/www.tvbolligen.ch\/site\/wp-json\/wp\/v2\/types\/post"}],"author":[{"embeddable":true,"href":"https:\/\/www.tvbolligen.ch\/site\/wp-json\/wp\/v2\/users\/16"}],"replies":[{"embeddable":true,"href":"https:\/\/www.tvbolligen.ch\/site\/wp-json\/wp\/v2\/comments?post=25562"}],"version-history":[{"count":6,"href":"https:\/\/www.tvbolligen.ch\/site\/wp-json\/wp\/v2\/posts\/25562\/revisions"}],"predecessor-version":[{"id":25570,"href":"https:\/\/www.tvbolligen.ch\/site\/wp-json\/wp\/v2\/posts\/25562\/revisions\/25570"}],"wp:featuredmedia":[{"embeddable":true,"href":"https:\/\/www.tvbolligen.ch\/site\/wp-json\/wp\/v2\/media\/25563"}],"wp:attachment":[{"href":"https:\/\/www.tvbolligen.ch\/site\/wp-json\/wp\/v2\/media?parent=25562"}],"wp:term":[{"taxonomy":"category","embeddable":true,"href":"https:\/\/www.tvbolligen.ch\/site\/wp-json\/wp\/v2\/categories?post=25562"},{"taxonomy":"post_tag","embeddable":true,"href":"https:\/\/www.tvbolligen.ch\/site\/wp-json\/wp\/v2\/tags?post=25562"}],"curies":[{"name":"wp","href":"https:\/\/api.w.org\/{rel}","templated":true}]}}