{"id":25871,"date":"2026-09-06T12:23:53","date_gmt":"2026-09-06T10:23:53","guid":{"rendered":"https:\/\/www.tvbolligen.ch\/site\/?p=25871"},"modified":"2026-09-06T12:23:53","modified_gmt":"2026-09-06T10:23:53","slug":"zwei-bolliger-nachwuchs-leichtathletinnen-an-den-einzel-nachwuchs-schweizermeisterschaften","status":"publish","type":"post","link":"https:\/\/www.tvbolligen.ch\/site\/zwei-bolliger-nachwuchs-leichtathletinnen-an-den-einzel-nachwuchs-schweizermeisterschaften\/","title":{"rendered":"Zwei Bolliger Nachwuchs-Leichtathlet:innen an den Einzel-Nachwuchs-Schweizermeisterschaften"},"content":{"rendered":"<p>Auch dieses Jahr konnten sich wieder zwei Bolliger Leichtathlet:innen dank herausragender Leistungen f\u00fcr die Nachwuchs-Einzel-Schweizermeisterschaften qualifizieren. Valerie Kilchenmann (Jg. 2011) schaffte die Qualifikation gleich in zwei Disziplinen, w\u00e4hrend sich auch Leon Sch\u00fctz mit einer starken Leistung das Ticket f\u00fcr die Schweizermeisterschaften sicherte.<\/p>\n<p><strong>Valerie Kilchenmann gleich mit zwei Limiten<\/strong><br \/>\nMit einem Sprung \u00fcber 5,30 m im Weitsprung sowie 10,02 m im Dreisprung \u00fcbersprang Valerie Kilchenmann die geforderten Limiten gleich in zwei Disziplinen.<\/p>\n<p>Auch Leon Sch\u00fctz konnte sich f\u00fcr die Schweizermeisterschaften qualifizieren. Er erzielte die erforderliche Limite von 11,09 m im Dreisprung anl\u00e4sslich der Kantonalmeisterschaften im Juni.<\/p>\n<p><strong>Pers\u00f6nliche Bestleistungen und Vereinsrekord in Thun<\/strong><br \/>\nDie Schweizermeisterschaften fanden in diesem Jahr in Thun statt. Im Dreisprung konnten die beiden Bolliger Nachwuchsathlet:innen dort nochmals eine Schippe drauflegen.<\/p>\n<p>Leon gelang mit einem Sprung auf 11,26 m eine neue pers\u00f6nliche Bestleistung. Gleichzeitig schraubte er seinen eigenen Vereinsrekord um fast 20 Zentimeter nach oben \u2013 eine starke Steigerung p\u00fcnktlich zum Saisonh\u00f6hepunkt.<\/p>\n<p>Auch Valerie konnte ihre pers\u00f6nliche Bestweite verbessern. Mit 10,14 m im Dreisprung gelang ihr ebenfalls ein neuer pers\u00f6nlicher Bestwert.<\/p>\n<p>Damit klassierten sich die beiden im Feld der besten Schweizer Dreispringer:innen ihrer Alterskategorie auf den 12. Rang (Leon) bzw. 16. Rang (Valerie).<\/p>\n<p><strong>Valerie auch im Weitsprung am Start<\/strong><br \/>\nIm Weitsprung fand Valerie leider nie so richtig in den Wettkampf und vermochte die 5-Meter-Marke diesmal nicht zu \u00fcberspringen. Im Feld der besten nationalen Weitspringerinnen ihrer Kategorie belegte sie schliesslich den 14. Schlussrang.<\/p>\n<p>Allein schon die Qualifikation f\u00fcr die Schweizermeisterschaften ist und war eine tolle Leistung! Die beiden haben mit ihren starken Auftritten in Thun gezeigt, dass sie auf nationaler Ebene mithalten k\u00f6nnen. Besonders die neuen pers\u00f6nlichen Bestleistungen und der Vereinsrekord von Leon sind ein sch\u00f6ner Lohn f\u00fcr die geleistete Trainingsarbeit.<\/p>\n","protected":false},"excerpt":{"rendered":"<p>Auch dieses Jahr konnten sich wieder zwei Bolliger Leichtathlet:innen dank herausragender Leistungen f\u00fcr die Nachwuchs-Einzel-Schweizermeisterschaften qualifizieren. Valerie Kilchenmann (Jg. 2011) schaffte die Qualifikation gleich in zwei Disziplinen, w\u00e4hrend sich auch Leon Sch\u00fctz mit einer starken Leistung das Ticket f\u00fcr die Schweizermeisterschaften sicherte. Valerie Kilchenmann gleich mit zwei Limiten Mit einem Sprung \u00fcber 5,30 m im [&hellip;]<\/p>\n","protected":false},"author":16,"featured_media":25873,"comment_status":"closed","ping_status":"closed","sticky":false,"template":"","format":"standard","meta":{"_et_pb_use_builder":"","_et_pb_old_content":"","_et_gb_content_width":"","ngg_post_thumbnail":0,"jetpack_post_was_ever_published":false,"_jetpack_newsletter_access":"","_jetpack_dont_email_post_to_subs":false,"_jetpack_newsletter_tier_id":0,"_jetpack_memberships_contains_paywalled_content":false,"_jetpack_memberships_contains_paid_content":false,"footnotes":"","jetpack_publicize_message":"","jetpack_publicize_feature_enabled":true,"jetpack_social_post_already_shared":true,"jetpack_social_options":{"image_generator_settings":{"template":"highway","enabled":false},"version":2}},"categories":[1],"tags":[],"class_list":["post-25871","post","type-post","status-publish","format-standard","has-post-thumbnail","hentry","category-hauptverein"],"yoast_head":"<!-- This site is optimized with the Yoast SEO plugin v25.1 - https:\/\/yoast.com\/wordpress\/plugins\/seo\/ -->\n<title>Zwei Bolliger Nachwuchs-Leichtathlet:innen an den Einzel-Nachwuchs-Schweizermeisterschaften - Turnverein Bolligen<\/title>\n<meta name=\"robots\" content=\"index, follow, max-snippet:-1, max-image-preview:large, max-video-preview:-1\" \/>\n<link rel=\"canonical\" href=\"https:\/\/www.tvbolligen.ch\/site\/zwei-bolliger-nachwuchs-leichtathletinnen-an-den-einzel-nachwuchs-schweizermeisterschaften\/\" \/>\n<meta property=\"og:locale\" content=\"de_DE\" \/>\n<meta property=\"og:type\" content=\"article\" \/>\n<meta property=\"og:title\" content=\"Zwei Bolliger Nachwuchs-Leichtathlet:innen an den Einzel-Nachwuchs-Schweizermeisterschaften - Turnverein Bolligen\" \/>\n<meta property=\"og:description\" content=\"Auch dieses Jahr konnten sich wieder zwei Bolliger Leichtathlet:innen dank herausragender Leistungen f\u00fcr die Nachwuchs-Einzel-Schweizermeisterschaften qualifizieren. Valerie Kilchenmann (Jg. 2011) schaffte die Qualifikation gleich in zwei Disziplinen, w\u00e4hrend sich auch Leon Sch\u00fctz mit einer starken Leistung das Ticket f\u00fcr die Schweizermeisterschaften sicherte. Valerie Kilchenmann gleich mit zwei Limiten Mit einem Sprung \u00fcber 5,30 m im [&hellip;]\" \/>\n<meta property=\"og:url\" content=\"https:\/\/www.tvbolligen.ch\/site\/zwei-bolliger-nachwuchs-leichtathletinnen-an-den-einzel-nachwuchs-schweizermeisterschaften\/\" \/>\n<meta property=\"og:site_name\" content=\"Turnverein Bolligen\" \/>\n<meta property=\"article:published_time\" content=\"2026-09-06T10:23:53+00:00\" \/>\n<meta property=\"og:image\" content=\"https:\/\/www.tvbolligen.ch\/site\/wp-content\/uploads\/Valeriie-und-Leon-an-den-Nachwuchs-Schweizermeisterschaften.png\" \/>\n\t<meta property=\"og:image:width\" content=\"640\" \/>\n\t<meta property=\"og:image:height\" content=\"480\" \/>\n\t<meta property=\"og:image:type\" content=\"image\/png\" \/>\n<meta name=\"author\" content=\"Christoph Stadelmann\" \/>\n<meta name=\"twitter:card\" content=\"summary_large_image\" \/>\n<meta name=\"twitter:label1\" content=\"Verfasst von\" \/>\n\t<meta name=\"twitter:data1\" content=\"Christoph Stadelmann\" \/>\n\t<meta name=\"twitter:label2\" content=\"Gesch\u00e4tzte Lesezeit\" \/>\n\t<meta name=\"twitter:data2\" content=\"2\u00a0Minuten\" \/>\n<script type=\"application\/ld+json\" class=\"yoast-schema-graph\">{\"@context\":\"https:\/\/schema.org\",\"@graph\":[{\"@type\":\"Article\",\"@id\":\"https:\/\/www.tvbolligen.ch\/site\/zwei-bolliger-nachwuchs-leichtathletinnen-an-den-einzel-nachwuchs-schweizermeisterschaften\/#article\",\"isPartOf\":{\"@id\":\"https:\/\/www.tvbolligen.ch\/site\/zwei-bolliger-nachwuchs-leichtathletinnen-an-den-einzel-nachwuchs-schweizermeisterschaften\/\"},\"author\":{\"name\":\"Christoph Stadelmann\",\"@id\":\"https:\/\/www.tvbolligen.ch\/site\/#\/schema\/person\/cf2ff3d29907f0355f91f6838672eaf4\"},\"headline\":\"Zwei Bolliger Nachwuchs-Leichtathlet:innen an den Einzel-Nachwuchs-Schweizermeisterschaften\",\"datePublished\":\"2026-09-06T10:23:53+00:00\",\"mainEntityOfPage\":{\"@id\":\"https:\/\/www.tvbolligen.ch\/site\/zwei-bolliger-nachwuchs-leichtathletinnen-an-den-einzel-nachwuchs-schweizermeisterschaften\/\"},\"wordCount\":298,\"publisher\":{\"@id\":\"https:\/\/www.tvbolligen.ch\/site\/#organization\"},\"image\":{\"@id\":\"https:\/\/www.tvbolligen.ch\/site\/zwei-bolliger-nachwuchs-leichtathletinnen-an-den-einzel-nachwuchs-schweizermeisterschaften\/#primaryimage\"},\"thumbnailUrl\":\"https:\/\/i0.wp.com\/www.tvbolligen.ch\/site\/wp-content\/uploads\/Valeriie-und-Leon-an-den-Nachwuchs-Schweizermeisterschaften.png?fit=640%2C480&ssl=1\",\"articleSection\":[\"Hauptverein\"],\"inLanguage\":\"de\"},{\"@type\":\"WebPage\",\"@id\":\"https:\/\/www.tvbolligen.ch\/site\/zwei-bolliger-nachwuchs-leichtathletinnen-an-den-einzel-nachwuchs-schweizermeisterschaften\/\",\"url\":\"https:\/\/www.tvbolligen.ch\/site\/zwei-bolliger-nachwuchs-leichtathletinnen-an-den-einzel-nachwuchs-schweizermeisterschaften\/\",\"name\":\"Zwei Bolliger Nachwuchs-Leichtathlet:innen an den Einzel-Nachwuchs-Schweizermeisterschaften - Turnverein Bolligen\",\"isPartOf\":{\"@id\":\"https:\/\/www.tvbolligen.ch\/site\/#website\"},\"primaryImageOfPage\":{\"@id\":\"https:\/\/www.tvbolligen.ch\/site\/zwei-bolliger-nachwuchs-leichtathletinnen-an-den-einzel-nachwuchs-schweizermeisterschaften\/#primaryimage\"},\"image\":{\"@id\":\"https:\/\/www.tvbolligen.ch\/site\/zwei-bolliger-nachwuchs-leichtathletinnen-an-den-einzel-nachwuchs-schweizermeisterschaften\/#primaryimage\"},\"thumbnailUrl\":\"https:\/\/i0.wp.com\/www.tvbolligen.ch\/site\/wp-content\/uploads\/Valeriie-und-Leon-an-den-Nachwuchs-Schweizermeisterschaften.png?fit=640%2C480&ssl=1\",\"datePublished\":\"2026-09-06T10:23:53+00:00\",\"breadcrumb\":{\"@id\":\"https:\/\/www.tvbolligen.ch\/site\/zwei-bolliger-nachwuchs-leichtathletinnen-an-den-einzel-nachwuchs-schweizermeisterschaften\/#breadcrumb\"},\"inLanguage\":\"de\",\"potentialAction\":[{\"@type\":\"ReadAction\",\"target\":[\"https:\/\/www.tvbolligen.ch\/site\/zwei-bolliger-nachwuchs-leichtathletinnen-an-den-einzel-nachwuchs-schweizermeisterschaften\/\"]}]},{\"@type\":\"ImageObject\",\"inLanguage\":\"de\",\"@id\":\"https:\/\/www.tvbolligen.ch\/site\/zwei-bolliger-nachwuchs-leichtathletinnen-an-den-einzel-nachwuchs-schweizermeisterschaften\/#primaryimage\",\"url\":\"https:\/\/i0.wp.com\/www.tvbolligen.ch\/site\/wp-content\/uploads\/Valeriie-und-Leon-an-den-Nachwuchs-Schweizermeisterschaften.png?fit=640%2C480&ssl=1\",\"contentUrl\":\"https:\/\/i0.wp.com\/www.tvbolligen.ch\/site\/wp-content\/uploads\/Valeriie-und-Leon-an-den-Nachwuchs-Schweizermeisterschaften.png?fit=640%2C480&ssl=1\",\"width\":640,\"height\":480},{\"@type\":\"BreadcrumbList\",\"@id\":\"https:\/\/www.tvbolligen.ch\/site\/zwei-bolliger-nachwuchs-leichtathletinnen-an-den-einzel-nachwuchs-schweizermeisterschaften\/#breadcrumb\",\"itemListElement\":[{\"@type\":\"ListItem\",\"position\":1,\"name\":\"Home\",\"item\":\"https:\/\/www.tvbolligen.ch\/site\/\"},{\"@type\":\"ListItem\",\"position\":2,\"name\":\"Zwei Bolliger Nachwuchs-Leichtathlet:innen an den Einzel-Nachwuchs-Schweizermeisterschaften\"}]},{\"@type\":\"WebSite\",\"@id\":\"https:\/\/www.tvbolligen.ch\/site\/#website\",\"url\":\"https:\/\/www.tvbolligen.ch\/site\/\",\"name\":\"Turnverein Bolligen\",\"description\":\"Sport f\u00fcr Jung und Alt in Bolligen\",\"publisher\":{\"@id\":\"https:\/\/www.tvbolligen.ch\/site\/#organization\"},\"potentialAction\":[{\"@type\":\"SearchAction\",\"target\":{\"@type\":\"EntryPoint\",\"urlTemplate\":\"https:\/\/www.tvbolligen.ch\/site\/?s={search_term_string}\"},\"query-input\":{\"@type\":\"PropertyValueSpecification\",\"valueRequired\":true,\"valueName\":\"search_term_string\"}}],\"inLanguage\":\"de\"},{\"@type\":\"Organization\",\"@id\":\"https:\/\/www.tvbolligen.ch\/site\/#organization\",\"name\":\"Turnverein Bolligen\",\"url\":\"https:\/\/www.tvbolligen.ch\/site\/\",\"logo\":{\"@type\":\"ImageObject\",\"inLanguage\":\"de\",\"@id\":\"https:\/\/www.tvbolligen.ch\/site\/#\/schema\/logo\/image\/\",\"url\":\"https:\/\/i0.wp.com\/www.tvbolligen.ch\/site\/wp-content\/uploads\/2015\/12\/Logo_TV_mittel.png?fit=1000%2C303&ssl=1\",\"contentUrl\":\"https:\/\/i0.wp.com\/www.tvbolligen.ch\/site\/wp-content\/uploads\/2015\/12\/Logo_TV_mittel.png?fit=1000%2C303&ssl=1\",\"width\":1000,\"height\":303,\"caption\":\"Turnverein Bolligen\"},\"image\":{\"@id\":\"https:\/\/www.tvbolligen.ch\/site\/#\/schema\/logo\/image\/\"}},{\"@type\":\"Person\",\"@id\":\"https:\/\/www.tvbolligen.ch\/site\/#\/schema\/person\/cf2ff3d29907f0355f91f6838672eaf4\",\"name\":\"Christoph Stadelmann\",\"image\":{\"@type\":\"ImageObject\",\"inLanguage\":\"de\",\"@id\":\"https:\/\/www.tvbolligen.ch\/site\/#\/schema\/person\/image\/\",\"url\":\"https:\/\/secure.gravatar.com\/avatar\/eb36e22abc5edb516c894c982c651ddde21b1dc17f96bef394f2f54c3f96d06d?s=96&d=mm&r=g\",\"contentUrl\":\"https:\/\/secure.gravatar.com\/avatar\/eb36e22abc5edb516c894c982c651ddde21b1dc17f96bef394f2f54c3f96d06d?s=96&d=mm&r=g\",\"caption\":\"Christoph Stadelmann\"},\"url\":\"https:\/\/www.tvbolligen.ch\/site\/author\/stadli\/\"}]}<\/script>\n<!-- \/ Yoast SEO plugin. -->","yoast_head_json":{"title":"Zwei Bolliger Nachwuchs-Leichtathlet:innen an den Einzel-Nachwuchs-Schweizermeisterschaften - Turnverein Bolligen","robots":{"index":"index","follow":"follow","max-snippet":"max-snippet:-1","max-image-preview":"max-image-preview:large","max-video-preview":"max-video-preview:-1"},"canonical":"https:\/\/www.tvbolligen.ch\/site\/zwei-bolliger-nachwuchs-leichtathletinnen-an-den-einzel-nachwuchs-schweizermeisterschaften\/","og_locale":"de_DE","og_type":"article","og_title":"Zwei Bolliger Nachwuchs-Leichtathlet:innen an den Einzel-Nachwuchs-Schweizermeisterschaften - Turnverein Bolligen","og_description":"Auch dieses Jahr konnten sich wieder zwei Bolliger Leichtathlet:innen dank herausragender Leistungen f\u00fcr die Nachwuchs-Einzel-Schweizermeisterschaften qualifizieren. Valerie Kilchenmann (Jg. 2011) schaffte die Qualifikation gleich in zwei Disziplinen, w\u00e4hrend sich auch Leon Sch\u00fctz mit einer starken Leistung das Ticket f\u00fcr die Schweizermeisterschaften sicherte. Valerie Kilchenmann gleich mit zwei Limiten Mit einem Sprung \u00fcber 5,30 m im [&hellip;]","og_url":"https:\/\/www.tvbolligen.ch\/site\/zwei-bolliger-nachwuchs-leichtathletinnen-an-den-einzel-nachwuchs-schweizermeisterschaften\/","og_site_name":"Turnverein Bolligen","article_published_time":"2026-09-06T10:23:53+00:00","og_image":[{"width":640,"height":480,"url":"https:\/\/www.tvbolligen.ch\/site\/wp-content\/uploads\/Valeriie-und-Leon-an-den-Nachwuchs-Schweizermeisterschaften.png","type":"image\/png"}],"author":"Christoph Stadelmann","twitter_card":"summary_large_image","twitter_misc":{"Verfasst von":"Christoph Stadelmann","Gesch\u00e4tzte Lesezeit":"2\u00a0Minuten"},"schema":{"@context":"https:\/\/schema.org","@graph":[{"@type":"Article","@id":"https:\/\/www.tvbolligen.ch\/site\/zwei-bolliger-nachwuchs-leichtathletinnen-an-den-einzel-nachwuchs-schweizermeisterschaften\/#article","isPartOf":{"@id":"https:\/\/www.tvbolligen.ch\/site\/zwei-bolliger-nachwuchs-leichtathletinnen-an-den-einzel-nachwuchs-schweizermeisterschaften\/"},"author":{"name":"Christoph Stadelmann","@id":"https:\/\/www.tvbolligen.ch\/site\/#\/schema\/person\/cf2ff3d29907f0355f91f6838672eaf4"},"headline":"Zwei Bolliger Nachwuchs-Leichtathlet:innen an den Einzel-Nachwuchs-Schweizermeisterschaften","datePublished":"2026-09-06T10:23:53+00:00","mainEntityOfPage":{"@id":"https:\/\/www.tvbolligen.ch\/site\/zwei-bolliger-nachwuchs-leichtathletinnen-an-den-einzel-nachwuchs-schweizermeisterschaften\/"},"wordCount":298,"publisher":{"@id":"https:\/\/www.tvbolligen.ch\/site\/#organization"},"image":{"@id":"https:\/\/www.tvbolligen.ch\/site\/zwei-bolliger-nachwuchs-leichtathletinnen-an-den-einzel-nachwuchs-schweizermeisterschaften\/#primaryimage"},"thumbnailUrl":"https:\/\/i0.wp.com\/www.tvbolligen.ch\/site\/wp-content\/uploads\/Valeriie-und-Leon-an-den-Nachwuchs-Schweizermeisterschaften.png?fit=640%2C480&ssl=1","articleSection":["Hauptverein"],"inLanguage":"de"},{"@type":"WebPage","@id":"https:\/\/www.tvbolligen.ch\/site\/zwei-bolliger-nachwuchs-leichtathletinnen-an-den-einzel-nachwuchs-schweizermeisterschaften\/","url":"https:\/\/www.tvbolligen.ch\/site\/zwei-bolliger-nachwuchs-leichtathletinnen-an-den-einzel-nachwuchs-schweizermeisterschaften\/","name":"Zwei Bolliger Nachwuchs-Leichtathlet:innen an den Einzel-Nachwuchs-Schweizermeisterschaften - Turnverein Bolligen","isPartOf":{"@id":"https:\/\/www.tvbolligen.ch\/site\/#website"},"primaryImageOfPage":{"@id":"https:\/\/www.tvbolligen.ch\/site\/zwei-bolliger-nachwuchs-leichtathletinnen-an-den-einzel-nachwuchs-schweizermeisterschaften\/#primaryimage"},"image":{"@id":"https:\/\/www.tvbolligen.ch\/site\/zwei-bolliger-nachwuchs-leichtathletinnen-an-den-einzel-nachwuchs-schweizermeisterschaften\/#primaryimage"},"thumbnailUrl":"https:\/\/i0.wp.com\/www.tvbolligen.ch\/site\/wp-content\/uploads\/Valeriie-und-Leon-an-den-Nachwuchs-Schweizermeisterschaften.png?fit=640%2C480&ssl=1","datePublished":"2026-09-06T10:23:53+00:00","breadcrumb":{"@id":"https:\/\/www.tvbolligen.ch\/site\/zwei-bolliger-nachwuchs-leichtathletinnen-an-den-einzel-nachwuchs-schweizermeisterschaften\/#breadcrumb"},"inLanguage":"de","potentialAction":[{"@type":"ReadAction","target":["https:\/\/www.tvbolligen.ch\/site\/zwei-bolliger-nachwuchs-leichtathletinnen-an-den-einzel-nachwuchs-schweizermeisterschaften\/"]}]},{"@type":"ImageObject","inLanguage":"de","@id":"https:\/\/www.tvbolligen.ch\/site\/zwei-bolliger-nachwuchs-leichtathletinnen-an-den-einzel-nachwuchs-schweizermeisterschaften\/#primaryimage","url":"https:\/\/i0.wp.com\/www.tvbolligen.ch\/site\/wp-content\/uploads\/Valeriie-und-Leon-an-den-Nachwuchs-Schweizermeisterschaften.png?fit=640%2C480&ssl=1","contentUrl":"https:\/\/i0.wp.com\/www.tvbolligen.ch\/site\/wp-content\/uploads\/Valeriie-und-Leon-an-den-Nachwuchs-Schweizermeisterschaften.png?fit=640%2C480&ssl=1","width":640,"height":480},{"@type":"BreadcrumbList","@id":"https:\/\/www.tvbolligen.ch\/site\/zwei-bolliger-nachwuchs-leichtathletinnen-an-den-einzel-nachwuchs-schweizermeisterschaften\/#breadcrumb","itemListElement":[{"@type":"ListItem","position":1,"name":"Home","item":"https:\/\/www.tvbolligen.ch\/site\/"},{"@type":"ListItem","position":2,"name":"Zwei Bolliger Nachwuchs-Leichtathlet:innen an den Einzel-Nachwuchs-Schweizermeisterschaften"}]},{"@type":"WebSite","@id":"https:\/\/www.tvbolligen.ch\/site\/#website","url":"https:\/\/www.tvbolligen.ch\/site\/","name":"Turnverein Bolligen","description":"Sport f\u00fcr Jung und Alt in Bolligen","publisher":{"@id":"https:\/\/www.tvbolligen.ch\/site\/#organization"},"potentialAction":[{"@type":"SearchAction","target":{"@type":"EntryPoint","urlTemplate":"https:\/\/www.tvbolligen.ch\/site\/?s={search_term_string}"},"query-input":{"@type":"PropertyValueSpecification","valueRequired":true,"valueName":"search_term_string"}}],"inLanguage":"de"},{"@type":"Organization","@id":"https:\/\/www.tvbolligen.ch\/site\/#organization","name":"Turnverein Bolligen","url":"https:\/\/www.tvbolligen.ch\/site\/","logo":{"@type":"ImageObject","inLanguage":"de","@id":"https:\/\/www.tvbolligen.ch\/site\/#\/schema\/logo\/image\/","url":"https:\/\/i0.wp.com\/www.tvbolligen.ch\/site\/wp-content\/uploads\/2015\/12\/Logo_TV_mittel.png?fit=1000%2C303&ssl=1","contentUrl":"https:\/\/i0.wp.com\/www.tvbolligen.ch\/site\/wp-content\/uploads\/2015\/12\/Logo_TV_mittel.png?fit=1000%2C303&ssl=1","width":1000,"height":303,"caption":"Turnverein Bolligen"},"image":{"@id":"https:\/\/www.tvbolligen.ch\/site\/#\/schema\/logo\/image\/"}},{"@type":"Person","@id":"https:\/\/www.tvbolligen.ch\/site\/#\/schema\/person\/cf2ff3d29907f0355f91f6838672eaf4","name":"Christoph Stadelmann","image":{"@type":"ImageObject","inLanguage":"de","@id":"https:\/\/www.tvbolligen.ch\/site\/#\/schema\/person\/image\/","url":"https:\/\/secure.gravatar.com\/avatar\/eb36e22abc5edb516c894c982c651ddde21b1dc17f96bef394f2f54c3f96d06d?s=96&d=mm&r=g","contentUrl":"https:\/\/secure.gravatar.com\/avatar\/eb36e22abc5edb516c894c982c651ddde21b1dc17f96bef394f2f54c3f96d06d?s=96&d=mm&r=g","caption":"Christoph Stadelmann"},"url":"https:\/\/www.tvbolligen.ch\/site\/author\/stadli\/"}]}},"jetpack_publicize_connections":[],"jetpack_featured_media_url":"https:\/\/i0.wp.com\/www.tvbolligen.ch\/site\/wp-content\/uploads\/Valeriie-und-Leon-an-den-Nachwuchs-Schweizermeisterschaften.png?fit=640%2C480&ssl=1","jetpack_sharing_enabled":true,"jetpack_shortlink":"https:\/\/wp.me\/p751GT-6Jh","_links":{"self":[{"href":"https:\/\/www.tvbolligen.ch\/site\/wp-json\/wp\/v2\/posts\/25871","targetHints":{"allow":["GET"]}}],"collection":[{"href":"https:\/\/www.tvbolligen.ch\/site\/wp-json\/wp\/v2\/posts"}],"about":[{"href":"https:\/\/www.tvbolligen.ch\/site\/wp-json\/wp\/v2\/types\/post"}],"author":[{"embeddable":true,"href":"https:\/\/www.tvbolligen.ch\/site\/wp-json\/wp\/v2\/users\/16"}],"replies":[{"embeddable":true,"href":"https:\/\/www.tvbolligen.ch\/site\/wp-json\/wp\/v2\/comments?post=25871"}],"version-history":[{"count":1,"href":"https:\/\/www.tvbolligen.ch\/site\/wp-json\/wp\/v2\/posts\/25871\/revisions"}],"predecessor-version":[{"id":25872,"href":"https:\/\/www.tvbolligen.ch\/site\/wp-json\/wp\/v2\/posts\/25871\/revisions\/25872"}],"wp:featuredmedia":[{"embeddable":true,"href":"https:\/\/www.tvbolligen.ch\/site\/wp-json\/wp\/v2\/media\/25873"}],"wp:attachment":[{"href":"https:\/\/www.tvbolligen.ch\/site\/wp-json\/wp\/v2\/media?parent=25871"}],"wp:term":[{"taxonomy":"category","embeddable":true,"href":"https:\/\/www.tvbolligen.ch\/site\/wp-json\/wp\/v2\/categories?post=25871"},{"taxonomy":"post_tag","embeddable":true,"href":"https:\/\/www.tvbolligen.ch\/site\/wp-json\/wp\/v2\/tags?post=25871"}],"curies":[{"name":"wp","href":"https:\/\/api.w.org\/{rel}","templated":true}]}}